{"id":274042,"date":"2025-12-02T14:58:04","date_gmt":"2025-12-02T14:58:04","guid":{"rendered":"https:\/\/bdm-stg.mda.pl\/informacje-prasowe\/byla-podna-zdost-o-vydn-rozhodnut-zrid-pro-sek-s10-tetn-kijewo-tetn-zdunowo\/"},"modified":"2026-02-19T15:30:53","modified_gmt":"2026-02-19T15:30:53","slug":"byla-podna-zdost-o-vydn-rozhodnut-zrid-pro-sek-s10-tetn-kijewo-tetn-zdunowo","status":"publish","type":"press","link":"https:\/\/bdm-stg.mda.pl\/cs\/informacje-prasowe\/byla-podna-zdost-o-vydn-rozhodnut-zrid-pro-sek-s10-tetn-kijewo-tetn-zdunowo\/","title":{"rendered":"Byla pod&aacute;na \u017e&aacute;dost o vyd&aacute;n&iacute; rozhodnut&iacute; ZRID pro &uacute;sek S10 &Scaron;t\u011bt&iacute;n Kijewo &ndash; &Scaron;t\u011bt&iacute;n Zdunowo"},"content":{"rendered":"\n<section id=\"block_8bf84ae942c856db670a1a4b527df3cc\" class=\"text-block   -hide-dots section-margin-120\">\n    <div class=\"container\">\n        <div class=\"row\">\n            <div class=\"col-24 col-lg-16\">\n                                    <p class=\"typo-18 under-p-medium color-gray-120 text-block__date\">02.12.2025<\/p>\n                                                    <div class=\"text-block__top-texts under-h2\">\n                        <h2 class=\"text-block__title under-p-big\">Byla pod\u00e1na \u017e\u00e1dost o\u00a0vyd\u00e1n\u00ed rozhodnut\u00ed ZRID pro \u00fasek S10 \u0160t\u011bt\u00edn Kijewo \u2013 \u0160t\u011bt\u00edn Zdunowo<\/h2>\n                                                    <p class=\"typo-18 under-p-medium color-gray-120\">\n                                \n<div class=\"card-share card-share--flex\">\n    <div class=\"card-share__inner\">\n        <p class=\"card-share__title typo-18\">Udost\u0119pnij artyku\u0142<\/p>\n        <div class=\"card-share__links\">\n            <div class=\"card-share__link card-share__link--facebook\">\n                <a href=\"https:\/\/www.facebook.com\/sharer\/sharer.php?u=https:\/\/bdm-stg.mda.pl\/cs\/informacje-prasowe\/byla-podna-zdost-o-vydn-rozhodnut-zrid-pro-sek-s10-tetn-kijewo-tetn-zdunowo\/\" target=\"_blank\">\n                    <span class=\"card-share__linkIcon icon icon-facebook d-flex\"><\/span>\n                <\/a>\n            <\/div>\n            <div class=\"card-share__link card-share__link--linkedin\">\n                <a href=\"https:\/\/www.linkedin.com\/shareArticle?mini=true&#038;url=https:\/\/bdm-stg.mda.pl\/cs\/informacje-prasowe\/byla-podna-zdost-o-vydn-rozhodnut-zrid-pro-sek-s10-tetn-kijewo-tetn-zdunowo\/\" target=\"_blank\" rel=\"nofollow\">\n                    <span class=\"card-share__linkIcon icon icon-linkedin\"><\/span>\n                <\/a>\n            <\/div>\n            <div class=\"card-share__link card-share__link--twitter\">\n                <a href=\"https:\/\/twitter.com\/intent\/tweet?url=https%3A%2F%2Fbdm-stg.mda.pl%2Fcs%2Finformacje-prasowe%2Fbyla-podna-zdost-o-vydn-rozhodnut-zrid-pro-sek-s10-tetn-kijewo-tetn-zdunowo%2F\" target=\"_blank\" rel=\"nofollow\">\n                    <span class=\"card-share__linkIcon icon icon-x\"><\/span>\n                <\/a>\n            <\/div>\n        <\/div>\n    <\/div>\n<\/div>                            <\/p>\n                                            <\/div>\n                                                                                    <div class=\"text-block__text text-editor\"><p><p><strong>Budimex, p\u0159edn\u00ed polsk\u00fd gener\u00e1ln\u00ed dodavatel, realizuje \u0161est \u00fasek\u016f d\u00e1lnice S10, kter\u00e1 je\u00a0ve v\u00fdstavb\u011b. V\u010dera, 27. listopadu tohoto roku, investor podal \u017e\u00e1dost o\u00a0rozhodnut\u00ed o\u00a0povolen\u00ed k\u00a0v\u00fdstavb\u011b \u00faseku mezi k\u0159i\u017eovatkou \u0160t\u011bt\u00edn Kijewo a\u00a0k\u0159i\u017eovatkou \u0160t\u011bt\u00edn Zdunowo, za\u00a0kterou je\u00a0zodpov\u011bdn\u00fd Budimex. Toto je\u00a0prvn\u00ed kl\u00ed\u010dov\u00fd krok ke smlouv\u011b podepsan\u00e9 na\u00a0konci ledna 2025. Po\u00a0obdr\u017een\u00ed rozhodnut\u00ed bude GDDIKA moci p\u0159edat staveni\u0161t\u011b a\u00a0umo\u017enit zah\u00e1jen\u00ed ter\u00e9nn\u00edch prac\u00ed.<\/strong><\/p><p>P\u0159\u00edpravy stavebn\u00edho projektu trvaly 10 m\u011bs\u00edc\u016f a\u00a0byly dokon\u010deny podle pl\u00e1nu. Budimex p\u0159edpokl\u00e1d\u00e1, \u017ee zpracov\u00e1n\u00ed \u017e\u00e1dosti o\u00a0ZRID potrv\u00e1 p\u0159ibli\u017en\u011b sedm m\u011bs\u00edc\u016f a\u00a0samotn\u00e1 realizace stavebn\u00edch prac\u00ed dal\u0161\u00edch 22 m\u011bs\u00edc\u016f. Zimn\u00ed obdob\u00ed od\u00a016. prosince do\u00a015. b\u0159ezna budou z\u00a0implementa\u010dn\u00edho obdob\u00ed vylou\u010dena. Investice by\u00a0m\u011bla b\u00fdt dokon\u010dena v\u00a0\u0159\u00edjnu 2028.<\/p><p><em>&#8220;N\u00e1\u0161 design\u00e9rsk\u00fd t\u00fdm pracoval intenzivn\u011b od\u00a0prvn\u00edho dne smlouvy na\u00a0p\u0159\u00edprav\u011b stavebn\u00edho projektu v\u00a0stanoven\u00e9m term\u00ednu. Jsme p\u0159ipraveni zah\u00e1jit pr\u00e1ci v\u00a0ter\u00e9nu a\u00a0realizovat investici s\u00a0nejvy\u0161\u0161\u00edmi standardy kvality a\u00a0bezpe\u010dnosti po\u00a0z\u00edsk\u00e1n\u00ed rozhodnut\u00ed,&#8221; <\/em><strong>\u0159\u00edk\u00e1 Rados\u0142aw Kozi\u0144ski, mana\u017eer smluv ve spole\u010dnosti Budimex SA.<\/strong><\/p><p><strong>4,4 km nov\u00e9 trasy <\/strong><\/p><p>Smlouva v\u00a0hodnot\u011b 204 milion\u016f PLN zahrnuje v\u00fdstavbu 4,4 kilometrov\u00e9ho \u00faseku d\u00e1lnice S10, kter\u00fd vede na\u00a0severn\u00ed stran\u011b s\u00eddli\u0161t\u011b P\u0142onia ve \u0160t\u011bt\u00edn\u011b. Nov\u00e1 trasa za\u010dne na\u00a0k\u0159i\u017eovatce \u0160t\u011bt\u00edn Kijewo, kter\u00e1 spojuje d\u00e1lnici S10 s\u00a0d\u00e1lnic\u00ed A6, a\u00a0skon\u010d\u00ed na\u00a0k\u0159i\u017eovatce se\u00a0st\u00e1vaj\u00edc\u00ed \u010d\u00e1st\u00ed S10 za\u00a0spr\u00e1vn\u00edmi hranicemi \u0160t\u011bt\u00edna. V\u00fdstavba tohoto \u00faseku umo\u017en\u00ed odklonit tranzitn\u00ed dopravu mimo zastav\u011bn\u00e9 oblasti, \u010d\u00edm\u017e se\u00a0zlep\u0161\u00ed plynulost komunikace a\u00a0bezpe\u010dnost cestov\u00e1n\u00ed.<\/p><p>V r\u00e1mci projektu je\u00a0pl\u00e1nov\u00e1na v\u00fdstavba k\u0159i\u017eovatek \u0160t\u011bt\u00edn P\u0142onia a\u00a0\u0160t\u011bt\u00edn Zdunowo. Budou tak\u00e9 postavena in\u017een\u00fdrsk\u00e1 za\u0159\u00edzen\u00ed, v\u010detn\u011b mostu p\u0159es \u0159eku P\u0142onia s\u00a0doln\u00ed chodbou pro zv\u00ed\u0159ata, dvou horn\u00edch p\u0159echod\u016f pro zv\u00ed\u0159ata, dvou silni\u010dn\u00edch viadukt\u016f a\u00a0za\u0159\u00edzen\u00ed pro p\u011b\u0161\u00ed a\u00a0cyklistickou dopravu pod\u00a0trasou.<\/p><p><strong>V\u00fdznam S10 pro regiony a\u00a0n\u00e1rodn\u00ed dopravn\u00ed s\u00ed\u0165<\/strong><\/p><p>D\u00e1lnice S10 bude jedn\u00edm z\u00a0kl\u00ed\u010dov\u00fdch dopravn\u00edch spojen\u00ed v\u00a0Polsku. Nakonec spoj\u00ed \u0160t\u011bt\u00edn s\u00a0aglomerac\u00ed Var\u0161avy, projdou Pi\u0142a, Bydho\u0161\u0165 a\u00a0Toru\u0148. Cel\u00e1 trasa, dlouh\u00e1 p\u0159ibli\u017en\u011b 410 km, byla zahrnuta do\u00a0vl\u00e1dn\u00edho programu v\u00fdstavby n\u00e1rodn\u00edch silnic do\u00a0roku 2030. Investice vytvo\u0159\u00ed alternativn\u00ed dopravn\u00ed koridor severn\u011b od\u00a0d\u00e1lnice A2 a\u00a0pos\u00edl\u00ed komunikaci mezi Z\u00e1padn\u00edm Pomo\u0159anskem, severn\u00edm Velkopolsk\u00fdm, Kujawy a\u00a0Mazovskem.<\/p><p>Budimex rozv\u00edj\u00ed polskou infrastrukturu ji\u017e v\u00edce ne\u017e 50 let a\u00a0je\u00a0nejv\u011bt\u0161\u00edm silni\u010dn\u00edm dodavatelem v\u00a0zemi. Statisticky je\u00a0zodpov\u011bdn\u00e1 za\u00a0ka\u017ed\u00fd \u010dtvrt\u00fd kilometr nov\u011b vybudovan\u00fdch d\u00e1lnic v\u00a0Polsku. Na\u00a0trase S10 realizuje celkem \u0161est \u00fasek\u016f mezi \u0160t\u011bt\u00ednem a\u00a0Pi\u0142ou, co\u017e z\u00a0n\u00ed \u010din\u00ed hlavn\u00edho dodavatele t\u00e9to \u010d\u00e1sti investice.<\/p><p>&nbsp;<\/p><p>&nbsp;<\/p><\/p><\/div>\n                            <\/div>\n                                                                                                                                <\/div>\n    <\/div>\n<\/section> \n    <section id=\"block_6398e5aa5e89b78fe506a2978cab1a61\" class=\"gallery-section section-margin-120\" data-per-page=\"8\" data-per-row=\"4\" data-type=\"zdjecia\">\n        <div class=\"container\">\n            <div class=\"row\">\n                                    <div class=\"col-24\">\n                        <h2 class=\"gallery-section__title under-h2\">Galerie<\/h2>\n                    <\/div>\n                            <\/div>\n            <div class=\"row\">\n                <div class=\"col-24\">\n                                                                        <div class=\"gallery-section__grid gallery-section__grid--4\">\n                                \n                        <div class=\"gallery-section__image gallery-section__image--single\">\n                <a href=\"https:\/\/bdm-stg.mda.pl\/app\/uploads\/2026\/02\/budowa_drogi_budimex-32.jpg\">\n                                        <img loading=\"lazy\" decoding=\"async\" width=\"1200\" height=\"741\" src=\"https:\/\/bdm-stg.mda.pl\/app\/uploads\/2026\/02\/budowa_drogi_budimex-32.jpg\" class=\"attachment-full size-full\" alt=\"\" \/>                                    <\/a>\n                            <\/div>\n            \n                            <\/div>\n                                                                                        <\/div>\n            <\/div>\n        <\/div>\n    <\/section>\n ","protected":false},"excerpt":{"rendered":"","protected":false},"featured_media":0,"parent":0,"template":"","press_type":[],"acf":[],"yoast_head":"<!-- This site is optimized with the Yoast SEO plugin v22.5 - https:\/\/yoast.com\/wordpress\/plugins\/seo\/ -->\n<title>Byla pod&aacute;na \u017e&aacute;dost o vyd&aacute;n&iacute; rozhodnut&iacute; ZRID pro &uacute;sek S10 &Scaron;t\u011bt&iacute;n Kijewo &ndash; &Scaron;t\u011bt&iacute;n Zdunowo - Budimex<\/title>\n<meta name=\"robots\" content=\"noindex, follow, max-snippet:-1, max-image-preview:large, max-video-preview:-1\" \/>\n<meta property=\"og:locale\" content=\"cs_CZ\" \/>\n<meta property=\"og:type\" content=\"article\" \/>\n<meta property=\"og:title\" content=\"Byla pod&aacute;na \u017e&aacute;dost o vyd&aacute;n&iacute; rozhodnut&iacute; ZRID pro &uacute;sek S10 &Scaron;t\u011bt&iacute;n Kijewo &ndash; &Scaron;t\u011bt&iacute;n Zdunowo - Budimex\" \/>\n<meta property=\"og:url\" content=\"https:\/\/bdm-stg.mda.pl\/cs\/informacje-prasowe\/byla-podna-zdost-o-vydn-rozhodnut-zrid-pro-sek-s10-tetn-kijewo-tetn-zdunowo\/\" \/>\n<meta property=\"og:site_name\" content=\"Budimex\" \/>\n<meta property=\"article:modified_time\" content=\"2026-02-19T15:30:53+00:00\" \/>\n<meta name=\"twitter:card\" content=\"summary_large_image\" \/>\n<script type=\"application\/ld+json\" class=\"yoast-schema-graph\">{\"@context\":\"https:\/\/schema.org\",\"@graph\":[{\"@type\":\"WebPage\",\"@id\":\"https:\/\/bdm-stg.mda.pl\/cs\/informacje-prasowe\/byla-podna-zdost-o-vydn-rozhodnut-zrid-pro-sek-s10-tetn-kijewo-tetn-zdunowo\/\",\"url\":\"https:\/\/bdm-stg.mda.pl\/cs\/informacje-prasowe\/byla-podna-zdost-o-vydn-rozhodnut-zrid-pro-sek-s10-tetn-kijewo-tetn-zdunowo\/\",\"name\":\"Byla pod&aacute;na \u017e&aacute;dost o vyd&aacute;n&iacute; rozhodnut&iacute; ZRID pro &uacute;sek S10 &Scaron;t\u011bt&iacute;n Kijewo &ndash; &Scaron;t\u011bt&iacute;n Zdunowo - Budimex\",\"isPartOf\":{\"@id\":\"https:\/\/bdm-stg.mda.pl\/cs\/#website\"},\"datePublished\":\"2025-12-02T14:58:04+00:00\",\"dateModified\":\"2026-02-19T15:30:53+00:00\",\"breadcrumb\":{\"@id\":\"https:\/\/bdm-stg.mda.pl\/cs\/informacje-prasowe\/byla-podna-zdost-o-vydn-rozhodnut-zrid-pro-sek-s10-tetn-kijewo-tetn-zdunowo\/#breadcrumb\"},\"inLanguage\":\"cs-CZ\",\"potentialAction\":[{\"@type\":\"ReadAction\",\"target\":[\"https:\/\/bdm-stg.mda.pl\/cs\/informacje-prasowe\/byla-podna-zdost-o-vydn-rozhodnut-zrid-pro-sek-s10-tetn-kijewo-tetn-zdunowo\/\"]}]},{\"@type\":\"BreadcrumbList\",\"@id\":\"https:\/\/bdm-stg.mda.pl\/cs\/informacje-prasowe\/byla-podna-zdost-o-vydn-rozhodnut-zrid-pro-sek-s10-tetn-kijewo-tetn-zdunowo\/#breadcrumb\",\"itemListElement\":[{\"@type\":\"ListItem\",\"position\":1,\"name\":\"Strona g\u0142\u00f3wna\",\"item\":\"https:\/\/bdm-stg.mda.pl\/cs\/\"},{\"@type\":\"ListItem\",\"position\":2,\"name\":\"Byla pod&aacute;na \u017e&aacute;dost o vyd&aacute;n&iacute; rozhodnut&iacute; ZRID pro &uacute;sek S10 &Scaron;t\u011bt&iacute;n Kijewo &ndash; &Scaron;t\u011bt&iacute;n Zdunowo\"}]},{\"@type\":\"WebSite\",\"@id\":\"https:\/\/bdm-stg.mda.pl\/cs\/#website\",\"url\":\"https:\/\/bdm-stg.mda.pl\/cs\/\",\"name\":\"Budimex\",\"description\":\"\",\"potentialAction\":[{\"@type\":\"SearchAction\",\"target\":{\"@type\":\"EntryPoint\",\"urlTemplate\":\"https:\/\/bdm-stg.mda.pl\/cs\/?s={search_term_string}\"},\"query-input\":\"required name=search_term_string\"}],\"inLanguage\":\"cs-CZ\"}]}<\/script>\n<!-- \/ Yoast SEO plugin. -->","yoast_head_json":{"title":"Byla pod&aacute;na \u017e&aacute;dost o vyd&aacute;n&iacute; rozhodnut&iacute; ZRID pro &uacute;sek S10 &Scaron;t\u011bt&iacute;n Kijewo &ndash; &Scaron;t\u011bt&iacute;n Zdunowo - Budimex","robots":{"index":"noindex","follow":"follow","max-snippet":"max-snippet:-1","max-image-preview":"max-image-preview:large","max-video-preview":"max-video-preview:-1"},"og_locale":"cs_CZ","og_type":"article","og_title":"Byla pod&aacute;na \u017e&aacute;dost o vyd&aacute;n&iacute; rozhodnut&iacute; ZRID pro &uacute;sek S10 &Scaron;t\u011bt&iacute;n Kijewo &ndash; &Scaron;t\u011bt&iacute;n Zdunowo - Budimex","og_url":"https:\/\/bdm-stg.mda.pl\/cs\/informacje-prasowe\/byla-podna-zdost-o-vydn-rozhodnut-zrid-pro-sek-s10-tetn-kijewo-tetn-zdunowo\/","og_site_name":"Budimex","article_modified_time":"2026-02-19T15:30:53+00:00","twitter_card":"summary_large_image","schema":{"@context":"https:\/\/schema.org","@graph":[{"@type":"WebPage","@id":"https:\/\/bdm-stg.mda.pl\/cs\/informacje-prasowe\/byla-podna-zdost-o-vydn-rozhodnut-zrid-pro-sek-s10-tetn-kijewo-tetn-zdunowo\/","url":"https:\/\/bdm-stg.mda.pl\/cs\/informacje-prasowe\/byla-podna-zdost-o-vydn-rozhodnut-zrid-pro-sek-s10-tetn-kijewo-tetn-zdunowo\/","name":"Byla pod&aacute;na \u017e&aacute;dost o vyd&aacute;n&iacute; rozhodnut&iacute; ZRID pro &uacute;sek S10 &Scaron;t\u011bt&iacute;n Kijewo &ndash; &Scaron;t\u011bt&iacute;n Zdunowo - Budimex","isPartOf":{"@id":"https:\/\/bdm-stg.mda.pl\/cs\/#website"},"datePublished":"2025-12-02T14:58:04+00:00","dateModified":"2026-02-19T15:30:53+00:00","breadcrumb":{"@id":"https:\/\/bdm-stg.mda.pl\/cs\/informacje-prasowe\/byla-podna-zdost-o-vydn-rozhodnut-zrid-pro-sek-s10-tetn-kijewo-tetn-zdunowo\/#breadcrumb"},"inLanguage":"cs-CZ","potentialAction":[{"@type":"ReadAction","target":["https:\/\/bdm-stg.mda.pl\/cs\/informacje-prasowe\/byla-podna-zdost-o-vydn-rozhodnut-zrid-pro-sek-s10-tetn-kijewo-tetn-zdunowo\/"]}]},{"@type":"BreadcrumbList","@id":"https:\/\/bdm-stg.mda.pl\/cs\/informacje-prasowe\/byla-podna-zdost-o-vydn-rozhodnut-zrid-pro-sek-s10-tetn-kijewo-tetn-zdunowo\/#breadcrumb","itemListElement":[{"@type":"ListItem","position":1,"name":"Strona g\u0142\u00f3wna","item":"https:\/\/bdm-stg.mda.pl\/cs\/"},{"@type":"ListItem","position":2,"name":"Byla pod&aacute;na \u017e&aacute;dost o vyd&aacute;n&iacute; rozhodnut&iacute; ZRID pro &uacute;sek S10 &Scaron;t\u011bt&iacute;n Kijewo &ndash; &Scaron;t\u011bt&iacute;n Zdunowo"}]},{"@type":"WebSite","@id":"https:\/\/bdm-stg.mda.pl\/cs\/#website","url":"https:\/\/bdm-stg.mda.pl\/cs\/","name":"Budimex","description":"","potentialAction":[{"@type":"SearchAction","target":{"@type":"EntryPoint","urlTemplate":"https:\/\/bdm-stg.mda.pl\/cs\/?s={search_term_string}"},"query-input":"required name=search_term_string"}],"inLanguage":"cs-CZ"}]}},"_links":{"self":[{"href":"https:\/\/bdm-stg.mda.pl\/cs\/wp-json\/wp\/v2\/press\/274042"}],"collection":[{"href":"https:\/\/bdm-stg.mda.pl\/cs\/wp-json\/wp\/v2\/press"}],"about":[{"href":"https:\/\/bdm-stg.mda.pl\/cs\/wp-json\/wp\/v2\/types\/press"}],"version-history":[{"count":3,"href":"https:\/\/bdm-stg.mda.pl\/cs\/wp-json\/wp\/v2\/press\/274042\/revisions"}],"predecessor-version":[{"id":310524,"href":"https:\/\/bdm-stg.mda.pl\/cs\/wp-json\/wp\/v2\/press\/274042\/revisions\/310524"}],"wp:attachment":[{"href":"https:\/\/bdm-stg.mda.pl\/cs\/wp-json\/wp\/v2\/media?parent=274042"}],"wp:term":[{"taxonomy":"press_type","embeddable":true,"href":"https:\/\/bdm-stg.mda.pl\/cs\/wp-json\/wp\/v2\/press_type?post=274042"}],"curies":[{"name":"wp","href":"https:\/\/api.w.org\/{rel}","templated":true}]}}