{"id":310636,"date":"2026-02-24T14:07:00","date_gmt":"2026-02-24T14:07:00","guid":{"rendered":"https:\/\/bdm-stg.mda.pl\/informacje-prasowe\/rozhodnut-budimex-se-zrid-pro-sek-5-dlnice-s10\/"},"modified":"2026-02-25T14:41:36","modified_gmt":"2026-02-25T14:41:36","slug":"rozhodnut-budimex-se-zrid-pro-sek-5-dlnice-s10","status":"publish","type":"press","link":"https:\/\/bdm-stg.mda.pl\/cs\/informacje-prasowe\/rozhodnut-budimex-se-zrid-pro-sek-5-dlnice-s10\/","title":{"rendered":"Rozhodnut&iacute; Budimex se ZRID pro &uacute;sek 5 d&aacute;lnice S10"},"content":{"rendered":"\n<section id=\"block_377b6193f2491b8f8c76219da7dca019\" class=\"text-block   -hide-dots section-margin-120\">\n    <div class=\"container\">\n        <div class=\"row\">\n            <div class=\"col-24 col-lg-16\">\n                                    <p class=\"typo-18 under-p-medium color-gray-120 text-block__date\">24.02.2026<\/p>\n                                                    <div class=\"text-block__top-texts under-h2\">\n                        <h2 class=\"text-block__title under-p-big\">Rozhodnut\u00ed Budimex se\u00a0ZRID pro \u00fasek 5 d\u00e1lnice S10<\/h2>\n                                                    <p class=\"typo-18 under-p-medium color-gray-120\">\n                                \n<div class=\"card-share card-share--flex\">\n    <div class=\"card-share__inner\">\n        <p class=\"card-share__title typo-18\">Udost\u0119pnij artyku\u0142<\/p>\n        <div class=\"card-share__links\">\n            <div class=\"card-share__link card-share__link--facebook\">\n                <a href=\"https:\/\/www.facebook.com\/sharer\/sharer.php?u=https:\/\/bdm-stg.mda.pl\/cs\/informacje-prasowe\/rozhodnut-budimex-se-zrid-pro-sek-5-dlnice-s10\/\" target=\"_blank\">\n                    <span class=\"card-share__linkIcon icon icon-facebook d-flex\"><\/span>\n                <\/a>\n            <\/div>\n            <div class=\"card-share__link card-share__link--linkedin\">\n                <a href=\"https:\/\/www.linkedin.com\/shareArticle?mini=true&#038;url=https:\/\/bdm-stg.mda.pl\/cs\/informacje-prasowe\/rozhodnut-budimex-se-zrid-pro-sek-5-dlnice-s10\/\" target=\"_blank\" rel=\"nofollow\">\n                    <span class=\"card-share__linkIcon icon icon-linkedin\"><\/span>\n                <\/a>\n            <\/div>\n            <div class=\"card-share__link card-share__link--twitter\">\n                <a href=\"https:\/\/twitter.com\/intent\/tweet?url=https%3A%2F%2Fbdm-stg.mda.pl%2Fcs%2Finformacje-prasowe%2Frozhodnut-budimex-se-zrid-pro-sek-5-dlnice-s10%2F\" target=\"_blank\" rel=\"nofollow\">\n                    <span class=\"card-share__linkIcon icon icon-x\"><\/span>\n                <\/a>\n            <\/div>\n        <\/div>\n    <\/div>\n<\/div>                            <\/p>\n                                            <\/div>\n                                                                                    <div class=\"text-block__text text-editor\"><p><p><strong>Pr\u00e1ce na\u00a0dal\u0161\u00edm \u00faseku d\u00e1lnice S10, kter\u00fd je\u00a0pro Z\u00e1padn\u00ed Pomo\u0159ansko kl\u00ed\u010dov\u00fd, za\u010d\u00ednaj\u00ed pr\u00e1ce. Budimex z\u00edskal rozhodnut\u00ed ZRID pro \u00fasek \u010d. 5 trasy S10 mezi \u0160t\u011bt\u00ednem a\u00a0Pil\u00e1. Jedn\u00e1 se\u00a0o\u00a0\u010dtvrt\u00e9 stavebn\u00ed povolen\u00ed pro tuto trasu a\u00a0t\u0159et\u00ed pro \u00faseky realizovan\u00e9 Budimexem. Spole\u010dnost tak\u00a0ji\u017e m\u00e1 povolen\u00ed pro polovinu ze\u00a0\u0161esti \u00fasek\u016f S10, kter\u00e9 stav\u00ed.<\/strong><\/p><p>P\u00e1t\u00fd \u00fasek S10, dlouh\u00fd 16,60 km, spoj\u00ed m\u011bsto Cybowo s\u00a0\u0141owicz Wa\u0142ecki. Trasa povede oblastmi okres\u016f Drawsko a\u00a0Wa\u0142ecki \u2013 p\u0159es obce Kalisz Pomorski a\u00a0Miros\u0142awiec \u2013 a\u00a0bude obchvatem m\u011bsta Kalisz Pomorski v\u00a0nov\u00e9 trase. Hodnota smlouvy \u010din\u00ed 592,9 milionu PLN hrub\u011b. Smlouva byla podeps\u00e1na 20. \u010dervna 2024 a\u00a0doba realizace investic byla stanovena na\u00a039 m\u011bs\u00edc\u016f. Rozhodnut\u00ed ZRID vydan\u00e9 6.02.2026 znamen\u00e1, \u017ee hlavn\u00ed dodavatel m\u016f\u017ee zah\u00e1jit stavebn\u00ed pr\u00e1ce, jejich\u017e dokon\u010den\u00ed je\u00a0pl\u00e1nov\u00e1no na\u00a0\u010derven 2028.<\/p><p>Rozsah realizace zahrnuje m.in v\u00fdstavbu silni\u010dn\u00edch k\u0159i\u017eovatek Cybowo a\u00a0Kalisz Pomorski, v\u00fdstavbu 15 in\u017een\u00fdrsk\u00fdch staveb \u2013 v\u010detn\u011b silni\u010dn\u00edch viadukt\u016f a\u00a0horn\u00edch a\u00a0doln\u00edch p\u0159echod\u016f pro zv\u00ed\u0159ata \u2013 stejn\u011b jako t\u0159i mosty integrovan\u00e9 s\u00a0p\u0159echody pro zv\u00ed\u0159ata a\u00a024 propustk\u016f pro oboj\u017eiveln\u00edky a\u00a0mal\u00e1 zv\u00ed\u0159ata. Investice zahrnuje tak\u00e9 v\u00fdstavbu dvojice Cybowo Passenger Service Points (MOP) s\u00a0budovami a\u00a0rekrea\u010dn\u00ed infrastrukturou, okruhu \u00fadr\u017eby silnic s\u00a0technick\u00fdm za\u0159\u00edzen\u00edm a\u00a0skladem soli, rekonstrukci okresn\u00edch a\u00a0m\u011bstsk\u00fdch silnic, v\u00fdstavbu dal\u0161\u00edch vozovek v\u00a0r\u00e1mci silni\u010dn\u00edho pruhu a\u00a0komplexn\u00ed odvodn\u011bn\u00ed trasy.<\/p><p>Budimex stav\u00ed celkem \u0161est z\u00a0osmi \u00fasek\u016f d\u00e1lnice S10 mezi \u0160t\u011bt\u00ednem a\u00a0Pil\u00e1, co\u017e z\u00a0firmy \u010din\u00ed hlavn\u00edho dodavatele t\u00e9to \u010d\u00e1sti investice. Dokon\u010den\u00ed cel\u00e9 trasy na\u00a0\u00faseku \u0160t\u011bt\u00edn \u2013 Wa\u0142cz je\u00a0pl\u00e1nov\u00e1no do\u00a0konce roku 2028.<\/p><p><strong>&nbsp;<\/strong>&#8221; <em>Realizac\u00ed \u0161esti z\u00a0osmi \u00fasek\u016f S10 mezi \u0160t\u011bt\u00ednem a\u00a0Pi\u0142ou jsme zodpov\u011bdn\u00ed za\u00a0hlavn\u00ed \u010d\u00e1st t\u00e9to trasy v\u00a0regionu. Z\u00edsk\u00e1n\u00ed t\u0159et\u00edho rozhodnut\u00ed ZRID pro na\u0161e \u00faseky znamen\u00e1, \u017ee polovina \u00fasek\u016f, na\u00a0kter\u00fdch aktu\u00e1ln\u011b pracujeme, ji\u017e vstupuje do\u00a0stavebn\u00ed f\u00e1ze, co\u017e n\u00e1s p\u0159ibli\u017euje dokon\u010den\u00ed cel\u00e9 trati do\u00a0roku 2028<\/em> ,&#8221; <strong>\u0159\u00edk\u00e1 Robert Jastrz\u0119bski, \u0159editel smluv ve spole\u010dnosti Budimex SA.<\/strong><\/p><p>Budimex p\u016fsob\u00ed t\u00e9m\u011b\u0159 60 let jako p\u0159edn\u00ed polsk\u00fd gener\u00e1ln\u00ed dodavatel kl\u00ed\u010dov\u00fdch infrastrukturn\u00edch investic. Spole\u010dnost m\u00e1 technick\u00e9 z\u00e1zem\u00ed v\u00a0zemi, zam\u011bstn\u00e1v\u00e1 p\u0159es 7 tis\u00edc zam\u011bstnanc\u016f a\u00a0pravideln\u011b investuje do\u00a0v\u00fdvoje nov\u00fdch technologi\u00ed <br>a kompetence sv\u00fdch zam\u011bstnanc\u016f. Je\u00a0tak\u00e9 jedn\u00edm z\u00a0nejv\u011bt\u0161\u00edch pl\u00e1tc\u016f CIT ve stavebnictv\u00ed. Za\u00a0posledn\u00edch deset let p\u0159evedl do\u00a0st\u00e1tn\u00edho rozpo\u010dtu p\u0159es 1,5 miliardy PLN na\u00a0tento \u00fa\u010det. Realizace strategick\u00fdch projekt\u016f, jako je\u00a0d\u00e1lnice S10, nen\u00ed jen o\u00a0rozvoji infrastruktury, ale\u00a0tak\u00e9 o\u00a0skute\u010dn\u00e9m p\u0159\u00ednosu polsk\u00e9 ekonomice a\u00a0stabiln\u00edm ve\u0159ejn\u00fdm financ\u00edm.<\/p><\/p><\/div>\n                            <\/div>\n                                                                                                                                <\/div>\n    <\/div>\n<\/section> \n    <section id=\"block_204cede537370612191c163f00decd82\" class=\"gallery-section section-margin-120\" data-per-page=\"8\" data-per-row=\"4\" data-type=\"zdjecia\">\n        <div class=\"container\">\n            <div class=\"row\">\n                                    <div class=\"col-24\">\n                        <h2 class=\"gallery-section__title under-h2\">Galerie<\/h2>\n                    <\/div>\n                            <\/div>\n            <div class=\"row\">\n                <div class=\"col-24\">\n                                                                        <div class=\"gallery-section__grid gallery-section__grid--4\">\n                                \n                        <div class=\"gallery-section__image gallery-section__image--single\">\n                <a href=\"https:\/\/bdm-stg.mda.pl\/app\/uploads\/2026\/02\/inwestycje_drogowe_1_30_scaled-32.jpg\">\n                                        <img loading=\"lazy\" decoding=\"async\" width=\"2560\" height=\"1917\" src=\"https:\/\/bdm-stg.mda.pl\/app\/uploads\/2026\/02\/inwestycje_drogowe_1_30_scaled-32.jpg\" class=\"attachment-full size-full\" alt=\"\" \/>                                    <\/a>\n                            <\/div>\n            \n                            <\/div>\n                                                                                        <\/div>\n            <\/div>\n        <\/div>\n    <\/section>\n ","protected":false},"excerpt":{"rendered":"","protected":false},"featured_media":0,"parent":0,"template":"","press_type":[],"acf":[],"yoast_head":"<!-- This site is optimized with the Yoast SEO plugin v22.5 - https:\/\/yoast.com\/wordpress\/plugins\/seo\/ -->\n<title>Rozhodnut&iacute; Budimex se ZRID pro &uacute;sek 5 d&aacute;lnice S10 - Budimex<\/title>\n<meta name=\"robots\" content=\"noindex, follow, max-snippet:-1, max-image-preview:large, max-video-preview:-1\" \/>\n<meta property=\"og:locale\" content=\"cs_CZ\" \/>\n<meta property=\"og:type\" content=\"article\" \/>\n<meta property=\"og:title\" content=\"Rozhodnut&iacute; Budimex se ZRID pro &uacute;sek 5 d&aacute;lnice S10 - Budimex\" \/>\n<meta property=\"og:url\" content=\"https:\/\/bdm-stg.mda.pl\/cs\/informacje-prasowe\/rozhodnut-budimex-se-zrid-pro-sek-5-dlnice-s10\/\" \/>\n<meta property=\"og:site_name\" content=\"Budimex\" \/>\n<meta property=\"article:modified_time\" content=\"2026-02-25T14:41:36+00:00\" \/>\n<meta name=\"twitter:card\" content=\"summary_large_image\" \/>\n<script type=\"application\/ld+json\" class=\"yoast-schema-graph\">{\"@context\":\"https:\/\/schema.org\",\"@graph\":[{\"@type\":\"WebPage\",\"@id\":\"https:\/\/bdm-stg.mda.pl\/cs\/informacje-prasowe\/rozhodnut-budimex-se-zrid-pro-sek-5-dlnice-s10\/\",\"url\":\"https:\/\/bdm-stg.mda.pl\/cs\/informacje-prasowe\/rozhodnut-budimex-se-zrid-pro-sek-5-dlnice-s10\/\",\"name\":\"Rozhodnut&iacute; Budimex se ZRID pro &uacute;sek 5 d&aacute;lnice S10 - Budimex\",\"isPartOf\":{\"@id\":\"https:\/\/bdm-stg.mda.pl\/cs\/#website\"},\"datePublished\":\"2026-02-24T14:07:00+00:00\",\"dateModified\":\"2026-02-25T14:41:36+00:00\",\"breadcrumb\":{\"@id\":\"https:\/\/bdm-stg.mda.pl\/cs\/informacje-prasowe\/rozhodnut-budimex-se-zrid-pro-sek-5-dlnice-s10\/#breadcrumb\"},\"inLanguage\":\"cs-CZ\",\"potentialAction\":[{\"@type\":\"ReadAction\",\"target\":[\"https:\/\/bdm-stg.mda.pl\/cs\/informacje-prasowe\/rozhodnut-budimex-se-zrid-pro-sek-5-dlnice-s10\/\"]}]},{\"@type\":\"BreadcrumbList\",\"@id\":\"https:\/\/bdm-stg.mda.pl\/cs\/informacje-prasowe\/rozhodnut-budimex-se-zrid-pro-sek-5-dlnice-s10\/#breadcrumb\",\"itemListElement\":[{\"@type\":\"ListItem\",\"position\":1,\"name\":\"Strona g\u0142\u00f3wna\",\"item\":\"https:\/\/bdm-stg.mda.pl\/cs\/\"},{\"@type\":\"ListItem\",\"position\":2,\"name\":\"Rozhodnut&iacute; Budimex se ZRID pro &uacute;sek 5 d&aacute;lnice S10\"}]},{\"@type\":\"WebSite\",\"@id\":\"https:\/\/bdm-stg.mda.pl\/cs\/#website\",\"url\":\"https:\/\/bdm-stg.mda.pl\/cs\/\",\"name\":\"Budimex\",\"description\":\"\",\"potentialAction\":[{\"@type\":\"SearchAction\",\"target\":{\"@type\":\"EntryPoint\",\"urlTemplate\":\"https:\/\/bdm-stg.mda.pl\/cs\/?s={search_term_string}\"},\"query-input\":\"required name=search_term_string\"}],\"inLanguage\":\"cs-CZ\"}]}<\/script>\n<!-- \/ Yoast SEO plugin. -->","yoast_head_json":{"title":"Rozhodnut&iacute; Budimex se ZRID pro &uacute;sek 5 d&aacute;lnice S10 - Budimex","robots":{"index":"noindex","follow":"follow","max-snippet":"max-snippet:-1","max-image-preview":"max-image-preview:large","max-video-preview":"max-video-preview:-1"},"og_locale":"cs_CZ","og_type":"article","og_title":"Rozhodnut&iacute; Budimex se ZRID pro &uacute;sek 5 d&aacute;lnice S10 - Budimex","og_url":"https:\/\/bdm-stg.mda.pl\/cs\/informacje-prasowe\/rozhodnut-budimex-se-zrid-pro-sek-5-dlnice-s10\/","og_site_name":"Budimex","article_modified_time":"2026-02-25T14:41:36+00:00","twitter_card":"summary_large_image","schema":{"@context":"https:\/\/schema.org","@graph":[{"@type":"WebPage","@id":"https:\/\/bdm-stg.mda.pl\/cs\/informacje-prasowe\/rozhodnut-budimex-se-zrid-pro-sek-5-dlnice-s10\/","url":"https:\/\/bdm-stg.mda.pl\/cs\/informacje-prasowe\/rozhodnut-budimex-se-zrid-pro-sek-5-dlnice-s10\/","name":"Rozhodnut&iacute; Budimex se ZRID pro &uacute;sek 5 d&aacute;lnice S10 - Budimex","isPartOf":{"@id":"https:\/\/bdm-stg.mda.pl\/cs\/#website"},"datePublished":"2026-02-24T14:07:00+00:00","dateModified":"2026-02-25T14:41:36+00:00","breadcrumb":{"@id":"https:\/\/bdm-stg.mda.pl\/cs\/informacje-prasowe\/rozhodnut-budimex-se-zrid-pro-sek-5-dlnice-s10\/#breadcrumb"},"inLanguage":"cs-CZ","potentialAction":[{"@type":"ReadAction","target":["https:\/\/bdm-stg.mda.pl\/cs\/informacje-prasowe\/rozhodnut-budimex-se-zrid-pro-sek-5-dlnice-s10\/"]}]},{"@type":"BreadcrumbList","@id":"https:\/\/bdm-stg.mda.pl\/cs\/informacje-prasowe\/rozhodnut-budimex-se-zrid-pro-sek-5-dlnice-s10\/#breadcrumb","itemListElement":[{"@type":"ListItem","position":1,"name":"Strona g\u0142\u00f3wna","item":"https:\/\/bdm-stg.mda.pl\/cs\/"},{"@type":"ListItem","position":2,"name":"Rozhodnut&iacute; Budimex se ZRID pro &uacute;sek 5 d&aacute;lnice S10"}]},{"@type":"WebSite","@id":"https:\/\/bdm-stg.mda.pl\/cs\/#website","url":"https:\/\/bdm-stg.mda.pl\/cs\/","name":"Budimex","description":"","potentialAction":[{"@type":"SearchAction","target":{"@type":"EntryPoint","urlTemplate":"https:\/\/bdm-stg.mda.pl\/cs\/?s={search_term_string}"},"query-input":"required name=search_term_string"}],"inLanguage":"cs-CZ"}]}},"_links":{"self":[{"href":"https:\/\/bdm-stg.mda.pl\/cs\/wp-json\/wp\/v2\/press\/310636"}],"collection":[{"href":"https:\/\/bdm-stg.mda.pl\/cs\/wp-json\/wp\/v2\/press"}],"about":[{"href":"https:\/\/bdm-stg.mda.pl\/cs\/wp-json\/wp\/v2\/types\/press"}],"version-history":[{"count":3,"href":"https:\/\/bdm-stg.mda.pl\/cs\/wp-json\/wp\/v2\/press\/310636\/revisions"}],"predecessor-version":[{"id":311291,"href":"https:\/\/bdm-stg.mda.pl\/cs\/wp-json\/wp\/v2\/press\/310636\/revisions\/311291"}],"wp:attachment":[{"href":"https:\/\/bdm-stg.mda.pl\/cs\/wp-json\/wp\/v2\/media?parent=310636"}],"wp:term":[{"taxonomy":"press_type","embeddable":true,"href":"https:\/\/bdm-stg.mda.pl\/cs\/wp-json\/wp\/v2\/press_type?post=310636"}],"curies":[{"name":"wp","href":"https:\/\/api.w.org\/{rel}","templated":true}]}}