{"id":311401,"date":"2026-03-02T09:16:10","date_gmt":"2026-03-02T09:16:10","guid":{"rendered":"https:\/\/bdm-stg.mda.pl\/informacje-prasowe\/budimex-mobility-nov-cenk-a-akce-na-start\/"},"modified":"2026-03-03T11:03:04","modified_gmt":"2026-03-03T11:03:04","slug":"budimex-mobility-nov-cenk-a-akce-na-start","status":"publish","type":"press","link":"https:\/\/bdm-stg.mda.pl\/cs\/informacje-prasowe\/budimex-mobility-nov-cenk-a-akce-na-start\/","title":{"rendered":"Budimex Mobility &ndash; nov&yacute; cen&iacute;k a akce na start"},"content":{"rendered":"\n<section id=\"block_b64afcf35c3bf921253ac3eea84eacf6\" class=\"text-block   -hide-dots section-margin-120\">\n    <div class=\"container\">\n        <div class=\"row\">\n            <div class=\"col-24 col-lg-16\">\n                                    <p class=\"typo-18 under-p-medium color-gray-120 text-block__date\">02.03.2026<\/p>\n                                                    <div class=\"text-block__top-texts under-h2\">\n                        <h2 class=\"text-block__title under-p-big\">Budimex Mobility \u2013 nov\u00fd cen\u00edk a\u00a0akce na\u00a0start<\/h2>\n                                                    <p class=\"typo-18 under-p-medium color-gray-120\">\n                                \n<div class=\"card-share card-share--flex\">\n    <div class=\"card-share__inner\">\n        <p class=\"card-share__title typo-18\">Udost\u0119pnij artyku\u0142<\/p>\n        <div class=\"card-share__links\">\n            <div class=\"card-share__link card-share__link--facebook\">\n                <a href=\"https:\/\/www.facebook.com\/sharer\/sharer.php?u=https:\/\/bdm-stg.mda.pl\/cs\/informacje-prasowe\/budimex-mobility-nov-cenk-a-akce-na-start\/\" target=\"_blank\">\n                    <span class=\"card-share__linkIcon icon icon-facebook d-flex\"><\/span>\n                <\/a>\n            <\/div>\n            <div class=\"card-share__link card-share__link--linkedin\">\n                <a href=\"https:\/\/www.linkedin.com\/shareArticle?mini=true&#038;url=https:\/\/bdm-stg.mda.pl\/cs\/informacje-prasowe\/budimex-mobility-nov-cenk-a-akce-na-start\/\" target=\"_blank\" rel=\"nofollow\">\n                    <span class=\"card-share__linkIcon icon icon-linkedin\"><\/span>\n                <\/a>\n            <\/div>\n            <div class=\"card-share__link card-share__link--twitter\">\n                <a href=\"https:\/\/twitter.com\/intent\/tweet?url=https%3A%2F%2Fbdm-stg.mda.pl%2Fcs%2Finformacje-prasowe%2Fbudimex-mobility-nov-cenk-a-akce-na-start%2F\" target=\"_blank\" rel=\"nofollow\">\n                    <span class=\"card-share__linkIcon icon icon-x\"><\/span>\n                <\/a>\n            <\/div>\n        <\/div>\n    <\/div>\n<\/div>                            <\/p>\n                                            <\/div>\n                                                                                    <div class=\"text-block__text text-editor\"><p><p><strong>Budimex Mobility aktualizuje cenn\u00edk slu\u017eeb nab\u00edjen\u00ed elektromobil\u016f. Nov\u00e9 sazby vstoup\u00ed v\u00a0platnost od\u00a02. b\u0159ezna 2026 na\u00a0v\u0161ech stanic\u00edch oper\u00e1tora v\u00a0Polsku. Sou\u010dasn\u011b spole\u010dnost zav\u00e1d\u00ed speci\u00e1ln\u00ed nab\u00eddku pro u\u017eivatele nov\u011b otev\u0159en\u00fdch pobo\u010dek, kte\u0159\u00ed budou m\u00edt prosp\u011bch z\u00a0v\u00fdhodn\u00fdch cenov\u00fdch podm\u00ednek b\u011bhem prvn\u00edho t\u00fddne po\u00a0spu\u0161t\u011bn\u00ed stanice.<\/strong><\/p><p>Nov\u00e9 sazby se\u00a0vztahuj\u00ed na\u00a0v\u0161echny ve\u0159ejn\u011b p\u0159\u00edstupn\u00e9 stanice Budimex Mobility a\u00a0vstoup\u00ed v\u00a0platnost v\u00a0pond\u011bl\u00ed 2. b\u0159ezna 2026. Informace o\u00a0aktu\u00e1ln\u00edch otev\u0159en\u00edch a\u00a0stanic\u00edch kryt\u00fdch akcemi najdete zde: <a href=\"https:\/\/budimexmobility.pl\/nowy-cennik-ladowania-budimex-mobility\/\" rel=\"noopener\">https:\/\/budimexmobility.pl\/nowy-cennik-ladowania-budimex-mobility\/<\/a>.<\/p><p>&#8221; <em>Elektromobilita v\u00a0Polsku roste velmi dynamicky, a\u00a0s\u00a0t\u00edm i\u00a0o\u010dek\u00e1v\u00e1n\u00ed ohledn\u011b dostupnosti stanic a\u00a0p\u0159edv\u00eddateln\u00fdch n\u00e1klad\u016f na\u00a0nab\u00edjen\u00ed.&nbsp; Dnes \u0159idi\u010di elektrick\u00fdch aut o\u010dek\u00e1vaj\u00ed nejen rychl\u00e9 nab\u00edjen\u00ed, ale\u00a0tak\u00e9 jednoduch\u00e1 pravidla a\u00a0pohodln\u00e9 platby. Proto od\u00a02. b\u0159ezna 2026 zav\u00e1d\u00edme aktualizovan\u00fd cen\u00edk na\u00a0v\u0161ech stanic\u00edch Budimex Mobility v\u00a0Polsku a\u00a0pro nov\u011b otev\u0159en\u00e9 pobo\u010dky jsme p\u0159ipravili &#8220;Start Promotion&#8221; \u2013 po\u00a0dobu 7 dn\u016f od\u00a0spu\u0161t\u011bn\u00ed stanice bude nab\u00edjen\u00ed dostupn\u00e9 za\u00a0preferen\u010dn\u00edch podm\u00ednek <\/em>,&#8221; \u0159\u00edk\u00e1 Monika Krzemie\u0144, \u010dlenka p\u0159edstavenstva Budimex Mobility SA.<\/p><p>Nov\u00fd cen\u00edk Budimex Mobility<\/p><table style=\"width:643px\" width=\"456\"><tbody><tr><td style=\"width:57.7969px;width:57.7969px\"><p><strong>STANICE<\/strong><\/p><\/td><td style=\"width:57.9375px;width:57.9375px\"><p><strong>V\u00ddKON kW<\/strong><\/p><\/td><td style=\"width:53.7188px;width:53.7188px\"><p><strong>Ceny* <\/strong><\/p><\/td><td style=\"width:309.547px;width:309.547px\"><p><strong>ZA\u010cN\u011aTE PROPAGACI*<\/strong><\/p><\/td><\/tr><tr><td style=\"width:57.7969px;width:57.7969px\"><p><em>AC<\/em><\/p><\/td><td style=\"width:57.9375px;width:57.9375px\"><p><em>22 kWh \/ 44 kW<\/em><\/p><\/td><td style=\"width:53.7188px;width:53.7188px\"><p><em>1,96 PLN\/kWh<\/em><\/p><\/td><td style=\"width:309.547px;width:309.547px\"><p><strong><em>1,78 PLN\/kWh<\/em><\/strong><\/p><\/td><\/tr><tr><td style=\"width:57.7969px;width:57.7969px\"><p><em>DC<\/em><\/p><\/td><td style=\"width:57.9375px;width:57.9375px\"><p><em>a\u017e do\u00a060 kW<\/em><\/p><\/td><td style=\"width:53.7188px;width:53.7188px\"><p><em>2,35 PLN\/kWh<\/em><\/p><\/td><td style=\"width:309.547px;width:309.547px\"><p><strong><em>2,35 PLN\/kWh<\/em><\/strong><\/p><\/td><\/tr><tr><td style=\"width:57.7969px;width:57.7969px\"><p><em>DC<\/em><\/p><\/td><td style=\"width:57.9375px;width:57.9375px\"><p><em>z 61 kW na\u00a0150 kW<\/em><\/p><\/td><td style=\"width:53.7188px;width:53.7188px\"><p><em>2,45 PLN\/kWh<\/em><\/p><\/td><td style=\"width:309.547px;width:309.547px\"><p><strong><em>2,35 PLN\/kWh<\/em><\/strong><\/p><\/td><\/tr><tr><td style=\"width:57.7969px;width:57.7969px\"><p><em>DC<\/em><\/p><\/td><td style=\"width:57.9375px;width:57.9375px\"><p><em>nad 150 kW<\/em><\/p><\/td><td style=\"width:53.7188px;width:53.7188px\"><p><em>2,66 PLN\/kWh<\/em><\/p><\/td><td style=\"width:309.547px;width:309.547px\"><p><strong><em>2,35 PLN\/kWh<\/em><\/strong><\/p><\/td><\/tr><\/tbody><\/table><p>* Hrub\u00e9 ceny<\/p><p>* Akce na\u00a0start plat\u00ed 7 dn\u00ed od\u00a0spu\u0161t\u011bn\u00ed nov\u011b otev\u0159en\u00e9 nab\u00edjec\u00ed stanice<\/p><p><strong>Rychl\u00e9 nab\u00edjen\u00ed a\u00a0intuitivn\u00ed platby na\u00a0Budimex stanic\u00edch<\/strong><\/p><p>S\u00ed\u0165 Budimex Mobility ji\u017e zahrnuje p\u0159ibli\u017en\u011b 200 stanic, tedy p\u0159es 400 nab\u00edjec\u00edch m\u00edst po\u00a0cel\u00e9 zemi \u2013 od\u00a0Manufaktury v\u00a0Lod\u017ei, p\u0159es hotel Ar\u0142am\u00f3w, a\u017e po\u00a0Jakuszyce a\u00a0Zakopan\u00e9. Spole\u010dnost v\u0161ak nezpomaluje. Strategick\u00fdm c\u00edlem je\u00a0500 nab\u00edjec\u00edch bod\u016f, s\u00a0prioritou pro DC rychl\u00e9 nab\u00edje\u010dky. Brzy se\u00a0k\u00a0map\u011b p\u0159idaj\u00ed i\u00a0dal\u0161\u00ed lokace, m.in.\u00a0v\u00a0Chorz\u00f3w\u011b a\u00a0Ciechan\u00f3w\u011b. V\u0161echny stanice jsou v\u00a0provozu 24\/7, co\u017e zaji\u0161\u0165uje plnou dostupnost \u0159idi\u010d\u016f kdykoliv b\u011bhem dne i\u00a0noci.<\/p><p>Aby vyhov\u011bla pot\u0159eb\u00e1m u\u017eivatel\u016f, spole\u010dnost se\u00a0zam\u011b\u0159uje na\u00a0maxim\u00e1ln\u00ed pohodl\u00ed slu\u017eeb:<\/p><ul><li>Intuitivn\u00ed platby: na\u00a0v\u011bt\u0161in\u011b nov\u00fdch stanic m\u016f\u017eete platit p\u0159\u00edmo platebn\u00ed kartou bez\u00a0nutnosti registrace, a\u00a0pro u\u017eivatele, kte\u0159\u00ed preferuj\u00ed spr\u00e1vu relace ze\u00a0smartphonu, je\u00a0k\u00a0dispozici aplikace Elocity.<\/li><li>Snadn\u00e9 pl\u00e1nov\u00e1n\u00ed trasy: V\u0161echny lokality jsou viditeln\u00e9 v\u00a0Google Maps, co\u017e v\u00e1m umo\u017en\u00ed naj\u00edt nejbli\u017e\u0161\u00ed bod b\u011bhem chvilky.<\/li><\/ul><p>Kompletn\u00ed seznam stanic je\u00a0k\u00a0dispozici na: Nab\u00edjec\u00ed stanice pro elektromobily \u2013 Budimex Mobility.<\/p><p><strong>Podporujeme rozvoj elektromobility v\u00a0Polsku<\/strong><\/p><p>Rozvoj efektivn\u00ed a\u00a0snadno dostupn\u00e9 infrastruktury je\u00a0kl\u00ed\u010dov\u00fd pro budoucnost elektromobility v\u00a0Polsku. Podle \u00fadaj\u016f Polsk\u00e9ho sdru\u017een\u00ed automobilov\u00e9ho pr\u016fmyslu a\u00a0Polsk\u00e9ho sdru\u017een\u00ed nov\u00e9 mobility bylo na\u00a0konci roku 2025 na\u00a0polsk\u00fdch silnic\u00edch 237,6 tis\u00edce elektrick\u00fdch osobn\u00edch aut a\u00a0po\u010det ve\u0159ejn\u011b dostupn\u00fdch nab\u00edjec\u00edch m\u00edst vzrostl na\u00a011 762, z\u00a0nich\u017e 37 % tvo\u0159ily DC rychlonab\u00edje\u010dky. To\u00a0jasn\u011b ukazuje rostouc\u00ed popt\u00e1vku po\u00a0rychl\u00e9m, snadno dostupn\u00e9m nab\u00edjen\u00ed a\u00a0v\u011bt\u0161\u00ed dostupnosti v\u00fdhybek \u2013 zejm\u00e9na na\u00a0kl\u00ed\u010dov\u00fdch dopravn\u00edch tepn\u00e1ch. Investice Budimex Mobility jsou p\u0159\u00edmou reakc\u00ed na\u00a0tuto rostouc\u00ed popt\u00e1vku.<\/p><p><strong>O Budimex Mobility<\/strong><\/p><p>Budimex Mobility SA je\u00a0spole\u010dnost pat\u0159\u00edc\u00ed do\u00a0skupiny Budimex Group, jej\u00edm\u017e c\u00edlem je\u00a0vytv\u00e1\u0159et, stav\u011bt, servisovat a\u00a0provozovat s\u00ed\u0165 ve\u0159ejn\u011b p\u0159\u00edstupn\u00fdch nab\u00edjec\u00edch stanic pro elektromobily po\u00a0cel\u00e9 zemi. Spole\u010dnost je\u00a0registrovan\u00fdm provozovatelem nab\u00edjec\u00edch stanic v\u00a0registru infrastruktury alternativn\u00edch paliv (EIPA). P\u0159evod \u00fakol\u016f souvisej\u00edc\u00edch s\u00a0v\u00fdstavbou s\u00edt\u011b nab\u00edjec\u00edch stanic na\u00a0spole\u010dnost byl reakc\u00ed na\u00a0rostouc\u00ed o\u010dek\u00e1v\u00e1n\u00ed trhu a\u00a0spot\u0159ebitel\u016f v\u00a0oblasti infrastruktury a\u00a0modern\u00edch \u0159e\u0161en\u00ed v\u00a0oblasti elektromobility.<\/p><\/p><\/div>\n                            <\/div>\n                                                                                                                                <\/div>\n    <\/div>\n<\/section> \n    <section id=\"block_ac7a67ece4d4b77c8ea90aa82c25742d\" class=\"gallery-section section-margin-120\" data-per-page=\"8\" data-per-row=\"4\" data-type=\"zdjecia\">\n        <div class=\"container\">\n            <div class=\"row\">\n                                    <div class=\"col-24\">\n                        <h2 class=\"gallery-section__title under-h2\">Galerie<\/h2>\n                    <\/div>\n                            <\/div>\n            <div class=\"row\">\n                <div class=\"col-24\">\n                                                                        <div class=\"gallery-section__grid gallery-section__grid--4\">\n                                \n                        <div class=\"gallery-section__image gallery-section__image--single\">\n                <a href=\"https:\/\/bdm-stg.mda.pl\/app\/uploads\/2026\/03\/dsc0972-32.jpg\">\n                                        <img loading=\"lazy\" decoding=\"async\" width=\"1400\" height=\"933\" src=\"https:\/\/bdm-stg.mda.pl\/app\/uploads\/2026\/03\/dsc0972-32.jpg\" class=\"attachment-full size-full\" alt=\"\" \/>                                    <\/a>\n                            <\/div>\n                                <div class=\"gallery-section__image gallery-section__image--single\">\n                <a href=\"https:\/\/bdm-stg.mda.pl\/app\/uploads\/2026\/03\/20230711_125623-32-scaled.jpg\">\n                                        <img loading=\"lazy\" decoding=\"async\" width=\"2560\" height=\"1920\" src=\"https:\/\/bdm-stg.mda.pl\/app\/uploads\/2026\/03\/20230711_125623-32-scaled.jpg\" class=\"attachment-full size-full\" alt=\"\" \/>                                    <\/a>\n                            <\/div>\n                                <div class=\"gallery-section__image gallery-section__image--single\">\n                <a href=\"https:\/\/bdm-stg.mda.pl\/app\/uploads\/2026\/03\/dsc0815-32-scaled.jpg\">\n                                        <img loading=\"lazy\" decoding=\"async\" width=\"2560\" height=\"1707\" src=\"https:\/\/bdm-stg.mda.pl\/app\/uploads\/2026\/03\/dsc0815-32-scaled.jpg\" class=\"attachment-full size-full\" alt=\"\" \/>                                    <\/a>\n                            <\/div>\n                                <div class=\"gallery-section__image gallery-section__image--single\">\n                <a href=\"https:\/\/bdm-stg.mda.pl\/app\/uploads\/2026\/03\/bx_mobility_1-32.jpg\">\n                                        <img loading=\"lazy\" decoding=\"async\" width=\"1920\" height=\"1200\" src=\"https:\/\/bdm-stg.mda.pl\/app\/uploads\/2026\/03\/bx_mobility_1-32.jpg\" class=\"attachment-full size-full\" alt=\"\" \/>                                    <\/a>\n                            <\/div>\n            \n                            <\/div>\n                                                                                        <\/div>\n            <\/div>\n        <\/div>\n    <\/section>\n ","protected":false},"excerpt":{"rendered":"","protected":false},"featured_media":0,"parent":0,"template":"","press_type":[],"acf":[],"yoast_head":"<!-- This site is optimized with the Yoast SEO plugin v22.5 - https:\/\/yoast.com\/wordpress\/plugins\/seo\/ -->\n<title>Budimex Mobility &ndash; nov&yacute; cen&iacute;k a akce na start - Budimex<\/title>\n<meta name=\"robots\" content=\"noindex, follow, max-snippet:-1, max-image-preview:large, max-video-preview:-1\" \/>\n<meta property=\"og:locale\" content=\"cs_CZ\" \/>\n<meta property=\"og:type\" content=\"article\" \/>\n<meta property=\"og:title\" content=\"Budimex Mobility &ndash; nov&yacute; cen&iacute;k a akce na start - Budimex\" \/>\n<meta property=\"og:url\" content=\"https:\/\/bdm-stg.mda.pl\/cs\/informacje-prasowe\/budimex-mobility-nov-cenk-a-akce-na-start\/\" \/>\n<meta property=\"og:site_name\" content=\"Budimex\" \/>\n<meta property=\"article:modified_time\" content=\"2026-03-03T11:03:04+00:00\" \/>\n<meta name=\"twitter:card\" content=\"summary_large_image\" \/>\n<script type=\"application\/ld+json\" class=\"yoast-schema-graph\">{\"@context\":\"https:\/\/schema.org\",\"@graph\":[{\"@type\":\"WebPage\",\"@id\":\"https:\/\/bdm-stg.mda.pl\/cs\/informacje-prasowe\/budimex-mobility-nov-cenk-a-akce-na-start\/\",\"url\":\"https:\/\/bdm-stg.mda.pl\/cs\/informacje-prasowe\/budimex-mobility-nov-cenk-a-akce-na-start\/\",\"name\":\"Budimex Mobility &ndash; nov&yacute; cen&iacute;k a akce na start - Budimex\",\"isPartOf\":{\"@id\":\"https:\/\/bdm-stg.mda.pl\/cs\/#website\"},\"datePublished\":\"2026-03-02T09:16:10+00:00\",\"dateModified\":\"2026-03-03T11:03:04+00:00\",\"breadcrumb\":{\"@id\":\"https:\/\/bdm-stg.mda.pl\/cs\/informacje-prasowe\/budimex-mobility-nov-cenk-a-akce-na-start\/#breadcrumb\"},\"inLanguage\":\"cs-CZ\",\"potentialAction\":[{\"@type\":\"ReadAction\",\"target\":[\"https:\/\/bdm-stg.mda.pl\/cs\/informacje-prasowe\/budimex-mobility-nov-cenk-a-akce-na-start\/\"]}]},{\"@type\":\"BreadcrumbList\",\"@id\":\"https:\/\/bdm-stg.mda.pl\/cs\/informacje-prasowe\/budimex-mobility-nov-cenk-a-akce-na-start\/#breadcrumb\",\"itemListElement\":[{\"@type\":\"ListItem\",\"position\":1,\"name\":\"Strona g\u0142\u00f3wna\",\"item\":\"https:\/\/bdm-stg.mda.pl\/cs\/\"},{\"@type\":\"ListItem\",\"position\":2,\"name\":\"Budimex Mobility &ndash; nov&yacute; cen&iacute;k a akce na start\"}]},{\"@type\":\"WebSite\",\"@id\":\"https:\/\/bdm-stg.mda.pl\/cs\/#website\",\"url\":\"https:\/\/bdm-stg.mda.pl\/cs\/\",\"name\":\"Budimex\",\"description\":\"\",\"potentialAction\":[{\"@type\":\"SearchAction\",\"target\":{\"@type\":\"EntryPoint\",\"urlTemplate\":\"https:\/\/bdm-stg.mda.pl\/cs\/?s={search_term_string}\"},\"query-input\":\"required name=search_term_string\"}],\"inLanguage\":\"cs-CZ\"}]}<\/script>\n<!-- \/ Yoast SEO plugin. -->","yoast_head_json":{"title":"Budimex Mobility &ndash; nov&yacute; cen&iacute;k a akce na start - Budimex","robots":{"index":"noindex","follow":"follow","max-snippet":"max-snippet:-1","max-image-preview":"max-image-preview:large","max-video-preview":"max-video-preview:-1"},"og_locale":"cs_CZ","og_type":"article","og_title":"Budimex Mobility &ndash; nov&yacute; cen&iacute;k a akce na start - Budimex","og_url":"https:\/\/bdm-stg.mda.pl\/cs\/informacje-prasowe\/budimex-mobility-nov-cenk-a-akce-na-start\/","og_site_name":"Budimex","article_modified_time":"2026-03-03T11:03:04+00:00","twitter_card":"summary_large_image","schema":{"@context":"https:\/\/schema.org","@graph":[{"@type":"WebPage","@id":"https:\/\/bdm-stg.mda.pl\/cs\/informacje-prasowe\/budimex-mobility-nov-cenk-a-akce-na-start\/","url":"https:\/\/bdm-stg.mda.pl\/cs\/informacje-prasowe\/budimex-mobility-nov-cenk-a-akce-na-start\/","name":"Budimex Mobility &ndash; nov&yacute; cen&iacute;k a akce na start - Budimex","isPartOf":{"@id":"https:\/\/bdm-stg.mda.pl\/cs\/#website"},"datePublished":"2026-03-02T09:16:10+00:00","dateModified":"2026-03-03T11:03:04+00:00","breadcrumb":{"@id":"https:\/\/bdm-stg.mda.pl\/cs\/informacje-prasowe\/budimex-mobility-nov-cenk-a-akce-na-start\/#breadcrumb"},"inLanguage":"cs-CZ","potentialAction":[{"@type":"ReadAction","target":["https:\/\/bdm-stg.mda.pl\/cs\/informacje-prasowe\/budimex-mobility-nov-cenk-a-akce-na-start\/"]}]},{"@type":"BreadcrumbList","@id":"https:\/\/bdm-stg.mda.pl\/cs\/informacje-prasowe\/budimex-mobility-nov-cenk-a-akce-na-start\/#breadcrumb","itemListElement":[{"@type":"ListItem","position":1,"name":"Strona g\u0142\u00f3wna","item":"https:\/\/bdm-stg.mda.pl\/cs\/"},{"@type":"ListItem","position":2,"name":"Budimex Mobility &ndash; nov&yacute; cen&iacute;k a akce na start"}]},{"@type":"WebSite","@id":"https:\/\/bdm-stg.mda.pl\/cs\/#website","url":"https:\/\/bdm-stg.mda.pl\/cs\/","name":"Budimex","description":"","potentialAction":[{"@type":"SearchAction","target":{"@type":"EntryPoint","urlTemplate":"https:\/\/bdm-stg.mda.pl\/cs\/?s={search_term_string}"},"query-input":"required name=search_term_string"}],"inLanguage":"cs-CZ"}]}},"_links":{"self":[{"href":"https:\/\/bdm-stg.mda.pl\/cs\/wp-json\/wp\/v2\/press\/311401"}],"collection":[{"href":"https:\/\/bdm-stg.mda.pl\/cs\/wp-json\/wp\/v2\/press"}],"about":[{"href":"https:\/\/bdm-stg.mda.pl\/cs\/wp-json\/wp\/v2\/types\/press"}],"version-history":[{"count":3,"href":"https:\/\/bdm-stg.mda.pl\/cs\/wp-json\/wp\/v2\/press\/311401\/revisions"}],"predecessor-version":[{"id":312708,"href":"https:\/\/bdm-stg.mda.pl\/cs\/wp-json\/wp\/v2\/press\/311401\/revisions\/312708"}],"wp:attachment":[{"href":"https:\/\/bdm-stg.mda.pl\/cs\/wp-json\/wp\/v2\/media?parent=311401"}],"wp:term":[{"taxonomy":"press_type","embeddable":true,"href":"https:\/\/bdm-stg.mda.pl\/cs\/wp-json\/wp\/v2\/press_type?post=311401"}],"curies":[{"name":"wp","href":"https:\/\/api.w.org\/{rel}","templated":true}]}}