{"id":312866,"date":"2026-03-03T12:03:03","date_gmt":"2026-03-03T12:03:03","guid":{"rendered":"https:\/\/bdm-stg.mda.pl\/informacje-prasowe\/byl-zahjen-program-stz-budimex-2026-tmer-400-mst-cek-na-studenty-a-technick-studenty-z-celho-polska\/"},"modified":"2026-03-04T14:00:38","modified_gmt":"2026-03-04T14:00:38","slug":"byl-zahjen-program-stz-budimex-2026-tmer-400-mst-cek-na-studenty-a-technick-studenty-z-celho-polska","status":"publish","type":"press","link":"https:\/\/bdm-stg.mda.pl\/cs\/informacje-prasowe\/byl-zahjen-program-stz-budimex-2026-tmer-400-mst-cek-na-studenty-a-technick-studenty-z-celho-polska\/","title":{"rendered":"Byl zah&aacute;jen program st&aacute;\u017e&iacute; Budimex 2026 &ndash; t&eacute;m\u011b\u0159 400 m&iacute;st \u010dek&aacute; na studenty a technick&eacute; studenty z cel&eacute;ho Polska"},"content":{"rendered":"\n<section id=\"block_cfb1d4384a60840099c5bb16afc677ec\" class=\"text-block   -hide-dots section-margin-120\">\n    <div class=\"container\">\n        <div class=\"row\">\n            <div class=\"col-24 col-lg-16\">\n                                    <p class=\"typo-18 under-p-medium color-gray-120 text-block__date\">03.03.2026<\/p>\n                                                    <div class=\"text-block__top-texts under-h2\">\n                        <h2 class=\"text-block__title under-p-big\">Byl zah\u00e1jen program st\u00e1\u017e\u00ed Budimex 2026 \u2013 t\u00e9m\u011b\u0159 400 m\u00edst \u010dek\u00e1 na\u00a0studenty a\u00a0technick\u00e9 studenty z\u00a0cel\u00e9ho Polska<\/h2>\n                                                    <p class=\"typo-18 under-p-medium color-gray-120\">\n                                \n<div class=\"card-share card-share--flex\">\n    <div class=\"card-share__inner\">\n        <p class=\"card-share__title typo-18\">Udost\u0119pnij artyku\u0142<\/p>\n        <div class=\"card-share__links\">\n            <div class=\"card-share__link card-share__link--facebook\">\n                <a href=\"https:\/\/www.facebook.com\/sharer\/sharer.php?u=https:\/\/bdm-stg.mda.pl\/cs\/informacje-prasowe\/byl-zahjen-program-stz-budimex-2026-tmer-400-mst-cek-na-studenty-a-technick-studenty-z-celho-polska\/\" target=\"_blank\">\n                    <span class=\"card-share__linkIcon icon icon-facebook d-flex\"><\/span>\n                <\/a>\n            <\/div>\n            <div class=\"card-share__link card-share__link--linkedin\">\n                <a href=\"https:\/\/www.linkedin.com\/shareArticle?mini=true&#038;url=https:\/\/bdm-stg.mda.pl\/cs\/informacje-prasowe\/byl-zahjen-program-stz-budimex-2026-tmer-400-mst-cek-na-studenty-a-technick-studenty-z-celho-polska\/\" target=\"_blank\" rel=\"nofollow\">\n                    <span class=\"card-share__linkIcon icon icon-linkedin\"><\/span>\n                <\/a>\n            <\/div>\n            <div class=\"card-share__link card-share__link--twitter\">\n                <a href=\"https:\/\/twitter.com\/intent\/tweet?url=https%3A%2F%2Fbdm-stg.mda.pl%2Fcs%2Finformacje-prasowe%2Fbyl-zahjen-program-stz-budimex-2026-tmer-400-mst-cek-na-studenty-a-technick-studenty-z-celho-polska%2F\" target=\"_blank\" rel=\"nofollow\">\n                    <span class=\"card-share__linkIcon icon icon-x\"><\/span>\n                <\/a>\n            <\/div>\n        <\/div>\n    <\/div>\n<\/div>                            <\/p>\n                                            <\/div>\n                                                                                    <div class=\"text-block__text text-editor\"><p><p><strong>Je zah\u00e1jen rekordn\u00ed ro\u010dn\u00edk programu st\u00e1\u017e\u00ed Budimex Academy, kter\u00fd umo\u017e\u0148uje mlad\u00fdm lidem z\u00edskat zku\u0161enosti s\u00a0realizac\u00ed strategick\u00fdch stavebn\u00edch investic po\u00a0cel\u00e9m Polsku. Letos spole\u010dnost p\u0159ipravila v\u00edce ne\u017e 300 placen\u00fdch m\u00edst pro studenty a\u00a0des\u00edtky nab\u00eddek pro technick\u00e9 studenty na\u00a075 m\u00edstech po\u00a0cel\u00e9 zemi. N\u00e1bor za\u010d\u00edn\u00e1 2&nbsp;. b\u0159ezna a\u00a0potrv\u00e1 do\u00a0konce \u010dervna.<\/strong><\/p><p>Program st\u00e1\u017e\u00ed Budimex Academy je\u00a0jednou z\u00a0nejv\u011bt\u0161\u00edch vzd\u011bl\u00e1vac\u00edch iniciativ ve&nbsp;stavebnictv\u00ed v\u00a0Polsku. V\u00a0leto\u0161n\u00edm ro\u010dn\u00edku budou studenti pracovat na\u00a0staveni\u0161t\u00edch a\u00a0v\u00a0kancel\u00e1\u0159\u00edch spole\u010dnosti na\u00a075 m\u00edstech ve 14 provinci\u00edch a\u00a0poprv\u00e9 v\u00a0zahrani\u010d\u00ed \u2013 v\u00a0Tallinnu v\u00a0Estonsku. Program potrv\u00e1 od\u00a0b\u0159ezna do\u00a0konce z\u00e1\u0159\u00ed, a\u010dkoli v\u011bt\u0161ina st\u00e1\u017e\u00ed je\u00a0pl\u00e1nov\u00e1na na\u00a0letn\u00ed obdob\u00ed, aby nenaru\u0161ovaly v\u00fduku b\u011bhem akademick\u00e9ho roku. P\u0159ihl\u00e1\u0161ky k\u00a0\u00fa\u010dasti v\u00a0programu lze podat prost\u0159ednictv\u00edm webov\u00fdch str\u00e1nek <a href=\"http:\/\/www.akademiabudimex.pl\" rel=\"noopener\">www.akademiabudimex.pl<\/a>.&nbsp;<\/p><p>&#8221; <em>Vch\u00e1z\u00edme do\u00a0desetilet\u00ed obrovsk\u00fdch infrastrukturn\u00edch investic v\u00a0Polsku, kter\u00e9 budou vy\u017eadovat tis\u00edce dob\u0159e p\u0159ipraven\u00fdch specialist\u016f. V\u00a0Budimexu tyto zm\u011bny nejen pozorujeme, ale\u00a0tak\u00e9 aktivn\u011b podporujeme rozvoj budouc\u00edch zam\u011bstnanc\u016f. N\u00e1\u0161 st\u00e1\u017eov\u00fd program je\u00a0skute\u010dn\u00fdm za\u010d\u00e1tkem pro mlad\u00e9 lidi v\u00a0odv\u011btv\u00ed, kter\u00e9 je\u00a0dnes jedn\u00edm z\u00a0nejinovativn\u011bj\u0161\u00edch a\u00a0nejrychleji rostouc\u00edch sektor\u016f ekonomiky<\/em> ,&#8221; \u0159\u00edk\u00e1 Anna Kary\u015b-Sosi\u0144ska, \u010dlenka p\u0159edstavenstva a\u00a0\u0159editelka odd\u011blen\u00ed \u0159\u00edzen\u00ed lidsk\u00fdch zdroj\u016f ve spole\u010dnosti Budimex SA.<br><br><\/p><p><strong>St\u00e1\u017ee ve Budimexu \u2013 p\u0159\u00edle\u017eitost za\u010d\u00edt kari\u00e9ru, nejen pro in\u017een\u00fdry<\/strong><\/p><p>Program st\u00e1\u017e\u00ed Budimex Academy je\u00a0ur\u010den nejen student\u016fm stavebn\u00edho in\u017een\u00fdrstv\u00ed a\u00a0p\u0159\u00edbuzn\u00fdch obor\u016f, ale\u00a0tak\u00e9 lidem, kte\u0159\u00ed maj\u00ed z\u00e1jem o\u00a0kari\u00e9ru v&nbsp;oblastech jako HR, finance, pr\u00e1vo, bezpe\u010dnost a\u00a0zdrav\u00ed, IT a\u00a0inovace. U\u010dni mohou z\u00edskat zku\u0161enosti jak na\u00a0staveni\u0161t\u00edch, tak\u00a0v\u00a0ekonomick\u00fdch kancel\u00e1\u0159\u00edch stavebn\u00edch spole\u010dnost\u00ed po\u00a0cel\u00e9m Polsku a\u00a0v\u00a0centr\u00e1le spole\u010dnosti \u2013 m.in.\u00a0v\u00a0IT odd\u011blen\u00ed, finan\u010dn\u00edm odd\u011blen\u00ed, pr\u00e1vn\u00ed kancel\u00e1\u0159i, technick\u00e9 kancel\u00e1\u0159i, inova\u010dn\u00edm odd\u011blen\u00ed nebo v\u00a0z\u00e1ru\u010dn\u00edch odd\u011blen\u00edch. Jako ka\u017ed\u00fd rok jsou v\u0161echny st\u00e1\u017ee placen\u00e9.<\/p><p><em>&#8220;N\u00e1\u0161 program je\u00a0\u00fa\u010dastn\u00edky po\u00a0l\u00e9ta velmi vysoce hodnocen. Studenti si\u00a0zvl\u00e1\u0161t\u011b cen\u00ed procesu implementace, pracovn\u00ed atmosf\u00e9ry, spolupr\u00e1ce s\u00a0vedouc\u00edm a\u00a0t\u00fdmem, stejn\u011b jako ambici\u00f3zn\u00ed a\u00a0rozvojov\u00e9 \u00fakoly. T\u00e9m\u011b\u0159 60 % \u00fa\u010dastn\u00edk\u016f deklaruje ochotu pokra\u010dovat ve firm\u011b a\u00a0v\u00edce ne\u017e 20 % u\u010d\u0148\u016f z\u016fst\u00e1v\u00e1 v\u00a0Budimexu trvale nebo se\u00a0vrac\u00ed na\u00a0dal\u0161\u00ed ro\u010dn\u00edk programu <\/em>\u2013 <strong>dod\u00e1v\u00e1<\/strong> <strong>Anna Kary\u015b-Sosi\u0144ska<\/strong>.<\/p><p><strong><br>St\u00e1\u017ee pro studenty technick\u00fdch \u0161kol \u2013 investice do\u00a0nejmlad\u0161\u00edch talent\u016f<\/strong><\/p><p>Sou\u010dasn\u011b Budimex vyv\u00edj\u00ed program u\u010d\u0148ovstv\u00ed pro studenty stavebn\u00edch technik\u016f, kter\u00fd letos uskute\u010dn\u00ed p\u00e1t\u00e9 vyd\u00e1n\u00ed. N\u011bkolik des\u00edtek mlad\u00fdch lid\u00ed bude m\u00edt mo\u017enost z\u00edskat skute\u010dn\u00e9 profesn\u00ed zku\u0161enosti, rozv\u00edjet kompetence, technick\u00e9 i\u00a0m\u011bkk\u00e9, pod\u00a0dohledem specializovan\u00e9ho lektora a\u00a0vybudovat s\u00ed\u0165 kontakt\u016f v\u00a0oboru. Studenti se\u00a0mohou tak\u00e9 zapojit do\u00a0dal\u0161\u00edch integra\u010dn\u00edch iniciativ a\u00a0sout\u011b\u017e\u00ed, p\u0159i\u010dem\u017e ti\u00a0nejlep\u0161\u00ed z\u00a0nich obdr\u017e\u00ed finan\u010dn\u00ed stipendium. Celkem se\u00a0ji\u017e z\u00fa\u010dastnilo \u010dty\u0159 ro\u010dn\u00edk\u016f programu 213 student\u016f.<br><br><\/p><p>&nbsp;<\/p><p><strong>Budimex neust\u00e1le investuje do\u00a0rozvoje mlad\u00fdch talent\u016f<\/strong><\/p><p>Aktivity realizovan\u00e9 v\u00a0r\u00e1mci Budimex Academy jsou sou\u010d\u00e1st\u00ed dlouhodob\u00e9 strategie spole\u010dnosti, zam\u011b\u0159en\u00e9 na\u00a0rozvoj kompetenc\u00ed budouc\u00edch zam\u011bstnanc\u016f stavebn\u00edho pr\u016fmyslu. Spole\u010dnost ji\u017e l\u00e9ta rozv\u00edj\u00ed spolupr\u00e1ci s\u00a0technick\u00fdmi a\u00a0ekonomick\u00fdmi univerzitami, zapojuje se\u00a0do\u00a0v\u00fdzkumn\u00fdch a\u00a0v\u00fdvojov\u00fdch projekt\u016f a\u00a0iniciativ podporuj\u00edc\u00edch rozvoj praktick\u00fdch dovednost\u00ed student\u016f.<\/p><p>Budimex tak\u00e9 vytv\u00e1\u0159\u00ed modern\u00ed prostory vhodn\u00e9 pro u\u010den\u00ed a\u00a0integraci. Budimexov\u00e9 z\u00f3ny byly vytvo\u0159eny m.in na\u00a0Technick\u00e9 \u0161kole architektury a\u00a0stavebnictv\u00ed Stanis\u0142awa Noakowsk\u00e9ho ve Var\u0161av\u011b a\u00a0na\u00a0Technick\u00e9 univerzit\u011b v\u00a0Bia\u0142ystoku.<\/p><p>Spole\u010dnost uzav\u0159ela 27 dohod o\u00a0spolupr\u00e1ci s\u00a0univerzitami a\u00a0nav\u00e1zala strategick\u00e1 partnerstv\u00ed s\u00a053 \u0161kolami po\u00a0cel\u00e9 zemi. D\u00edky vzd\u011bl\u00e1vac\u00edm a\u00a0partnersk\u00fdm program\u016fm Budimexu, jako je\u00a0Budimex Academy nebo Ambassador Programme, ji\u017e v\u00edce ne\u017e 3 000 mlad\u00fdch lid\u00ed z\u00edskalo sv\u00e9 prvn\u00ed profesion\u00e1ln\u00ed zku\u0161enosti ve stavebnictv\u00ed.<\/p><\/p><\/div>\n                            <\/div>\n                                                                                                                                <\/div>\n    <\/div>\n<\/section> \n    <section id=\"block_9edd48bc0cc2d7826b1486b51b9e110d\" class=\"gallery-section section-margin-120\" data-per-page=\"8\" data-per-row=\"4\" data-type=\"zdjecia\">\n        <div class=\"container\">\n            <div class=\"row\">\n                                    <div class=\"col-24\">\n                        <h2 class=\"gallery-section__title under-h2\">Galerie<\/h2>\n                    <\/div>\n                            <\/div>\n            <div class=\"row\">\n                <div class=\"col-24\">\n                                                                        <div class=\"gallery-section__grid gallery-section__grid--4\">\n                                \n                        <div class=\"gallery-section__image gallery-section__image--single\">\n                <a href=\"https:\/\/bdm-stg.mda.pl\/app\/uploads\/2026\/03\/large_02_budimex_kariera_fb_mapa_targi_pracy_v2-32.png\">\n                                        <img loading=\"lazy\" decoding=\"async\" width=\"1080\" height=\"1080\" src=\"https:\/\/bdm-stg.mda.pl\/app\/uploads\/2026\/03\/large_02_budimex_kariera_fb_mapa_targi_pracy_v2-32.png\" class=\"attachment-full size-full\" alt=\"\" \/>                                    <\/a>\n                            <\/div>\n                                <div class=\"gallery-section__image gallery-section__image--single\">\n                <a href=\"https:\/\/bdm-stg.mda.pl\/app\/uploads\/2026\/03\/plakat_-32-scaled.jpg\">\n                                        <img loading=\"lazy\" decoding=\"async\" width=\"1811\" height=\"2560\" src=\"https:\/\/bdm-stg.mda.pl\/app\/uploads\/2026\/03\/plakat_-32-scaled.jpg\" class=\"attachment-full size-full\" alt=\"\" \/>                                    <\/a>\n                            <\/div>\n                                <div class=\"gallery-section__image gallery-section__image--single\">\n                <a href=\"https:\/\/bdm-stg.mda.pl\/app\/uploads\/2026\/03\/ulotka_iinformacja_prasowa-32.jpg\">\n                                        <img loading=\"lazy\" decoding=\"async\" width=\"2382\" height=\"1124\" src=\"https:\/\/bdm-stg.mda.pl\/app\/uploads\/2026\/03\/ulotka_iinformacja_prasowa-32.jpg\" class=\"attachment-full size-full\" alt=\"\" \/>                                    <\/a>\n                            <\/div>\n                                <div class=\"gallery-section__image gallery-section__image--single\">\n                <a href=\"https:\/\/bdm-stg.mda.pl\/app\/uploads\/2026\/03\/ulotka_informacja_prasowa-32.png\">\n                                        <img loading=\"lazy\" decoding=\"async\" width=\"2382\" height=\"1124\" src=\"https:\/\/bdm-stg.mda.pl\/app\/uploads\/2026\/03\/ulotka_informacja_prasowa-32.png\" class=\"attachment-full size-full\" alt=\"\" \/>                                    <\/a>\n                            <\/div>\n            \n                            <\/div>\n                                                                                        <\/div>\n            <\/div>\n        <\/div>\n    <\/section>\n ","protected":false},"excerpt":{"rendered":"","protected":false},"featured_media":0,"parent":0,"template":"","press_type":[],"acf":[],"yoast_head":"<!-- This site is optimized with the Yoast SEO plugin v22.5 - https:\/\/yoast.com\/wordpress\/plugins\/seo\/ -->\n<title>Byl zah&aacute;jen program st&aacute;\u017e&iacute; Budimex 2026 &ndash; t&eacute;m\u011b\u0159 400 m&iacute;st \u010dek&aacute; na studenty a technick&eacute; studenty z cel&eacute;ho Polska - Budimex<\/title>\n<meta name=\"robots\" content=\"noindex, follow, max-snippet:-1, max-image-preview:large, max-video-preview:-1\" \/>\n<meta property=\"og:locale\" content=\"cs_CZ\" \/>\n<meta property=\"og:type\" content=\"article\" \/>\n<meta property=\"og:title\" content=\"Byl zah&aacute;jen program st&aacute;\u017e&iacute; Budimex 2026 &ndash; t&eacute;m\u011b\u0159 400 m&iacute;st \u010dek&aacute; na studenty a technick&eacute; studenty z cel&eacute;ho Polska - Budimex\" \/>\n<meta property=\"og:url\" content=\"https:\/\/bdm-stg.mda.pl\/cs\/informacje-prasowe\/byl-zahjen-program-stz-budimex-2026-tmer-400-mst-cek-na-studenty-a-technick-studenty-z-celho-polska\/\" \/>\n<meta property=\"og:site_name\" content=\"Budimex\" \/>\n<meta property=\"article:modified_time\" content=\"2026-03-04T14:00:38+00:00\" \/>\n<meta name=\"twitter:card\" content=\"summary_large_image\" \/>\n<script type=\"application\/ld+json\" class=\"yoast-schema-graph\">{\"@context\":\"https:\/\/schema.org\",\"@graph\":[{\"@type\":\"WebPage\",\"@id\":\"https:\/\/bdm-stg.mda.pl\/cs\/informacje-prasowe\/byl-zahjen-program-stz-budimex-2026-tmer-400-mst-cek-na-studenty-a-technick-studenty-z-celho-polska\/\",\"url\":\"https:\/\/bdm-stg.mda.pl\/cs\/informacje-prasowe\/byl-zahjen-program-stz-budimex-2026-tmer-400-mst-cek-na-studenty-a-technick-studenty-z-celho-polska\/\",\"name\":\"Byl zah&aacute;jen program st&aacute;\u017e&iacute; Budimex 2026 &ndash; t&eacute;m\u011b\u0159 400 m&iacute;st \u010dek&aacute; na studenty a technick&eacute; studenty z cel&eacute;ho Polska - Budimex\",\"isPartOf\":{\"@id\":\"https:\/\/bdm-stg.mda.pl\/cs\/#website\"},\"datePublished\":\"2026-03-03T12:03:03+00:00\",\"dateModified\":\"2026-03-04T14:00:38+00:00\",\"breadcrumb\":{\"@id\":\"https:\/\/bdm-stg.mda.pl\/cs\/informacje-prasowe\/byl-zahjen-program-stz-budimex-2026-tmer-400-mst-cek-na-studenty-a-technick-studenty-z-celho-polska\/#breadcrumb\"},\"inLanguage\":\"cs-CZ\",\"potentialAction\":[{\"@type\":\"ReadAction\",\"target\":[\"https:\/\/bdm-stg.mda.pl\/cs\/informacje-prasowe\/byl-zahjen-program-stz-budimex-2026-tmer-400-mst-cek-na-studenty-a-technick-studenty-z-celho-polska\/\"]}]},{\"@type\":\"BreadcrumbList\",\"@id\":\"https:\/\/bdm-stg.mda.pl\/cs\/informacje-prasowe\/byl-zahjen-program-stz-budimex-2026-tmer-400-mst-cek-na-studenty-a-technick-studenty-z-celho-polska\/#breadcrumb\",\"itemListElement\":[{\"@type\":\"ListItem\",\"position\":1,\"name\":\"Strona g\u0142\u00f3wna\",\"item\":\"https:\/\/bdm-stg.mda.pl\/cs\/\"},{\"@type\":\"ListItem\",\"position\":2,\"name\":\"Byl zah&aacute;jen program st&aacute;\u017e&iacute; Budimex 2026 &ndash; t&eacute;m\u011b\u0159 400 m&iacute;st \u010dek&aacute; na studenty a technick&eacute; studenty z cel&eacute;ho Polska\"}]},{\"@type\":\"WebSite\",\"@id\":\"https:\/\/bdm-stg.mda.pl\/cs\/#website\",\"url\":\"https:\/\/bdm-stg.mda.pl\/cs\/\",\"name\":\"Budimex\",\"description\":\"\",\"potentialAction\":[{\"@type\":\"SearchAction\",\"target\":{\"@type\":\"EntryPoint\",\"urlTemplate\":\"https:\/\/bdm-stg.mda.pl\/cs\/?s={search_term_string}\"},\"query-input\":\"required name=search_term_string\"}],\"inLanguage\":\"cs-CZ\"}]}<\/script>\n<!-- \/ Yoast SEO plugin. -->","yoast_head_json":{"title":"Byl zah&aacute;jen program st&aacute;\u017e&iacute; Budimex 2026 &ndash; t&eacute;m\u011b\u0159 400 m&iacute;st \u010dek&aacute; na studenty a technick&eacute; studenty z cel&eacute;ho Polska - Budimex","robots":{"index":"noindex","follow":"follow","max-snippet":"max-snippet:-1","max-image-preview":"max-image-preview:large","max-video-preview":"max-video-preview:-1"},"og_locale":"cs_CZ","og_type":"article","og_title":"Byl zah&aacute;jen program st&aacute;\u017e&iacute; Budimex 2026 &ndash; t&eacute;m\u011b\u0159 400 m&iacute;st \u010dek&aacute; na studenty a technick&eacute; studenty z cel&eacute;ho Polska - Budimex","og_url":"https:\/\/bdm-stg.mda.pl\/cs\/informacje-prasowe\/byl-zahjen-program-stz-budimex-2026-tmer-400-mst-cek-na-studenty-a-technick-studenty-z-celho-polska\/","og_site_name":"Budimex","article_modified_time":"2026-03-04T14:00:38+00:00","twitter_card":"summary_large_image","schema":{"@context":"https:\/\/schema.org","@graph":[{"@type":"WebPage","@id":"https:\/\/bdm-stg.mda.pl\/cs\/informacje-prasowe\/byl-zahjen-program-stz-budimex-2026-tmer-400-mst-cek-na-studenty-a-technick-studenty-z-celho-polska\/","url":"https:\/\/bdm-stg.mda.pl\/cs\/informacje-prasowe\/byl-zahjen-program-stz-budimex-2026-tmer-400-mst-cek-na-studenty-a-technick-studenty-z-celho-polska\/","name":"Byl zah&aacute;jen program st&aacute;\u017e&iacute; Budimex 2026 &ndash; t&eacute;m\u011b\u0159 400 m&iacute;st \u010dek&aacute; na studenty a technick&eacute; studenty z cel&eacute;ho Polska - Budimex","isPartOf":{"@id":"https:\/\/bdm-stg.mda.pl\/cs\/#website"},"datePublished":"2026-03-03T12:03:03+00:00","dateModified":"2026-03-04T14:00:38+00:00","breadcrumb":{"@id":"https:\/\/bdm-stg.mda.pl\/cs\/informacje-prasowe\/byl-zahjen-program-stz-budimex-2026-tmer-400-mst-cek-na-studenty-a-technick-studenty-z-celho-polska\/#breadcrumb"},"inLanguage":"cs-CZ","potentialAction":[{"@type":"ReadAction","target":["https:\/\/bdm-stg.mda.pl\/cs\/informacje-prasowe\/byl-zahjen-program-stz-budimex-2026-tmer-400-mst-cek-na-studenty-a-technick-studenty-z-celho-polska\/"]}]},{"@type":"BreadcrumbList","@id":"https:\/\/bdm-stg.mda.pl\/cs\/informacje-prasowe\/byl-zahjen-program-stz-budimex-2026-tmer-400-mst-cek-na-studenty-a-technick-studenty-z-celho-polska\/#breadcrumb","itemListElement":[{"@type":"ListItem","position":1,"name":"Strona g\u0142\u00f3wna","item":"https:\/\/bdm-stg.mda.pl\/cs\/"},{"@type":"ListItem","position":2,"name":"Byl zah&aacute;jen program st&aacute;\u017e&iacute; Budimex 2026 &ndash; t&eacute;m\u011b\u0159 400 m&iacute;st \u010dek&aacute; na studenty a technick&eacute; studenty z cel&eacute;ho Polska"}]},{"@type":"WebSite","@id":"https:\/\/bdm-stg.mda.pl\/cs\/#website","url":"https:\/\/bdm-stg.mda.pl\/cs\/","name":"Budimex","description":"","potentialAction":[{"@type":"SearchAction","target":{"@type":"EntryPoint","urlTemplate":"https:\/\/bdm-stg.mda.pl\/cs\/?s={search_term_string}"},"query-input":"required name=search_term_string"}],"inLanguage":"cs-CZ"}]}},"_links":{"self":[{"href":"https:\/\/bdm-stg.mda.pl\/cs\/wp-json\/wp\/v2\/press\/312866"}],"collection":[{"href":"https:\/\/bdm-stg.mda.pl\/cs\/wp-json\/wp\/v2\/press"}],"about":[{"href":"https:\/\/bdm-stg.mda.pl\/cs\/wp-json\/wp\/v2\/types\/press"}],"version-history":[{"count":3,"href":"https:\/\/bdm-stg.mda.pl\/cs\/wp-json\/wp\/v2\/press\/312866\/revisions"}],"predecessor-version":[{"id":314090,"href":"https:\/\/bdm-stg.mda.pl\/cs\/wp-json\/wp\/v2\/press\/312866\/revisions\/314090"}],"wp:attachment":[{"href":"https:\/\/bdm-stg.mda.pl\/cs\/wp-json\/wp\/v2\/media?parent=312866"}],"wp:term":[{"taxonomy":"press_type","embeddable":true,"href":"https:\/\/bdm-stg.mda.pl\/cs\/wp-json\/wp\/v2\/press_type?post=312866"}],"curies":[{"name":"wp","href":"https:\/\/api.w.org\/{rel}","templated":true}]}}