{"id":316296,"date":"2026-03-11T14:11:02","date_gmt":"2026-03-11T14:11:02","guid":{"rendered":"https:\/\/bdm-stg.mda.pl\/informacje-prasowe\/budimex-dokoncil-vstavbu-zarzen-pro-seniory-a-pci-v-ostrolece\/"},"modified":"2026-03-12T15:32:22","modified_gmt":"2026-03-12T15:32:22","slug":"budimex-dokoncil-vstavbu-zarzen-pro-seniory-a-pci-v-ostrolece","status":"publish","type":"press","link":"https:\/\/bdm-stg.mda.pl\/cs\/informacje-prasowe\/budimex-dokoncil-vstavbu-zarzen-pro-seniory-a-pci-v-ostrolece\/","title":{"rendered":"Budimex dokon\u010dil v&yacute;stavbu za\u0159&iacute;zen&iacute; pro seniory a p&eacute;\u010di v Ostro\u0142\u0119ce"},"content":{"rendered":"\n<section id=\"block_10bc0c78be88bd1d336ddc5c4fe7c5f4\" class=\"text-block   -hide-dots section-margin-120\">\n    <div class=\"container\">\n        <div class=\"row\">\n            <div class=\"col-24 col-lg-16\">\n                                    <p class=\"typo-18 under-p-medium color-gray-120 text-block__date\">11.03.2026<\/p>\n                                                    <div class=\"text-block__top-texts under-h2\">\n                        <h2 class=\"text-block__title under-p-big\">Budimex dokon\u010dil v\u00fdstavbu za\u0159\u00edzen\u00ed pro seniory a\u00a0p\u00e9\u010di v\u00a0Ostro\u0142\u0119ce<\/h2>\n                                                    <p class=\"typo-18 under-p-medium color-gray-120\">\n                                \n<div class=\"card-share card-share--flex\">\n    <div class=\"card-share__inner\">\n        <p class=\"card-share__title typo-18\">Udost\u0119pnij artyku\u0142<\/p>\n        <div class=\"card-share__links\">\n            <div class=\"card-share__link card-share__link--facebook\">\n                <a href=\"https:\/\/www.facebook.com\/sharer\/sharer.php?u=https:\/\/bdm-stg.mda.pl\/cs\/informacje-prasowe\/budimex-dokoncil-vstavbu-zarzen-pro-seniory-a-pci-v-ostrolece\/\" target=\"_blank\">\n                    <span class=\"card-share__linkIcon icon icon-facebook d-flex\"><\/span>\n                <\/a>\n            <\/div>\n            <div class=\"card-share__link card-share__link--linkedin\">\n                <a href=\"https:\/\/www.linkedin.com\/shareArticle?mini=true&#038;url=https:\/\/bdm-stg.mda.pl\/cs\/informacje-prasowe\/budimex-dokoncil-vstavbu-zarzen-pro-seniory-a-pci-v-ostrolece\/\" target=\"_blank\" rel=\"nofollow\">\n                    <span class=\"card-share__linkIcon icon icon-linkedin\"><\/span>\n                <\/a>\n            <\/div>\n            <div class=\"card-share__link card-share__link--twitter\">\n                <a href=\"https:\/\/twitter.com\/intent\/tweet?url=https%3A%2F%2Fbdm-stg.mda.pl%2Fcs%2Finformacje-prasowe%2Fbudimex-dokoncil-vstavbu-zarzen-pro-seniory-a-pci-v-ostrolece%2F\" target=\"_blank\" rel=\"nofollow\">\n                    <span class=\"card-share__linkIcon icon icon-x\"><\/span>\n                <\/a>\n            <\/div>\n        <\/div>\n    <\/div>\n<\/div>                            <\/p>\n                                            <\/div>\n                                                                                    <div class=\"text-block__text text-editor\"><p><p><strong>Nejv\u011bt\u0161\u00ed gener\u00e1ln\u00ed dodavatel v\u00a0Polsku zadal do\u00a0provozu za\u0159\u00edzen\u00ed pro o\u0161et\u0159ovatelskou p\u00e9\u010di v\u00a0Ostro\u0142\u0119ce. Modern\u00ed za\u0159\u00edzen\u00ed, jeho\u017e v\u00fdstavba trvala dva roky, za\u010dne p\u0159ij\u00edmat prvn\u00ed d\u011bti v\u00a0n\u00e1sleduj\u00edc\u00edch t\u00fddnech. Investice poskytne obyvatel\u016fm regionu p\u0159\u00edstup k\u00a0profesion\u00e1ln\u00ed o\u0161et\u0159ovatelsk\u00e9 a\u00a0rehabilita\u010dn\u00ed p\u00e9\u010di v\u00a0pohodln\u00fdch podm\u00ednk\u00e1ch. Ofici\u00e1ln\u00ed otev\u0159en\u00ed se\u00a0uskute\u010dn\u00ed na\u00a0p\u0159elomu b\u0159ezna a\u00a0dubna tohoto roku. <\/strong><\/p><p>Za\u0159\u00edzen\u00ed p\u00e9\u010de a\u00a0p\u00e9\u010de v\u00a0Ostro\u0142\u0119ce, postaven\u00e9 firmou Budimex, je\u00a0jednopodla\u017en\u00ed budova s\u00a0vyu\u017eitelnou plochou 2993,60 m\u00b2 a\u00a0objemem 11 375,68 m\u00b3. Za\u0159\u00edzen\u00ed bylo navr\u017eeno ve tvaru podobn\u00e9m polovin\u011b p\u00edsmene &#8220;H&#8221; s\u00a0vnit\u0159n\u00edm zelen\u00fdm dvorem, kter\u00fd umo\u017e\u0148uje lidem vyu\u017e\u00edvaj\u00edc\u00edm p\u00e9\u010di centra z\u016fstat bezpe\u010dn\u011b a\u00a0kontrolovan\u011b venku. Budova zahrnuje mimo jin\u00e9 vstupn\u00ed prostor, dv\u011b obytn\u00e9 \u010d\u00e1sti s\u00a049 pokoji pro pacienty s\u00a0koupelnami, kancel\u00e1\u0159skou \u010d\u00e1st a\u00a0rehabilita\u010dn\u00ed odd\u011blen\u00ed s\u00a0kuchyn\u00ed a\u00a0technick\u00fdmi za\u0159\u00edzen\u00edmi.<\/p><p>Realizace investice zahrnovala nejen realizaci stavebn\u00edch prac\u00ed, ale\u00a0tak\u00e9 komplexn\u00ed vybaven\u00ed za\u0159\u00edzen\u00ed na\u00a0kl\u00ed\u010d. B\u011bhem trv\u00e1n\u00ed smlouvy byly zavedeny zm\u011bny v\u00a0n\u00e1vrhu spolu s\u00a0z\u00edsk\u00e1n\u00edm nov\u00e9ho stavebn\u00edho povolen\u00ed. V\u00a0d\u016fsledku roz\u0161\u00ed\u0159en\u00ed rozsahu prac\u00ed vzrostla hodnota smlouvy z\u00a021 095 416 PLN hrub\u011b na\u00a032 148 623,16 PLN hrub\u011b. Prvn\u00ed obyvatel\u00e9 se\u00a0do\u00a0nov\u00e9 budovy nast\u011bhuj\u00ed v\u00a0b\u0159eznu 2026 a\u00a0slavnostn\u00ed otev\u0159en\u00ed za\u0159\u00edzen\u00ed je\u00a0napl\u00e1nov\u00e1no na\u00a0p\u0159elom b\u0159ezna a\u00a0dubna.<\/p><p><em>&#8211; V\u00fdstavba za\u0159\u00edzen\u00ed pro seniory a\u00a0p\u00e9\u010di v\u00a0Ostro\u0142\u0119ce je\u00a0projektem zvl\u00e1\u0161tn\u00edho spole\u010densk\u00e9ho v\u00fdznamu. Na\u0161\u00edm c\u00edlem bylo vytvo\u0159it m\u00edsto, kter\u00e9 obyvatel\u016fm poskytne bezpe\u010d\u00ed, pohodl\u00ed a\u00a0p\u0159\u00edstup k\u00a0modern\u00ed l\u00e9ka\u0159sk\u00e9 a\u00a0rehabilita\u010dn\u00ed p\u00e9\u010di. Jsme r\u00e1di, \u017ee d\u00edky t\u00e9to investici z\u00edskaj\u00ed obyvatel\u00e9 regionu nov\u00e9, dob\u0159e vybaven\u00e9 za\u0159\u00edzen\u00ed a\u00a0zdravotnick\u00fd person\u00e1l bude moci pracovat v\u00a0funk\u010dn\u00edm a\u00a0modern\u00edm prostoru,&#8221;<\/em> <strong>\u0159\u00edk\u00e1 Andrzej Sadowski, mana\u017eer smluv ve spole\u010dnosti Budimex SA.<\/strong><\/p><p>Budimex ji\u017e mnoho let realizuje investice souvisej\u00edc\u00ed s\u00a0infrastrukturou zdravotn\u00ed a\u00a0soci\u00e1ln\u00ed p\u00e9\u010de v\u00a0Polsku. V\u00a0posledn\u00edch letech spole\u010dnost realizovala mimo jin\u00e9 projekty pro Samostatnou ve\u0159ejnou klinickou nemocnici \u010d. 1 L\u00e9ka\u0159sk\u00e9 univerzity v\u00a0Lublinu, Rydygierskou region\u00e1ln\u00ed nemocnici v\u00a0Toruni a\u00a0prob\u00edhaj\u00edc\u00ed rekonstrukci Vojensk\u00e9 nemocnice v\u00a0Krakov\u011b, kter\u00e1 modernizuje z\u00e1kladnu nemocnice v\u00a0regionu. V\u00a0Ostro\u0142\u0119ce byla spole\u010dnost tak\u00e9 dodavatelem Muzea proklet\u00fdch voj\u00e1k\u016f.<\/p><p>Spole\u010dnost se\u00a0tak\u00e9 zapojuje do\u00a0spole\u010densk\u00fdch aktivit souvisej\u00edc\u00edch se\u00a0zdravotn\u00ed p\u00e9\u010d\u00ed. Budimex ji\u017e 14 let realizuje iniciativu &#8220;Parent Zone&#8221;, jej\u00edm\u017e c\u00edlem je\u00a0vytv\u00e1\u0159et p\u0159\u00e1telsk\u00e9 prostory pro d\u011bti pob\u00fdvaj\u00edc\u00ed v\u00a0nemocnic\u00edch a\u00a0jejich pe\u010dovatele. V\u00a0srpnu 2025 spole\u010dnost otev\u0159ela sv\u016fj 45. v\u00fdro\u010dn\u00ed sportovn\u00ed hal. Parent Zone, tentokr\u00e1t v\u00a0otolaryngologick\u00e9 klinice N\u00e1rodn\u00edho institutu d\u011btsk\u00fdch nemoc\u00ed v\u00a0Bratislav\u011b. Spole\u010dnost pat\u0159\u00ed mezi nejv\u011bt\u0161\u00ed dodavatele infrastrukturn\u00edch a\u00a0kubatick\u00fdch investic v\u00a0Polsku, realizuje projekty soci\u00e1ln\u00edho, ekonomick\u00e9ho a\u00a0komunika\u010dn\u00edho v\u00fdznamu po\u00a0cel\u00e9 zemi.<\/p><p>&nbsp;<\/p><\/p><\/div>\n                            <\/div>\n                                                                                                                                <\/div>\n    <\/div>\n<\/section> \n    <section id=\"block_b6d16ccba2133a1d8d4d73df6ba526e4\" class=\"gallery-section section-margin-120\" data-per-page=\"8\" data-per-row=\"4\" data-type=\"zdjecia\">\n        <div class=\"container\">\n            <div class=\"row\">\n                                    <div class=\"col-24\">\n                        <h2 class=\"gallery-section__title under-h2\">Galerie<\/h2>\n                    <\/div>\n                            <\/div>\n            <div class=\"row\">\n                <div class=\"col-24\">\n                                                                        <div class=\"gallery-section__grid gallery-section__grid--4\">\n                                \n                        <div class=\"gallery-section__image gallery-section__image--single\">\n                <a href=\"https:\/\/bdm-stg.mda.pl\/app\/uploads\/2026\/03\/img20260306110903-32-scaled.jpg\">\n                                        <img loading=\"lazy\" decoding=\"async\" width=\"2560\" height=\"1920\" src=\"https:\/\/bdm-stg.mda.pl\/app\/uploads\/2026\/03\/img20260306110903-32-scaled.jpg\" class=\"attachment-full size-full\" alt=\"\" \/>                                    <\/a>\n                            <\/div>\n                                <div class=\"gallery-section__image gallery-section__image--single\">\n                <a href=\"https:\/\/bdm-stg.mda.pl\/app\/uploads\/2026\/03\/img20260306093912-32-scaled.jpg\">\n                                        <img loading=\"lazy\" decoding=\"async\" width=\"2560\" height=\"1920\" src=\"https:\/\/bdm-stg.mda.pl\/app\/uploads\/2026\/03\/img20260306093912-32-scaled.jpg\" class=\"attachment-full size-full\" alt=\"\" \/>                                    <\/a>\n                            <\/div>\n                                <div class=\"gallery-section__image gallery-section__image--single\">\n                <a href=\"https:\/\/bdm-stg.mda.pl\/app\/uploads\/2026\/03\/img_8487-32-scaled.jpg\">\n                                        <img loading=\"lazy\" decoding=\"async\" width=\"2560\" height=\"1920\" src=\"https:\/\/bdm-stg.mda.pl\/app\/uploads\/2026\/03\/img_8487-32-scaled.jpg\" class=\"attachment-full size-full\" alt=\"\" \/>                                    <\/a>\n                            <\/div>\n                                <div class=\"gallery-section__image gallery-section__image--single\">\n                <a href=\"https:\/\/bdm-stg.mda.pl\/app\/uploads\/2026\/03\/img_8466-32-scaled.jpg\">\n                                        <img loading=\"lazy\" decoding=\"async\" width=\"1920\" height=\"2560\" src=\"https:\/\/bdm-stg.mda.pl\/app\/uploads\/2026\/03\/img_8466-32-scaled.jpg\" class=\"attachment-full size-full\" alt=\"\" \/>                                    <\/a>\n                            <\/div>\n                                <div class=\"gallery-section__image gallery-section__image--single\">\n                <a href=\"https:\/\/bdm-stg.mda.pl\/app\/uploads\/2026\/03\/img_8472-32-scaled.jpg\">\n                                        <img loading=\"lazy\" decoding=\"async\" width=\"2560\" height=\"1920\" src=\"https:\/\/bdm-stg.mda.pl\/app\/uploads\/2026\/03\/img_8472-32-scaled.jpg\" class=\"attachment-full size-full\" alt=\"\" \/>                                    <\/a>\n                            <\/div>\n                                <div class=\"gallery-section__image gallery-section__image--single\">\n                <a href=\"https:\/\/bdm-stg.mda.pl\/app\/uploads\/2026\/03\/img_8476-32-scaled.jpg\">\n                                        <img loading=\"lazy\" decoding=\"async\" width=\"1920\" height=\"2560\" src=\"https:\/\/bdm-stg.mda.pl\/app\/uploads\/2026\/03\/img_8476-32-scaled.jpg\" class=\"attachment-full size-full\" alt=\"\" \/>                                    <\/a>\n                            <\/div>\n                                <div class=\"gallery-section__image gallery-section__image--single\">\n                <a href=\"https:\/\/bdm-stg.mda.pl\/app\/uploads\/2026\/03\/img_8481-32-scaled.jpg\">\n                                        <img loading=\"lazy\" decoding=\"async\" width=\"2560\" height=\"1920\" src=\"https:\/\/bdm-stg.mda.pl\/app\/uploads\/2026\/03\/img_8481-32-scaled.jpg\" class=\"attachment-full size-full\" alt=\"\" \/>                                    <\/a>\n                            <\/div>\n                                <div class=\"gallery-section__image gallery-section__image--single\">\n                <a href=\"https:\/\/bdm-stg.mda.pl\/app\/uploads\/2026\/03\/img_8423-32-scaled.jpg\">\n                                        <img loading=\"lazy\" decoding=\"async\" width=\"2560\" height=\"1920\" src=\"https:\/\/bdm-stg.mda.pl\/app\/uploads\/2026\/03\/img_8423-32-scaled.jpg\" class=\"attachment-full size-full\" alt=\"\" \/>                                    <\/a>\n                            <\/div>\n            \n                            <\/div>\n                                                                                        <\/div>\n            <\/div>\n        <\/div>\n    <\/section>\n ","protected":false},"excerpt":{"rendered":"","protected":false},"featured_media":0,"parent":0,"template":"","press_type":[],"acf":[],"yoast_head":"<!-- This site is optimized with the Yoast SEO plugin v22.5 - https:\/\/yoast.com\/wordpress\/plugins\/seo\/ -->\n<title>Budimex dokon\u010dil v&yacute;stavbu za\u0159&iacute;zen&iacute; pro seniory a p&eacute;\u010di v Ostro\u0142\u0119ce - Budimex<\/title>\n<meta name=\"robots\" content=\"noindex, follow, max-snippet:-1, max-image-preview:large, max-video-preview:-1\" \/>\n<meta property=\"og:locale\" content=\"cs_CZ\" \/>\n<meta property=\"og:type\" content=\"article\" \/>\n<meta property=\"og:title\" content=\"Budimex dokon\u010dil v&yacute;stavbu za\u0159&iacute;zen&iacute; pro seniory a p&eacute;\u010di v Ostro\u0142\u0119ce - Budimex\" \/>\n<meta property=\"og:url\" content=\"https:\/\/bdm-stg.mda.pl\/cs\/informacje-prasowe\/budimex-dokoncil-vstavbu-zarzen-pro-seniory-a-pci-v-ostrolece\/\" \/>\n<meta property=\"og:site_name\" content=\"Budimex\" \/>\n<meta property=\"article:modified_time\" content=\"2026-03-12T15:32:22+00:00\" \/>\n<meta name=\"twitter:card\" content=\"summary_large_image\" \/>\n<script type=\"application\/ld+json\" class=\"yoast-schema-graph\">{\"@context\":\"https:\/\/schema.org\",\"@graph\":[{\"@type\":\"WebPage\",\"@id\":\"https:\/\/bdm-stg.mda.pl\/cs\/informacje-prasowe\/budimex-dokoncil-vstavbu-zarzen-pro-seniory-a-pci-v-ostrolece\/\",\"url\":\"https:\/\/bdm-stg.mda.pl\/cs\/informacje-prasowe\/budimex-dokoncil-vstavbu-zarzen-pro-seniory-a-pci-v-ostrolece\/\",\"name\":\"Budimex dokon\u010dil v&yacute;stavbu za\u0159&iacute;zen&iacute; pro seniory a p&eacute;\u010di v Ostro\u0142\u0119ce - Budimex\",\"isPartOf\":{\"@id\":\"https:\/\/bdm-stg.mda.pl\/cs\/#website\"},\"datePublished\":\"2026-03-11T14:11:02+00:00\",\"dateModified\":\"2026-03-12T15:32:22+00:00\",\"breadcrumb\":{\"@id\":\"https:\/\/bdm-stg.mda.pl\/cs\/informacje-prasowe\/budimex-dokoncil-vstavbu-zarzen-pro-seniory-a-pci-v-ostrolece\/#breadcrumb\"},\"inLanguage\":\"cs-CZ\",\"potentialAction\":[{\"@type\":\"ReadAction\",\"target\":[\"https:\/\/bdm-stg.mda.pl\/cs\/informacje-prasowe\/budimex-dokoncil-vstavbu-zarzen-pro-seniory-a-pci-v-ostrolece\/\"]}]},{\"@type\":\"BreadcrumbList\",\"@id\":\"https:\/\/bdm-stg.mda.pl\/cs\/informacje-prasowe\/budimex-dokoncil-vstavbu-zarzen-pro-seniory-a-pci-v-ostrolece\/#breadcrumb\",\"itemListElement\":[{\"@type\":\"ListItem\",\"position\":1,\"name\":\"Strona g\u0142\u00f3wna\",\"item\":\"https:\/\/bdm-stg.mda.pl\/cs\/\"},{\"@type\":\"ListItem\",\"position\":2,\"name\":\"Budimex dokon\u010dil v&yacute;stavbu za\u0159&iacute;zen&iacute; pro seniory a p&eacute;\u010di v Ostro\u0142\u0119ce\"}]},{\"@type\":\"WebSite\",\"@id\":\"https:\/\/bdm-stg.mda.pl\/cs\/#website\",\"url\":\"https:\/\/bdm-stg.mda.pl\/cs\/\",\"name\":\"Budimex\",\"description\":\"\",\"potentialAction\":[{\"@type\":\"SearchAction\",\"target\":{\"@type\":\"EntryPoint\",\"urlTemplate\":\"https:\/\/bdm-stg.mda.pl\/cs\/?s={search_term_string}\"},\"query-input\":\"required name=search_term_string\"}],\"inLanguage\":\"cs-CZ\"}]}<\/script>\n<!-- \/ Yoast SEO plugin. -->","yoast_head_json":{"title":"Budimex dokon\u010dil v&yacute;stavbu za\u0159&iacute;zen&iacute; pro seniory a p&eacute;\u010di v Ostro\u0142\u0119ce - Budimex","robots":{"index":"noindex","follow":"follow","max-snippet":"max-snippet:-1","max-image-preview":"max-image-preview:large","max-video-preview":"max-video-preview:-1"},"og_locale":"cs_CZ","og_type":"article","og_title":"Budimex dokon\u010dil v&yacute;stavbu za\u0159&iacute;zen&iacute; pro seniory a p&eacute;\u010di v Ostro\u0142\u0119ce - Budimex","og_url":"https:\/\/bdm-stg.mda.pl\/cs\/informacje-prasowe\/budimex-dokoncil-vstavbu-zarzen-pro-seniory-a-pci-v-ostrolece\/","og_site_name":"Budimex","article_modified_time":"2026-03-12T15:32:22+00:00","twitter_card":"summary_large_image","schema":{"@context":"https:\/\/schema.org","@graph":[{"@type":"WebPage","@id":"https:\/\/bdm-stg.mda.pl\/cs\/informacje-prasowe\/budimex-dokoncil-vstavbu-zarzen-pro-seniory-a-pci-v-ostrolece\/","url":"https:\/\/bdm-stg.mda.pl\/cs\/informacje-prasowe\/budimex-dokoncil-vstavbu-zarzen-pro-seniory-a-pci-v-ostrolece\/","name":"Budimex dokon\u010dil v&yacute;stavbu za\u0159&iacute;zen&iacute; pro seniory a p&eacute;\u010di v Ostro\u0142\u0119ce - Budimex","isPartOf":{"@id":"https:\/\/bdm-stg.mda.pl\/cs\/#website"},"datePublished":"2026-03-11T14:11:02+00:00","dateModified":"2026-03-12T15:32:22+00:00","breadcrumb":{"@id":"https:\/\/bdm-stg.mda.pl\/cs\/informacje-prasowe\/budimex-dokoncil-vstavbu-zarzen-pro-seniory-a-pci-v-ostrolece\/#breadcrumb"},"inLanguage":"cs-CZ","potentialAction":[{"@type":"ReadAction","target":["https:\/\/bdm-stg.mda.pl\/cs\/informacje-prasowe\/budimex-dokoncil-vstavbu-zarzen-pro-seniory-a-pci-v-ostrolece\/"]}]},{"@type":"BreadcrumbList","@id":"https:\/\/bdm-stg.mda.pl\/cs\/informacje-prasowe\/budimex-dokoncil-vstavbu-zarzen-pro-seniory-a-pci-v-ostrolece\/#breadcrumb","itemListElement":[{"@type":"ListItem","position":1,"name":"Strona g\u0142\u00f3wna","item":"https:\/\/bdm-stg.mda.pl\/cs\/"},{"@type":"ListItem","position":2,"name":"Budimex dokon\u010dil v&yacute;stavbu za\u0159&iacute;zen&iacute; pro seniory a p&eacute;\u010di v Ostro\u0142\u0119ce"}]},{"@type":"WebSite","@id":"https:\/\/bdm-stg.mda.pl\/cs\/#website","url":"https:\/\/bdm-stg.mda.pl\/cs\/","name":"Budimex","description":"","potentialAction":[{"@type":"SearchAction","target":{"@type":"EntryPoint","urlTemplate":"https:\/\/bdm-stg.mda.pl\/cs\/?s={search_term_string}"},"query-input":"required name=search_term_string"}],"inLanguage":"cs-CZ"}]}},"_links":{"self":[{"href":"https:\/\/bdm-stg.mda.pl\/cs\/wp-json\/wp\/v2\/press\/316296"}],"collection":[{"href":"https:\/\/bdm-stg.mda.pl\/cs\/wp-json\/wp\/v2\/press"}],"about":[{"href":"https:\/\/bdm-stg.mda.pl\/cs\/wp-json\/wp\/v2\/types\/press"}],"version-history":[{"count":3,"href":"https:\/\/bdm-stg.mda.pl\/cs\/wp-json\/wp\/v2\/press\/316296\/revisions"}],"predecessor-version":[{"id":318476,"href":"https:\/\/bdm-stg.mda.pl\/cs\/wp-json\/wp\/v2\/press\/316296\/revisions\/318476"}],"wp:attachment":[{"href":"https:\/\/bdm-stg.mda.pl\/cs\/wp-json\/wp\/v2\/media?parent=316296"}],"wp:term":[{"taxonomy":"press_type","embeddable":true,"href":"https:\/\/bdm-stg.mda.pl\/cs\/wp-json\/wp\/v2\/press_type?post=316296"}],"curies":[{"name":"wp","href":"https:\/\/api.w.org\/{rel}","templated":true}]}}