{"id":324571,"date":"2026-03-26T13:36:50","date_gmt":"2026-03-26T13:36:50","guid":{"rendered":"https:\/\/bdm-stg.mda.pl\/informacje-prasowe\/budimex-otevrel-ctvrtou-znu-pro-studenty-v-polsku-ve-walcz-jiz-funguje-nov-prostor-pro-ucen-odpocinek-a-setkn\/"},"modified":"2026-03-27T15:42:03","modified_gmt":"2026-03-27T15:42:03","slug":"budimex-otevrel-ctvrtou-znu-pro-studenty-v-polsku-ve-walcz-jiz-funguje-nov-prostor-pro-ucen-odpocinek-a-setkn","status":"publish","type":"press","link":"https:\/\/bdm-stg.mda.pl\/cs\/informacje-prasowe\/budimex-otevrel-ctvrtou-znu-pro-studenty-v-polsku-ve-walcz-jiz-funguje-nov-prostor-pro-ucen-odpocinek-a-setkn\/","title":{"rendered":"Budimex otev\u0159el \u010dtvrtou z&oacute;nu pro studenty v Polsku.Ve Wa\u0142cz ji\u017e funguje nov&yacute; prostor pro u\u010den&iacute;, odpo\u010dinek a setk&aacute;n&iacute;"},"content":{"rendered":"\n<section id=\"block_c6c9bb8df497b49ae08358854b6cd44a\" class=\"text-block   -hide-dots section-margin-120\">\n    <div class=\"container\">\n        <div class=\"row\">\n            <div class=\"col-24 col-lg-16\">\n                                    <p class=\"typo-18 under-p-medium color-gray-120 text-block__date\">26.03.2026<\/p>\n                                                    <div class=\"text-block__top-texts under-h2\">\n                        <h2 class=\"text-block__title under-p-big\">Budimex otev\u0159el \u010dtvrtou z\u00f3nu pro studenty v\u00a0Polsku.Ve Wa\u0142cz ji\u017e funguje nov\u00fd prostor pro u\u010den\u00ed, odpo\u010dinek a\u00a0setk\u00e1n\u00ed<\/h2>\n                                                    <p class=\"typo-18 under-p-medium color-gray-120\">\n                                \n<div class=\"card-share card-share--flex\">\n    <div class=\"card-share__inner\">\n        <p class=\"card-share__title typo-18\">Udost\u0119pnij artyku\u0142<\/p>\n        <div class=\"card-share__links\">\n            <div class=\"card-share__link card-share__link--facebook\">\n                <a href=\"https:\/\/www.facebook.com\/sharer\/sharer.php?u=https:\/\/bdm-stg.mda.pl\/cs\/informacje-prasowe\/budimex-otevrel-ctvrtou-znu-pro-studenty-v-polsku-ve-walcz-jiz-funguje-nov-prostor-pro-ucen-odpocinek-a-setkn\/\" target=\"_blank\">\n                    <span class=\"card-share__linkIcon icon icon-facebook d-flex\"><\/span>\n                <\/a>\n            <\/div>\n            <div class=\"card-share__link card-share__link--linkedin\">\n                <a href=\"https:\/\/www.linkedin.com\/shareArticle?mini=true&#038;url=https:\/\/bdm-stg.mda.pl\/cs\/informacje-prasowe\/budimex-otevrel-ctvrtou-znu-pro-studenty-v-polsku-ve-walcz-jiz-funguje-nov-prostor-pro-ucen-odpocinek-a-setkn\/\" target=\"_blank\" rel=\"nofollow\">\n                    <span class=\"card-share__linkIcon icon icon-linkedin\"><\/span>\n                <\/a>\n            <\/div>\n            <div class=\"card-share__link card-share__link--twitter\">\n                <a href=\"https:\/\/twitter.com\/intent\/tweet?url=https%3A%2F%2Fbdm-stg.mda.pl%2Fcs%2Finformacje-prasowe%2Fbudimex-otevrel-ctvrtou-znu-pro-studenty-v-polsku-ve-walcz-jiz-funguje-nov-prostor-pro-ucen-odpocinek-a-setkn%2F\" target=\"_blank\" rel=\"nofollow\">\n                    <span class=\"card-share__linkIcon icon icon-x\"><\/span>\n                <\/a>\n            <\/div>\n        <\/div>\n    <\/div>\n<\/div>                            <\/p>\n                                            <\/div>\n                                                                                    <div class=\"text-block__text text-editor\"><p><p><strong>\u0160kola nen\u00ed jen o\u00a0lekc\u00edch, testech a\u00a0u\u010debn\u00edch osnov\u00e1ch. Je\u00a0to\u00a0tak\u00e9 m\u00edsto, kde mlad\u00ed lid\u00e9 tr\u00e1v\u00ed velkou \u010d\u00e1st dne, buduj\u00ed vztahy, rozv\u00edjej\u00ed z\u00e1jmy a\u00a0za\u010d\u00ednaj\u00ed p\u0159em\u00fd\u0161let o\u00a0sv\u00e9 profesn\u00ed budoucnosti. S\u00a0ohledem na\u00a0tyto pot\u0159eby byla vytvo\u0159ena nov\u00e1 &#8220;Budimex z\u00f3na&#8221;, kter\u00e1 byla vyvinuta ve prosp\u011bch Okresn\u00edho centra pro celo\u017eivotn\u00ed a\u00a0odborn\u00e9 vzd\u011bl\u00e1v\u00e1n\u00ed ve Wa\u0142czi a\u00a0Centra pr\u016fmyslov\u00fdch dovednost\u00ed.<\/strong><\/p><p>Slavnostn\u00ed otev\u0159en\u00ed z\u00f3ny se\u00a0uskute\u010dnilo 24. b\u0159ezna tohoto roku, co\u017e je\u00a0\u010dtvrt\u00fd takov\u00fd prostor Budimex v\u00a0Polsku, co\u017e je\u00a0dal\u0161\u00ed p\u0159\u00edklad aktivit spole\u010dnosti v\u00a0oblasti technick\u00e9ho vzd\u011bl\u00e1v\u00e1n\u00ed a\u00a0rozvoje budouc\u00edch zam\u011bstnanc\u016f pro stavebn\u00ed pr\u016fmysl. &#8220;Budimex Zone&#8221; je\u00a0ur\u010dena k\u00a0tomu, aby student\u016fm slou\u017eila ka\u017ed\u00fd den \u2013 jako m\u00edsto pro u\u010den\u00ed, odpo\u010dinek a\u00a0setk\u00e1v\u00e1n\u00ed mezi hodinami. Je\u00a0to\u00a0p\u0159\u00e1telsk\u00e9 a\u00a0funk\u010dn\u00ed m\u00edsto, kter\u00e9 m\u00e1 inspirovat, integrovat a\u00a0podporovat rozvoj z\u00e1jm\u016f.<\/p><p>&#8221; <em>Chceme b\u00fdt p\u0159\u00edtomni tam, kde se\u00a0na\u00a0trhu formuj\u00ed pot\u0159ebn\u00e9 kompetence, a\u00a0podporovat studenty nejen prost\u0159ednictv\u00edm st\u00e1\u017e\u00ed nebo kurz\u016f s\u00a0odborn\u00edky, ale\u00a0tak\u00e9 vytv\u00e1\u0159en\u00edm m\u00edst vhodn\u00fdch pro u\u010den\u00ed, integraci a\u00a0objevov\u00e1n\u00ed v\u00e1\u0161n\u00ed. V\u011b\u0159\u00edme, \u017ee spolupr\u00e1ce s\u00a0odborn\u00fdmi \u0161kolami je\u00a0skute\u010dnou investic\u00ed do\u00a0budoucnosti stavebnictv\u00ed a\u00a0mlad\u00fdch lid\u00ed, kte\u0159\u00ed budou tento sektor v\u00a0nadch\u00e1zej\u00edc\u00edch letech spoluvytv\u00e1\u0159et. Budimex Zone ve Wa\u0142cz je\u00a0vyj\u00e1d\u0159en\u00edm takov\u00e9ho p\u0159\u00edstupu \u2013 m\u00e1 inspirovat studenty a\u00a0uk\u00e1zat, \u017ee stavebnictv\u00ed m\u016f\u017ee b\u00fdt zaj\u00edmavou a\u00a0slibnou kari\u00e9rn\u00ed cestou <\/em>\u2013 \u0159\u00edk\u00e1 Piotr Mandziak, mana\u017eer kontrakt\u016f ve spole\u010dnosti Budimex SA.<\/p><p>Otev\u0159en\u00ed z\u00f3ny je\u00a0pokra\u010dov\u00e1n\u00edm spolupr\u00e1ce Budimexu s\u00a0Okresn\u00edm centrem pro celo\u017eivotn\u00ed a\u00a0odborn\u00e9 vzd\u011bl\u00e1v\u00e1n\u00ed ve Wa\u0142czi. V\u00a0\u0159\u00edjnu lo\u0148sk\u00e9ho roku spole\u010dnost podepsala trojstrannou dohodu se\u00a0\u0161kolou a\u00a0Centrem pr\u016fmyslov\u00fdch dovednost\u00ed v\u00a0oblasti stavebn\u00edch prac\u00ed. C\u00edlem partnerstv\u00ed je\u00a0l\u00e9pe p\u0159ipravit budouc\u00ed profesion\u00e1ly na\u00a0vstup na\u00a0trh pr\u00e1ce a\u00a0pos\u00edlit praktickou dimenzi odborn\u00e9ho vzd\u011bl\u00e1v\u00e1n\u00ed.<\/p><p>Budimex d\u016fsledn\u011b podporuje posilov\u00e1n\u00ed profesn\u00edch kompetenc\u00ed mlad\u00e9 generace zapojen\u00edm se\u00a0do\u00a0projekt\u016f technick\u00e9ho vzd\u011bl\u00e1v\u00e1n\u00ed. Spole\u010dnost dosud podepsala 27 dohod o\u00a0spolupr\u00e1ci s\u00a0univerzitami a\u00a054 strategick\u00fdch partnerstv\u00ed se\u00a0\u0161kolami po\u00a0cel\u00e9m Polsku.<\/p><p>Dnes jsou Wa\u0142cz a\u00a0jeho okol\u00ed jedn\u00edm z\u00a0d\u016fle\u017eit\u00fdch bod\u016f investi\u010dn\u00ed mapy Budimexu. Pr\u00e1v\u011b v\u00a0t\u00e9to oblasti spole\u010dnost realizuje \u00faseky d\u00e1lnice S10 \u2013 trasy, kter\u00e1 v\u00a0budoucnu spoj\u00ed \u0160t\u011bt\u00edn s\u00a0Var\u0161avou a\u00a0zm\u011bn\u00ed dopravn\u00ed syst\u00e9m severoz\u00e1padn\u00edho Polska.<\/p><\/p><\/div>\n                            <\/div>\n                                                                                                                                <\/div>\n    <\/div>\n<\/section> \n    <section id=\"block_ffda478ed128aff7348029e55551b0c2\" class=\"gallery-section section-margin-120\" data-per-page=\"8\" data-per-row=\"4\" data-type=\"zdjecia\">\n        <div class=\"container\">\n            <div class=\"row\">\n                                    <div class=\"col-24\">\n                        <h2 class=\"gallery-section__title under-h2\">Galerie<\/h2>\n                    <\/div>\n                            <\/div>\n            <div class=\"row\">\n                <div class=\"col-24\">\n                                                                        <div class=\"gallery-section__grid gallery-section__grid--4\">\n                                \n                        <div class=\"gallery-section__image gallery-section__image--single\">\n                <a href=\"https:\/\/bdm-stg.mda.pl\/app\/uploads\/2026\/03\/dsc_0400-32-scaled.jpg\">\n                                        <img loading=\"lazy\" decoding=\"async\" width=\"2560\" height=\"1707\" src=\"https:\/\/bdm-stg.mda.pl\/app\/uploads\/2026\/03\/dsc_0400-32-scaled.jpg\" class=\"attachment-full size-full\" alt=\"\" \/>                                    <\/a>\n                            <\/div>\n                                <div class=\"gallery-section__image gallery-section__image--single\">\n                <a href=\"https:\/\/bdm-stg.mda.pl\/app\/uploads\/2026\/03\/dsc_0424-32-scaled.jpg\">\n                                        <img loading=\"lazy\" decoding=\"async\" width=\"2560\" height=\"1707\" src=\"https:\/\/bdm-stg.mda.pl\/app\/uploads\/2026\/03\/dsc_0424-32-scaled.jpg\" class=\"attachment-full size-full\" alt=\"\" \/>                                    <\/a>\n                            <\/div>\n                                <div class=\"gallery-section__image gallery-section__image--single\">\n                <a href=\"https:\/\/bdm-stg.mda.pl\/app\/uploads\/2026\/03\/dsc_0483-32-scaled.jpg\">\n                                        <img loading=\"lazy\" decoding=\"async\" width=\"2560\" height=\"1707\" src=\"https:\/\/bdm-stg.mda.pl\/app\/uploads\/2026\/03\/dsc_0483-32-scaled.jpg\" class=\"attachment-full size-full\" alt=\"\" \/>                                    <\/a>\n                            <\/div>\n                                <div class=\"gallery-section__image gallery-section__image--single\">\n                <a href=\"https:\/\/bdm-stg.mda.pl\/app\/uploads\/2026\/03\/dsc_0489-32-scaled.jpg\">\n                                        <img loading=\"lazy\" decoding=\"async\" width=\"2560\" height=\"1707\" src=\"https:\/\/bdm-stg.mda.pl\/app\/uploads\/2026\/03\/dsc_0489-32-scaled.jpg\" class=\"attachment-full size-full\" alt=\"\" \/>                                    <\/a>\n                            <\/div>\n            \n                            <\/div>\n                                                                                        <\/div>\n            <\/div>\n        <\/div>\n    <\/section>\n ","protected":false},"excerpt":{"rendered":"","protected":false},"featured_media":0,"parent":0,"template":"","press_type":[],"acf":[],"yoast_head":"<!-- This site is optimized with the Yoast SEO plugin v22.5 - https:\/\/yoast.com\/wordpress\/plugins\/seo\/ -->\n<title>Budimex otev\u0159el \u010dtvrtou z&oacute;nu pro studenty v Polsku.Ve Wa\u0142cz ji\u017e funguje nov&yacute; prostor pro u\u010den&iacute;, odpo\u010dinek a setk&aacute;n&iacute; - Budimex<\/title>\n<meta name=\"robots\" content=\"noindex, follow, max-snippet:-1, max-image-preview:large, max-video-preview:-1\" \/>\n<meta property=\"og:locale\" content=\"cs_CZ\" \/>\n<meta property=\"og:type\" content=\"article\" \/>\n<meta property=\"og:title\" content=\"Budimex otev\u0159el \u010dtvrtou z&oacute;nu pro studenty v Polsku.Ve Wa\u0142cz ji\u017e funguje nov&yacute; prostor pro u\u010den&iacute;, odpo\u010dinek a setk&aacute;n&iacute; - Budimex\" \/>\n<meta property=\"og:url\" content=\"https:\/\/bdm-stg.mda.pl\/cs\/informacje-prasowe\/budimex-otevrel-ctvrtou-znu-pro-studenty-v-polsku-ve-walcz-jiz-funguje-nov-prostor-pro-ucen-odpocinek-a-setkn\/\" \/>\n<meta property=\"og:site_name\" content=\"Budimex\" \/>\n<meta property=\"article:modified_time\" content=\"2026-03-27T15:42:03+00:00\" \/>\n<meta name=\"twitter:card\" content=\"summary_large_image\" \/>\n<script type=\"application\/ld+json\" class=\"yoast-schema-graph\">{\"@context\":\"https:\/\/schema.org\",\"@graph\":[{\"@type\":\"WebPage\",\"@id\":\"https:\/\/bdm-stg.mda.pl\/cs\/informacje-prasowe\/budimex-otevrel-ctvrtou-znu-pro-studenty-v-polsku-ve-walcz-jiz-funguje-nov-prostor-pro-ucen-odpocinek-a-setkn\/\",\"url\":\"https:\/\/bdm-stg.mda.pl\/cs\/informacje-prasowe\/budimex-otevrel-ctvrtou-znu-pro-studenty-v-polsku-ve-walcz-jiz-funguje-nov-prostor-pro-ucen-odpocinek-a-setkn\/\",\"name\":\"Budimex otev\u0159el \u010dtvrtou z&oacute;nu pro studenty v Polsku.Ve Wa\u0142cz ji\u017e funguje nov&yacute; prostor pro u\u010den&iacute;, odpo\u010dinek a setk&aacute;n&iacute; - Budimex\",\"isPartOf\":{\"@id\":\"https:\/\/bdm-stg.mda.pl\/cs\/#website\"},\"datePublished\":\"2026-03-26T13:36:50+00:00\",\"dateModified\":\"2026-03-27T15:42:03+00:00\",\"breadcrumb\":{\"@id\":\"https:\/\/bdm-stg.mda.pl\/cs\/informacje-prasowe\/budimex-otevrel-ctvrtou-znu-pro-studenty-v-polsku-ve-walcz-jiz-funguje-nov-prostor-pro-ucen-odpocinek-a-setkn\/#breadcrumb\"},\"inLanguage\":\"cs-CZ\",\"potentialAction\":[{\"@type\":\"ReadAction\",\"target\":[\"https:\/\/bdm-stg.mda.pl\/cs\/informacje-prasowe\/budimex-otevrel-ctvrtou-znu-pro-studenty-v-polsku-ve-walcz-jiz-funguje-nov-prostor-pro-ucen-odpocinek-a-setkn\/\"]}]},{\"@type\":\"BreadcrumbList\",\"@id\":\"https:\/\/bdm-stg.mda.pl\/cs\/informacje-prasowe\/budimex-otevrel-ctvrtou-znu-pro-studenty-v-polsku-ve-walcz-jiz-funguje-nov-prostor-pro-ucen-odpocinek-a-setkn\/#breadcrumb\",\"itemListElement\":[{\"@type\":\"ListItem\",\"position\":1,\"name\":\"Strona g\u0142\u00f3wna\",\"item\":\"https:\/\/bdm-stg.mda.pl\/cs\/\"},{\"@type\":\"ListItem\",\"position\":2,\"name\":\"Budimex otev\u0159el \u010dtvrtou z&oacute;nu pro studenty v Polsku.Ve Wa\u0142cz ji\u017e funguje nov&yacute; prostor pro u\u010den&iacute;, odpo\u010dinek a setk&aacute;n&iacute;\"}]},{\"@type\":\"WebSite\",\"@id\":\"https:\/\/bdm-stg.mda.pl\/cs\/#website\",\"url\":\"https:\/\/bdm-stg.mda.pl\/cs\/\",\"name\":\"Budimex\",\"description\":\"\",\"potentialAction\":[{\"@type\":\"SearchAction\",\"target\":{\"@type\":\"EntryPoint\",\"urlTemplate\":\"https:\/\/bdm-stg.mda.pl\/cs\/?s={search_term_string}\"},\"query-input\":\"required name=search_term_string\"}],\"inLanguage\":\"cs-CZ\"}]}<\/script>\n<!-- \/ Yoast SEO plugin. -->","yoast_head_json":{"title":"Budimex otev\u0159el \u010dtvrtou z&oacute;nu pro studenty v Polsku.Ve Wa\u0142cz ji\u017e funguje nov&yacute; prostor pro u\u010den&iacute;, odpo\u010dinek a setk&aacute;n&iacute; - Budimex","robots":{"index":"noindex","follow":"follow","max-snippet":"max-snippet:-1","max-image-preview":"max-image-preview:large","max-video-preview":"max-video-preview:-1"},"og_locale":"cs_CZ","og_type":"article","og_title":"Budimex otev\u0159el \u010dtvrtou z&oacute;nu pro studenty v Polsku.Ve Wa\u0142cz ji\u017e funguje nov&yacute; prostor pro u\u010den&iacute;, odpo\u010dinek a setk&aacute;n&iacute; - Budimex","og_url":"https:\/\/bdm-stg.mda.pl\/cs\/informacje-prasowe\/budimex-otevrel-ctvrtou-znu-pro-studenty-v-polsku-ve-walcz-jiz-funguje-nov-prostor-pro-ucen-odpocinek-a-setkn\/","og_site_name":"Budimex","article_modified_time":"2026-03-27T15:42:03+00:00","twitter_card":"summary_large_image","schema":{"@context":"https:\/\/schema.org","@graph":[{"@type":"WebPage","@id":"https:\/\/bdm-stg.mda.pl\/cs\/informacje-prasowe\/budimex-otevrel-ctvrtou-znu-pro-studenty-v-polsku-ve-walcz-jiz-funguje-nov-prostor-pro-ucen-odpocinek-a-setkn\/","url":"https:\/\/bdm-stg.mda.pl\/cs\/informacje-prasowe\/budimex-otevrel-ctvrtou-znu-pro-studenty-v-polsku-ve-walcz-jiz-funguje-nov-prostor-pro-ucen-odpocinek-a-setkn\/","name":"Budimex otev\u0159el \u010dtvrtou z&oacute;nu pro studenty v Polsku.Ve Wa\u0142cz ji\u017e funguje nov&yacute; prostor pro u\u010den&iacute;, odpo\u010dinek a setk&aacute;n&iacute; - Budimex","isPartOf":{"@id":"https:\/\/bdm-stg.mda.pl\/cs\/#website"},"datePublished":"2026-03-26T13:36:50+00:00","dateModified":"2026-03-27T15:42:03+00:00","breadcrumb":{"@id":"https:\/\/bdm-stg.mda.pl\/cs\/informacje-prasowe\/budimex-otevrel-ctvrtou-znu-pro-studenty-v-polsku-ve-walcz-jiz-funguje-nov-prostor-pro-ucen-odpocinek-a-setkn\/#breadcrumb"},"inLanguage":"cs-CZ","potentialAction":[{"@type":"ReadAction","target":["https:\/\/bdm-stg.mda.pl\/cs\/informacje-prasowe\/budimex-otevrel-ctvrtou-znu-pro-studenty-v-polsku-ve-walcz-jiz-funguje-nov-prostor-pro-ucen-odpocinek-a-setkn\/"]}]},{"@type":"BreadcrumbList","@id":"https:\/\/bdm-stg.mda.pl\/cs\/informacje-prasowe\/budimex-otevrel-ctvrtou-znu-pro-studenty-v-polsku-ve-walcz-jiz-funguje-nov-prostor-pro-ucen-odpocinek-a-setkn\/#breadcrumb","itemListElement":[{"@type":"ListItem","position":1,"name":"Strona g\u0142\u00f3wna","item":"https:\/\/bdm-stg.mda.pl\/cs\/"},{"@type":"ListItem","position":2,"name":"Budimex otev\u0159el \u010dtvrtou z&oacute;nu pro studenty v Polsku.Ve Wa\u0142cz ji\u017e funguje nov&yacute; prostor pro u\u010den&iacute;, odpo\u010dinek a setk&aacute;n&iacute;"}]},{"@type":"WebSite","@id":"https:\/\/bdm-stg.mda.pl\/cs\/#website","url":"https:\/\/bdm-stg.mda.pl\/cs\/","name":"Budimex","description":"","potentialAction":[{"@type":"SearchAction","target":{"@type":"EntryPoint","urlTemplate":"https:\/\/bdm-stg.mda.pl\/cs\/?s={search_term_string}"},"query-input":"required name=search_term_string"}],"inLanguage":"cs-CZ"}]}},"_links":{"self":[{"href":"https:\/\/bdm-stg.mda.pl\/cs\/wp-json\/wp\/v2\/press\/324571"}],"collection":[{"href":"https:\/\/bdm-stg.mda.pl\/cs\/wp-json\/wp\/v2\/press"}],"about":[{"href":"https:\/\/bdm-stg.mda.pl\/cs\/wp-json\/wp\/v2\/types\/press"}],"version-history":[{"count":3,"href":"https:\/\/bdm-stg.mda.pl\/cs\/wp-json\/wp\/v2\/press\/324571\/revisions"}],"predecessor-version":[{"id":325793,"href":"https:\/\/bdm-stg.mda.pl\/cs\/wp-json\/wp\/v2\/press\/324571\/revisions\/325793"}],"wp:attachment":[{"href":"https:\/\/bdm-stg.mda.pl\/cs\/wp-json\/wp\/v2\/media?parent=324571"}],"wp:term":[{"taxonomy":"press_type","embeddable":true,"href":"https:\/\/bdm-stg.mda.pl\/cs\/wp-json\/wp\/v2\/press_type?post=324571"}],"curies":[{"name":"wp","href":"https:\/\/api.w.org\/{rel}","templated":true}]}}