{"id":339328,"date":"2026-04-27T07:34:17","date_gmt":"2026-04-27T07:34:17","guid":{"rendered":"https:\/\/bdm-stg.mda.pl\/informacje-prasowe\/budimex-dokoncil-vstavbu-komory-fabryczna-v-lodzi-dulezit-krok-pro-vysokorychlostn-zeleznici-a-cel-projekt-prstav-polsko\/"},"modified":"2026-04-28T10:14:57","modified_gmt":"2026-04-28T10:14:57","slug":"budimex-dokoncil-vstavbu-komory-fabryczna-v-lodzi-dulezit-krok-pro-vysokorychlostn-zeleznici-a-cel-projekt-prstav-polsko","status":"publish","type":"press","link":"https:\/\/bdm-stg.mda.pl\/cs\/informacje-prasowe\/budimex-dokoncil-vstavbu-komory-fabryczna-v-lodzi-dulezit-krok-pro-vysokorychlostn-zeleznici-a-cel-projekt-prstav-polsko\/","title":{"rendered":"Budimex dokon\u010dil v&yacute;stavbu komory &quot;Fabryczna&quot; v Lod\u017ei &ndash; d\u016fle\u017eit&yacute; krok pro vysokorychlostn&iacute; \u017eeleznici a cel&yacute; projekt P\u0159&iacute;stav Polsko"},"content":{"rendered":"\n<section id=\"block_2f8b50a3ff2bc82cf8bf90d11e1e5048\" class=\"text-block   -hide-dots section-margin-120\">\n    <div class=\"container\">\n        <div class=\"row\">\n            <div class=\"col-24 col-lg-16\">\n                                    <p class=\"typo-18 under-p-medium color-gray-120 text-block__date\">27.04.2026<\/p>\n                                                    <div class=\"text-block__top-texts under-h2\">\n                        <h2 class=\"text-block__title under-p-big\">Budimex dokon\u010dil v\u00fdstavbu komory &#8220;Fabryczna&#8221; v\u00a0Lod\u017ei \u2013 d\u016fle\u017eit\u00fd krok pro vysokorychlostn\u00ed \u017eeleznici a\u00a0cel\u00fd projekt P\u0159\u00edstav Polsko<\/h2>\n                                                    <p class=\"typo-18 under-p-medium color-gray-120\">\n                                \n<div class=\"card-share card-share--flex\">\n    <div class=\"card-share__inner\">\n        <p class=\"card-share__title typo-18\">Udost\u0119pnij artyku\u0142<\/p>\n        <div class=\"card-share__links\">\n            <div class=\"card-share__link card-share__link--facebook\">\n                <a href=\"https:\/\/www.facebook.com\/sharer\/sharer.php?u=https:\/\/bdm-stg.mda.pl\/cs\/informacje-prasowe\/budimex-dokoncil-vstavbu-komory-fabryczna-v-lodzi-dulezit-krok-pro-vysokorychlostn-zeleznici-a-cel-projekt-prstav-polsko\/\" target=\"_blank\">\n                    <span class=\"card-share__linkIcon icon icon-facebook d-flex\"><\/span>\n                <\/a>\n            <\/div>\n            <div class=\"card-share__link card-share__link--linkedin\">\n                <a href=\"https:\/\/www.linkedin.com\/shareArticle?mini=true&#038;url=https:\/\/bdm-stg.mda.pl\/cs\/informacje-prasowe\/budimex-dokoncil-vstavbu-komory-fabryczna-v-lodzi-dulezit-krok-pro-vysokorychlostn-zeleznici-a-cel-projekt-prstav-polsko\/\" target=\"_blank\" rel=\"nofollow\">\n                    <span class=\"card-share__linkIcon icon icon-linkedin\"><\/span>\n                <\/a>\n            <\/div>\n            <div class=\"card-share__link card-share__link--twitter\">\n                <a href=\"https:\/\/twitter.com\/intent\/tweet?url=https%3A%2F%2Fbdm-stg.mda.pl%2Fcs%2Finformacje-prasowe%2Fbudimex-dokoncil-vstavbu-komory-fabryczna-v-lodzi-dulezit-krok-pro-vysokorychlostn-zeleznici-a-cel-projekt-prstav-polsko%2F\" target=\"_blank\" rel=\"nofollow\">\n                    <span class=\"card-share__linkIcon icon icon-x\"><\/span>\n                <\/a>\n            <\/div>\n        <\/div>\n    <\/div>\n<\/div>                            <\/p>\n                                            <\/div>\n                                                                                    <div class=\"text-block__text text-editor\"><p><p style=\"text-align:justify\"><strong>Budimex SA dokon\u010dil hlavn\u00ed pr\u00e1ce na\u00a0v\u00fdstavb\u011b p\u0159ij\u00edmac\u00ed komory &#8220;Fabryczna&#8221;, jednoho z\u00a0kl\u00ed\u010dov\u00fdch prvk\u016f infrastruktury doprov\u00e1zej\u00edc\u00ed v\u00fdstavbu d\u00e1lkov\u00e9ho tunelu v\u00a0\u0141\u00f3d\u017a pod\u00e9l \u017eelezni\u010dn\u00ed trati \u010d. 85. Dokon\u010den\u00ed t\u00e9to f\u00e1ze otev\u00edr\u00e1 cestu k\u00a0dal\u0161\u00edm prac\u00edm souvisej\u00edc\u00edm se\u00a0stavbou v\u00fdhybny &#8220;Fabryczna&#8221;, kter\u00e9 maj\u00ed za\u010d\u00edt v\u00a0\u010dervenci 2026.<\/strong><\/p><p style=\"text-align:justify\">P\u0159ij\u00edmac\u00ed komora &#8220;Fabryczna&#8221;, realizovan\u00e1 p\u0159\u00edmo v\u00a0centru \u0141\u00f3d\u017a, v\u00a0bl\u00edzkosti stanice \u0141\u00f3d\u017a Fabryczna a\u00a0Kulturn\u00edho centra \u0141\u00f3d\u017a, byla realizov\u00e1na v\u00a0r\u00e1mci projektu &#8220;V\u00fdstavba oporn\u00e9 konstrukce komory Retkinia a\u00a0z\u00e1lo\u017en\u00ed konstrukce v\u00fdhybny Fabryczna&#8221; na\u00a0\u017e\u00e1dost Centr\u00e1ln\u00edho komunika\u010dn\u00edho p\u0159\u00edstavu. \u00dakol prov\u00e1d\u00ed Budimex od\u00a0dubna 2025 a\u00a0jeho dokon\u010den\u00ed je\u00a0pl\u00e1nov\u00e1no na\u00a0kv\u011bten 2026. D\u0159\u00edve, na\u00a0z\u00e1klad\u011b stejn\u00e9 smlouvy, Budimex dokon\u010dil vys\u00edlac\u00ed komoru Retkinia, tak\u017ee oba konce pot\u0159ebn\u00e9 pro tunelov\u00e9 pr\u00e1ce jsou ji\u017e p\u0159ipraveny.<\/p><p style=\"text-align:justify\">V r\u00e1mci prac\u00ed byly vytvo\u0159eny \u0161t\u011brbinov\u00e9 st\u011bny s\u00a0hloubkou a\u017e 36 metr\u016f a\u00a0v\u00fdkop v\u00a0nejhlub\u0161\u00edm m\u00edst\u011b komory dosahoval 27 metr\u016f pod\u00a0\u00farovn\u00ed ter\u00e9nu. Pro \u00fa\u010dely v\u00fdstavby bylo instalov\u00e1no p\u0159ibli\u017en\u011b 6,5 tis\u00edce m\u00b3 betonu a\u00a0850 tun oceli, v\u010detn\u011b t\u00e9m\u011b\u0159 9 tun GFRP v\u00fdztu\u017ee um\u00edst\u011bn\u00e9 do\u00a0p\u0159edn\u00ed st\u011bny, kterou v\u00a0budoucnu projde \u0161t\u00edt TBM. B\u011bhem prac\u00ed bylo vyt\u011b\u017eeno asi 22 tis\u00edc m\u00b3 rudy. Dokon\u010den\u00ed v\u00fdstavby p\u0159ij\u00edmac\u00ed komory znamen\u00e1 dokon\u010den\u00ed d\u016fle\u017eit\u00e9 f\u00e1ze investice a\u00a0z\u00e1rove\u0148 p\u0159\u00edpravu na\u00a0dal\u0161\u00ed f\u00e1zi projektu, tj.\u00a0v\u00fdstavbu v\u00fdvodn\u00ed komory &#8220;Fabryczna&#8221;, kter\u00e1 je\u00a0pl\u00e1nov\u00e1na na\u00a0\u010dervenec 2026.<\/p><p style=\"text-align:justify\">&#8220;<em>Dokon\u010den\u00ed prac\u00ed na\u00a0p\u0159ij\u00edmac\u00ed komo\u0159e je\u00a0v\u00fdsledkem mnoha m\u011bs\u00edc\u016f intenzivn\u00ed pr\u00e1ce t\u00fdmu a\u00a0slo\u017eit\u00fdch prac\u00ed prov\u00e1d\u011bn\u00fdch v\u00a0n\u00e1ro\u010dn\u00fdch m\u011bstsk\u00fdch podm\u00ednk\u00e1ch. Zvl\u00e1\u0161tn\u00ed v\u00fdzvou byla realizace geotechnick\u00fdch prac\u00ed a\u00a0hlubok\u00e9ho v\u00fdkopu v\u00a0kompaktn\u00ed z\u00e1stav\u011b, s\u00a0velmi omezen\u00fdm prostorem staveni\u0161t\u011b, kde se\u00a0prol\u00ednaj\u00ed a\u017e t\u0159i investice. Nicm\u00e9n\u011b se\u00a0n\u00e1m poda\u0159ilo efektivn\u011b skloubit kvalitu pr\u00e1ce s\u00a0udr\u017een\u00edm bezpe\u010dnosti a\u00a0kontinuity realizovan\u00fdch investic. To\u00a0je\u00a0d\u016fle\u017eit\u00fd krok k\u00a0zah\u00e1jen\u00ed dal\u0161\u00ed f\u00e1ze v\u00fdstavby, tedy v\u00fdbojnick\u00e9 komory<\/em> \u2013 <strong>\u0159\u00edk\u00e1 Pawe\u0142 Parusel, \u0159editel smlouvy ve spole\u010dnosti Budimex SA.<\/strong><\/p><p style=\"text-align:justify\">Komory &#8220;Retkinia&#8221; a\u00a0&#8220;Fabryczna&#8221; jsou sou\u010d\u00e1st\u00ed investice, kter\u00e1 umo\u017en\u00ed v\u00fdstavbu d\u00e1lkov\u00e9ho tunelu o\u00a0d\u00e9lce p\u0159ibli\u017en\u011b 4,6 km. V\u00a0budoucnu umo\u017en\u00ed spojen\u00ed Lod\u017ee s\u00a0Var\u0161avou, Poznan\u00ed a\u00a0Vratislav\u00ed vysokorychlostn\u00ed \u017eeleznic\u00ed, co\u017e bude d\u016fle\u017eitou sou\u010d\u00e1st\u00ed nov\u00e9ho \u017eelezni\u010dn\u00edho syst\u00e9mu ve st\u0159edn\u00edm Polsku.<\/p><p style=\"text-align:justify\">Jako p\u0159edn\u00ed gener\u00e1ln\u00ed dodavatel v\u00a0Polsku Budimex realizuje kl\u00ed\u010dov\u00e9 infrastrukturn\u00ed investice, v\u010detn\u011b \u017eelezni\u010dn\u00edch, silni\u010dn\u00edch, hydrotechnick\u00fdch a\u00a0kubatick\u00fdch projekt\u016f. V\u00a0r\u00e1mci aktivit souvisej\u00edc\u00edch s\u00a0v\u00fdstavbou infrastruktury P\u0159\u00edstavu Polsko je\u00a0spole\u010dnost odpov\u011bdn\u00e1 za\u00a0v\u00fdstavbu oporn\u00fdch konstrukc\u00ed pro komory vysokorychlostn\u00edho \u017eelezni\u010dn\u00edho tunelu v\u00a0Lod\u017ei a\u00a0celkov\u00e1 hodnota zak\u00e1zky \u010din\u00ed 159 milion\u016f PLN \u010disto.<\/p><p style=\"text-align:justify\">Sou\u010dasn\u011b se\u00a0Budimex pod\u00edl\u00ed na\u00a0\u0159ad\u011b dal\u0161\u00edch velk\u00fdch \u017eelezni\u010dn\u00edch projekt\u016f v\u00a0Polsku, zejm\u00e9na na\u00a0jihu zem\u011b. Spole\u010dnost je\u00a0jedn\u00edm z\u00a0hlavn\u00edch dodavatel\u016f programu &#8220;Pod\u0142\u0119\u017ce-Piekie\u0142ko&#8221; \u2013 ji\u017e uvedla do\u00a0provozu \u00fasek linky \u010d. 104 na\u00a0trase Chab\u00f3wka \u2013 Rabka Zaryte, v\u00a0sou\u010dasnosti prov\u00e1d\u00ed pr\u00e1ce na\u00a0\u00faseku H\u00a0linky \u010d. 622 Szczyrzyc \u2013 Tymbark a\u00a0v\u00a0b\u0159eznu 2026 podepsala smlouvu na\u00a0dal\u0161\u00ed f\u00e1zi investice, v\u010detn\u011b linky \u010d. 622 Pod\u0142\u0119\u017ce \u2013 Gd\u00f3w a\u00a0n\u00e1jezdov\u00e9 cesty \u010d. 627. Krom\u011b toho Budimex realizuje projekt na\u00a0\u00faseku Limanowa \u2013 Kleczany v\u00a0r\u00e1mci modernizace linky \u010d. 104.<\/p><\/p><\/div>\n                            <\/div>\n                                                                                                                                <\/div>\n    <\/div>\n<\/section> \n    <section id=\"block_e3e9e22790726230d4d8f76450f0de64\" class=\"gallery-section section-margin-120\" data-per-page=\"8\" data-per-row=\"4\" data-type=\"zdjecia\">\n        <div class=\"container\">\n            <div class=\"row\">\n                                    <div class=\"col-24\">\n                        <h2 class=\"gallery-section__title under-h2\">Galerie<\/h2>\n                    <\/div>\n                            <\/div>\n            <div class=\"row\">\n                <div class=\"col-24\">\n                                                                        <div class=\"gallery-section__grid gallery-section__grid--4\">\n                                \n                        <div class=\"gallery-section__image gallery-section__image--single\">\n                <a href=\"https:\/\/bdm-stg.mda.pl\/app\/uploads\/2026\/04\/20260331_142518-33-scaled.jpg\">\n                                        <img loading=\"lazy\" decoding=\"async\" width=\"2560\" height=\"1920\" src=\"https:\/\/bdm-stg.mda.pl\/app\/uploads\/2026\/04\/20260331_142518-33-scaled.jpg\" class=\"attachment-full size-full\" alt=\"\" \/>                                    <\/a>\n                            <\/div>\n                                <div class=\"gallery-section__image gallery-section__image--single\">\n                <a href=\"https:\/\/bdm-stg.mda.pl\/app\/uploads\/2026\/04\/20260331_142807-33-scaled.jpg\">\n                                        <img loading=\"lazy\" decoding=\"async\" width=\"2560\" height=\"1920\" src=\"https:\/\/bdm-stg.mda.pl\/app\/uploads\/2026\/04\/20260331_142807-33-scaled.jpg\" class=\"attachment-full size-full\" alt=\"\" \/>                                    <\/a>\n                            <\/div>\n                                <div class=\"gallery-section__image gallery-section__image--single\">\n                <a href=\"https:\/\/bdm-stg.mda.pl\/app\/uploads\/2026\/04\/img_20260312_112632-33-scaled.jpg\">\n                                        <img loading=\"lazy\" decoding=\"async\" width=\"1920\" height=\"2560\" src=\"https:\/\/bdm-stg.mda.pl\/app\/uploads\/2026\/04\/img_20260312_112632-33-scaled.jpg\" class=\"attachment-full size-full\" alt=\"\" \/>                                    <\/a>\n                            <\/div>\n                                <div class=\"gallery-section__image gallery-section__image--single\">\n                <a href=\"https:\/\/bdm-stg.mda.pl\/app\/uploads\/2026\/04\/img_20260312_112643-33-scaled.jpg\">\n                                        <img loading=\"lazy\" decoding=\"async\" width=\"1920\" height=\"2560\" src=\"https:\/\/bdm-stg.mda.pl\/app\/uploads\/2026\/04\/img_20260312_112643-33-scaled.jpg\" class=\"attachment-full size-full\" alt=\"\" \/>                                    <\/a>\n                            <\/div>\n                                <div class=\"gallery-section__image gallery-section__image--single\">\n                <a href=\"https:\/\/bdm-stg.mda.pl\/app\/uploads\/2026\/04\/img_20260312_112647-33-scaled.jpg\">\n                                        <img loading=\"lazy\" decoding=\"async\" width=\"1920\" height=\"2560\" src=\"https:\/\/bdm-stg.mda.pl\/app\/uploads\/2026\/04\/img_20260312_112647-33-scaled.jpg\" class=\"attachment-full size-full\" alt=\"\" \/>                                    <\/a>\n                            <\/div>\n                                <div class=\"gallery-section__image gallery-section__image--single\">\n                <a href=\"https:\/\/bdm-stg.mda.pl\/app\/uploads\/2026\/04\/img_20260312_153334-33-scaled.jpg\">\n                                        <img loading=\"lazy\" decoding=\"async\" width=\"1920\" height=\"2560\" src=\"https:\/\/bdm-stg.mda.pl\/app\/uploads\/2026\/04\/img_20260312_153334-33-scaled.jpg\" class=\"attachment-full size-full\" alt=\"\" \/>                                    <\/a>\n                            <\/div>\n                                <div class=\"gallery-section__image gallery-section__image--single\">\n                <a href=\"https:\/\/bdm-stg.mda.pl\/app\/uploads\/2026\/04\/img_20260312_153341-33-scaled.jpg\">\n                                        <img loading=\"lazy\" decoding=\"async\" width=\"1920\" height=\"2560\" src=\"https:\/\/bdm-stg.mda.pl\/app\/uploads\/2026\/04\/img_20260312_153341-33-scaled.jpg\" class=\"attachment-full size-full\" alt=\"\" \/>                                    <\/a>\n                            <\/div>\n                                <div class=\"gallery-section__image gallery-section__image--single\">\n                <a href=\"https:\/\/bdm-stg.mda.pl\/app\/uploads\/2026\/04\/20251209_095327-33-scaled.jpg\">\n                                        <img loading=\"lazy\" decoding=\"async\" width=\"1920\" height=\"2560\" src=\"https:\/\/bdm-stg.mda.pl\/app\/uploads\/2026\/04\/20251209_095327-33-scaled.jpg\" class=\"attachment-full size-full\" alt=\"\" \/>                                    <\/a>\n                            <\/div>\n            \n                            <\/div>\n                                                            <div class=\"gallery-section__button-wrapper\">\n                                    <button data-show-more data-ajax-wrapper=\"gallery-section__grid\" data-gallery-type=\"single\" type=\"button\" data-gallery-gallery='[{\"image\":342700,\"subtitle\":\"\",\"link\":null},{\"image\":342707,\"subtitle\":\"\",\"link\":null},{\"image\":342714,\"subtitle\":\"\",\"link\":null},{\"image\":342721,\"subtitle\":\"\",\"link\":null},{\"image\":342728,\"subtitle\":\"\",\"link\":null},{\"image\":342735,\"subtitle\":\"\",\"link\":null},{\"image\":342742,\"subtitle\":\"\",\"link\":null},{\"image\":342749,\"subtitle\":\"\",\"link\":null},{\"image\":342756,\"subtitle\":\"\",\"link\":null},{\"image\":342763,\"subtitle\":\"\",\"link\":null},{\"image\":342770,\"subtitle\":\"\",\"link\":null},{\"image\":342777,\"subtitle\":\"\",\"link\":null},{\"image\":342784,\"subtitle\":\"\",\"link\":null}]' data-gallery-page=\"1\" class=\"-wcag-black button button--new-gray button--medium button--full-xl\">Zobacz wi\u0119cej<\/button>\n                                <\/div>\n                                                                                        <\/div>\n            <\/div>\n        <\/div>\n    <\/section>\n ","protected":false},"excerpt":{"rendered":"","protected":false},"featured_media":0,"parent":0,"template":"","press_type":[],"acf":[],"yoast_head":"<!-- This site is optimized with the Yoast SEO plugin v22.5 - https:\/\/yoast.com\/wordpress\/plugins\/seo\/ -->\n<title>Budimex dokon\u010dil v&yacute;stavbu komory &quot;Fabryczna&quot; v Lod\u017ei &ndash; d\u016fle\u017eit&yacute; krok pro vysokorychlostn&iacute; \u017eeleznici a cel&yacute; projekt P\u0159&iacute;stav Polsko - Budimex<\/title>\n<meta name=\"robots\" content=\"noindex, follow, max-snippet:-1, max-image-preview:large, max-video-preview:-1\" \/>\n<meta property=\"og:locale\" content=\"cs_CZ\" \/>\n<meta property=\"og:type\" content=\"article\" \/>\n<meta property=\"og:title\" content=\"Budimex dokon\u010dil v&yacute;stavbu komory &quot;Fabryczna&quot; v Lod\u017ei &ndash; d\u016fle\u017eit&yacute; krok pro vysokorychlostn&iacute; \u017eeleznici a cel&yacute; projekt P\u0159&iacute;stav Polsko - Budimex\" \/>\n<meta property=\"og:url\" content=\"https:\/\/bdm-stg.mda.pl\/cs\/informacje-prasowe\/budimex-dokoncil-vstavbu-komory-fabryczna-v-lodzi-dulezit-krok-pro-vysokorychlostn-zeleznici-a-cel-projekt-prstav-polsko\/\" \/>\n<meta property=\"og:site_name\" content=\"Budimex\" \/>\n<meta property=\"article:modified_time\" content=\"2026-04-28T10:14:57+00:00\" \/>\n<meta name=\"twitter:card\" content=\"summary_large_image\" \/>\n<script type=\"application\/ld+json\" class=\"yoast-schema-graph\">{\"@context\":\"https:\/\/schema.org\",\"@graph\":[{\"@type\":\"WebPage\",\"@id\":\"https:\/\/bdm-stg.mda.pl\/cs\/informacje-prasowe\/budimex-dokoncil-vstavbu-komory-fabryczna-v-lodzi-dulezit-krok-pro-vysokorychlostn-zeleznici-a-cel-projekt-prstav-polsko\/\",\"url\":\"https:\/\/bdm-stg.mda.pl\/cs\/informacje-prasowe\/budimex-dokoncil-vstavbu-komory-fabryczna-v-lodzi-dulezit-krok-pro-vysokorychlostn-zeleznici-a-cel-projekt-prstav-polsko\/\",\"name\":\"Budimex dokon\u010dil v&yacute;stavbu komory &quot;Fabryczna&quot; v Lod\u017ei &ndash; d\u016fle\u017eit&yacute; krok pro vysokorychlostn&iacute; \u017eeleznici a cel&yacute; projekt P\u0159&iacute;stav Polsko - Budimex\",\"isPartOf\":{\"@id\":\"https:\/\/bdm-stg.mda.pl\/cs\/#website\"},\"datePublished\":\"2026-04-27T07:34:17+00:00\",\"dateModified\":\"2026-04-28T10:14:57+00:00\",\"breadcrumb\":{\"@id\":\"https:\/\/bdm-stg.mda.pl\/cs\/informacje-prasowe\/budimex-dokoncil-vstavbu-komory-fabryczna-v-lodzi-dulezit-krok-pro-vysokorychlostn-zeleznici-a-cel-projekt-prstav-polsko\/#breadcrumb\"},\"inLanguage\":\"cs-CZ\",\"potentialAction\":[{\"@type\":\"ReadAction\",\"target\":[\"https:\/\/bdm-stg.mda.pl\/cs\/informacje-prasowe\/budimex-dokoncil-vstavbu-komory-fabryczna-v-lodzi-dulezit-krok-pro-vysokorychlostn-zeleznici-a-cel-projekt-prstav-polsko\/\"]}]},{\"@type\":\"BreadcrumbList\",\"@id\":\"https:\/\/bdm-stg.mda.pl\/cs\/informacje-prasowe\/budimex-dokoncil-vstavbu-komory-fabryczna-v-lodzi-dulezit-krok-pro-vysokorychlostn-zeleznici-a-cel-projekt-prstav-polsko\/#breadcrumb\",\"itemListElement\":[{\"@type\":\"ListItem\",\"position\":1,\"name\":\"Strona g\u0142\u00f3wna\",\"item\":\"https:\/\/bdm-stg.mda.pl\/cs\/\"},{\"@type\":\"ListItem\",\"position\":2,\"name\":\"Budimex dokon\u010dil v&yacute;stavbu komory &quot;Fabryczna&quot; v Lod\u017ei &ndash; d\u016fle\u017eit&yacute; krok pro vysokorychlostn&iacute; \u017eeleznici a cel&yacute; projekt P\u0159&iacute;stav Polsko\"}]},{\"@type\":\"WebSite\",\"@id\":\"https:\/\/bdm-stg.mda.pl\/cs\/#website\",\"url\":\"https:\/\/bdm-stg.mda.pl\/cs\/\",\"name\":\"Budimex\",\"description\":\"\",\"potentialAction\":[{\"@type\":\"SearchAction\",\"target\":{\"@type\":\"EntryPoint\",\"urlTemplate\":\"https:\/\/bdm-stg.mda.pl\/cs\/?s={search_term_string}\"},\"query-input\":\"required name=search_term_string\"}],\"inLanguage\":\"cs-CZ\"}]}<\/script>\n<!-- \/ Yoast SEO plugin. -->","yoast_head_json":{"title":"Budimex dokon\u010dil v&yacute;stavbu komory &quot;Fabryczna&quot; v Lod\u017ei &ndash; d\u016fle\u017eit&yacute; krok pro vysokorychlostn&iacute; \u017eeleznici a cel&yacute; projekt P\u0159&iacute;stav Polsko - Budimex","robots":{"index":"noindex","follow":"follow","max-snippet":"max-snippet:-1","max-image-preview":"max-image-preview:large","max-video-preview":"max-video-preview:-1"},"og_locale":"cs_CZ","og_type":"article","og_title":"Budimex dokon\u010dil v&yacute;stavbu komory &quot;Fabryczna&quot; v Lod\u017ei &ndash; d\u016fle\u017eit&yacute; krok pro vysokorychlostn&iacute; \u017eeleznici a cel&yacute; projekt P\u0159&iacute;stav Polsko - Budimex","og_url":"https:\/\/bdm-stg.mda.pl\/cs\/informacje-prasowe\/budimex-dokoncil-vstavbu-komory-fabryczna-v-lodzi-dulezit-krok-pro-vysokorychlostn-zeleznici-a-cel-projekt-prstav-polsko\/","og_site_name":"Budimex","article_modified_time":"2026-04-28T10:14:57+00:00","twitter_card":"summary_large_image","schema":{"@context":"https:\/\/schema.org","@graph":[{"@type":"WebPage","@id":"https:\/\/bdm-stg.mda.pl\/cs\/informacje-prasowe\/budimex-dokoncil-vstavbu-komory-fabryczna-v-lodzi-dulezit-krok-pro-vysokorychlostn-zeleznici-a-cel-projekt-prstav-polsko\/","url":"https:\/\/bdm-stg.mda.pl\/cs\/informacje-prasowe\/budimex-dokoncil-vstavbu-komory-fabryczna-v-lodzi-dulezit-krok-pro-vysokorychlostn-zeleznici-a-cel-projekt-prstav-polsko\/","name":"Budimex dokon\u010dil v&yacute;stavbu komory &quot;Fabryczna&quot; v Lod\u017ei &ndash; d\u016fle\u017eit&yacute; krok pro vysokorychlostn&iacute; \u017eeleznici a cel&yacute; projekt P\u0159&iacute;stav Polsko - Budimex","isPartOf":{"@id":"https:\/\/bdm-stg.mda.pl\/cs\/#website"},"datePublished":"2026-04-27T07:34:17+00:00","dateModified":"2026-04-28T10:14:57+00:00","breadcrumb":{"@id":"https:\/\/bdm-stg.mda.pl\/cs\/informacje-prasowe\/budimex-dokoncil-vstavbu-komory-fabryczna-v-lodzi-dulezit-krok-pro-vysokorychlostn-zeleznici-a-cel-projekt-prstav-polsko\/#breadcrumb"},"inLanguage":"cs-CZ","potentialAction":[{"@type":"ReadAction","target":["https:\/\/bdm-stg.mda.pl\/cs\/informacje-prasowe\/budimex-dokoncil-vstavbu-komory-fabryczna-v-lodzi-dulezit-krok-pro-vysokorychlostn-zeleznici-a-cel-projekt-prstav-polsko\/"]}]},{"@type":"BreadcrumbList","@id":"https:\/\/bdm-stg.mda.pl\/cs\/informacje-prasowe\/budimex-dokoncil-vstavbu-komory-fabryczna-v-lodzi-dulezit-krok-pro-vysokorychlostn-zeleznici-a-cel-projekt-prstav-polsko\/#breadcrumb","itemListElement":[{"@type":"ListItem","position":1,"name":"Strona g\u0142\u00f3wna","item":"https:\/\/bdm-stg.mda.pl\/cs\/"},{"@type":"ListItem","position":2,"name":"Budimex dokon\u010dil v&yacute;stavbu komory &quot;Fabryczna&quot; v Lod\u017ei &ndash; d\u016fle\u017eit&yacute; krok pro vysokorychlostn&iacute; \u017eeleznici a cel&yacute; projekt P\u0159&iacute;stav Polsko"}]},{"@type":"WebSite","@id":"https:\/\/bdm-stg.mda.pl\/cs\/#website","url":"https:\/\/bdm-stg.mda.pl\/cs\/","name":"Budimex","description":"","potentialAction":[{"@type":"SearchAction","target":{"@type":"EntryPoint","urlTemplate":"https:\/\/bdm-stg.mda.pl\/cs\/?s={search_term_string}"},"query-input":"required name=search_term_string"}],"inLanguage":"cs-CZ"}]}},"_links":{"self":[{"href":"https:\/\/bdm-stg.mda.pl\/cs\/wp-json\/wp\/v2\/press\/339328"}],"collection":[{"href":"https:\/\/bdm-stg.mda.pl\/cs\/wp-json\/wp\/v2\/press"}],"about":[{"href":"https:\/\/bdm-stg.mda.pl\/cs\/wp-json\/wp\/v2\/types\/press"}],"version-history":[{"count":3,"href":"https:\/\/bdm-stg.mda.pl\/cs\/wp-json\/wp\/v2\/press\/339328\/revisions"}],"predecessor-version":[{"id":342800,"href":"https:\/\/bdm-stg.mda.pl\/cs\/wp-json\/wp\/v2\/press\/339328\/revisions\/342800"}],"wp:attachment":[{"href":"https:\/\/bdm-stg.mda.pl\/cs\/wp-json\/wp\/v2\/media?parent=339328"}],"wp:term":[{"taxonomy":"press_type","embeddable":true,"href":"https:\/\/bdm-stg.mda.pl\/cs\/wp-json\/wp\/v2\/press_type?post=339328"}],"curies":[{"name":"wp","href":"https:\/\/api.w.org\/{rel}","templated":true}]}}