{"id":439890,"date":"2026-08-27T11:53:37","date_gmt":"2026-08-27T11:53:37","guid":{"rendered":"https:\/\/bdm-stg.mda.pl\/informacje-prasowe\/budimex-zahjil-rozirovn-terminlu-na-letiti-katowice-pyrzowice\/"},"modified":"2026-08-28T12:29:00","modified_gmt":"2026-08-28T12:29:00","slug":"budimex-zahjil-rozirovn-terminlu-na-letiti-katowice-pyrzowice","status":"publish","type":"press","link":"https:\/\/bdm-stg.mda.pl\/cs\/informacje-prasowe\/budimex-zahjil-rozirovn-terminlu-na-letiti-katowice-pyrzowice\/","title":{"rendered":"Budimex zah&aacute;jil roz&scaron;i\u0159ov&aacute;n&iacute; termin&aacute;lu na leti&scaron;ti Katowice-Pyrzowice"},"content":{"rendered":"\n<section id=\"block_a04b3362ee2f768d1bd970a1fffe28e1\" class=\"text-block   -hide-dots section-margin-120\">\n    <div class=\"container\">\n        <div class=\"row\">\n            <div class=\"col-24 col-lg-16\">\n                                    <p class=\"typo-18 under-p-medium color-gray-120 text-block__date\">27.08.2026<\/p>\n                                                    <div class=\"text-block__top-texts under-h2\">\n                        <h2 class=\"text-block__title under-p-big\">Budimex zah\u00e1jil roz\u0161i\u0159ov\u00e1n\u00ed termin\u00e1lu na leti\u0161ti Katowice-Pyrzowice<\/h2>\n                                                    <p class=\"typo-18 under-p-medium color-gray-120\">\n                                \n<div class=\"card-share card-share--flex\">\n    <div class=\"card-share__inner\">\n        <p class=\"card-share__title typo-18\">Udost\u0119pnij artyku\u0142<\/p>\n        <div class=\"card-share__links\">\n            <div class=\"card-share__link card-share__link--facebook\">\n                <a href=\"https:\/\/www.facebook.com\/sharer\/sharer.php?u=https:\/\/bdm-stg.mda.pl\/cs\/informacje-prasowe\/budimex-zahjil-rozirovn-terminlu-na-letiti-katowice-pyrzowice\/\" target=\"_blank\">\n                    <span class=\"card-share__linkIcon icon icon-facebook d-flex\"><\/span>\n                <\/a>\n            <\/div>\n            <div class=\"card-share__link card-share__link--linkedin\">\n                <a href=\"https:\/\/www.linkedin.com\/shareArticle?mini=true&#038;url=https:\/\/bdm-stg.mda.pl\/cs\/informacje-prasowe\/budimex-zahjil-rozirovn-terminlu-na-letiti-katowice-pyrzowice\/\" target=\"_blank\" rel=\"nofollow\">\n                    <span class=\"card-share__linkIcon icon icon-linkedin\"><\/span>\n                <\/a>\n            <\/div>\n            <div class=\"card-share__link card-share__link--twitter\">\n                <a href=\"https:\/\/twitter.com\/intent\/tweet?url=https%3A%2F%2Fbdm-stg.mda.pl%2Fcs%2Finformacje-prasowe%2Fbudimex-zahjil-rozirovn-terminlu-na-letiti-katowice-pyrzowice%2F\" target=\"_blank\" rel=\"nofollow\">\n                    <span class=\"card-share__linkIcon icon icon-x\"><\/span>\n                <\/a>\n            <\/div>\n        <\/div>\n    <\/div>\n<\/div>                            <\/p>\n                                            <\/div>\n                                                                                    <div class=\"text-block__text text-editor\"><p><div><p class=\"MsoNormal\" style=\"text-align:justify;margin-bottom:0cm\"><strong><span style=\"color:gray\">Nejv\u011bt\u0161\u00ed gener\u00e1ln\u00ed dodavatel v Polsku zah\u00e1jil roz\u0161\u00ed\u0159en\u00ed osobn\u00edho termin\u00e1lu C na leti\u0161ti Katowice v Pyrzowice na \u017e\u00e1dost Hornslezsk\u00e9 leteck\u00e9 spole\u010dnosti SA. Podle formule &#8220;design and build&#8221; spole\u010dnost vypracuje kompletn\u00ed, multidisciplin\u00e1rn\u00ed projektovou dokumentaci a provede stavebn\u00ed pr\u00e1ce souvisej\u00edc\u00ed s roz\u0161\u00ed\u0159en\u00edm termin\u00e1lu na z\u00e1padn\u00ed stran\u011b a roz\u0161\u00ed\u0159en\u00edm p\u0159ilehl\u00e9 plochy. Hodnota smlouvy je \u010dist\u00e1 hodnota 34,8 milionu PLN a dokon\u010den\u00ed prac\u00ed je pl\u00e1nov\u00e1no na kv\u011bten 2027.<\/span><\/strong><\/p><p class=\"MsoNormal\" style=\"text-align:justify;margin-bottom:0cm\"><span style=\"color:gray\">&nbsp;<\/span><\/p><p class=\"MsoNormal\" style=\"text-align:justify;margin-bottom:0cm\"><span style=\"color:gray\">Termin\u00e1l C slou\u017e\u00ed cestuj\u00edc\u00edm p\u0159ich\u00e1zej\u00edc\u00edm jak ze zem\u00ed pat\u0159\u00edc\u00edch do schengensk\u00e9ho prostoru, tak zven\u010d\u00ed. Investice m\u00e1 za c\u00edl zv\u00fd\u0161it kapacitu za\u0159\u00edzen\u00ed, zlep\u0161it osobn\u00ed dopravu a zlep\u0161it komfort vyu\u017e\u00edv\u00e1n\u00ed infrastruktury leti\u0161t\u011b. Projekt po\u010d\u00edt\u00e1 s prodlou\u017een\u00edm termin\u00e1lu na z\u00e1pad p\u0159ibli\u017en\u011b o 79 metr\u016f. Nov\u00e1 \u010d\u00e1st bude m\u00edt p\u0159ibli\u017en\u011b 3,4 tis\u00edce m\u00b2 vyu\u017eiteln\u00e9 plochy a po dokon\u010den\u00ed investice p\u0159es\u00e1hne plocha cel\u00e9ho termin\u00e1lu 10,4 tis\u00edce m\u00b2. Jeho celkov\u00e1 d\u00e9lka se zv\u00fd\u0161\u00ed na p\u0159ibli\u017en\u011b 235 metr\u016f.<\/span><\/p><p class=\"MsoNormal\" style=\"text-align:justify;margin-bottom:0cm\"><span style=\"color:gray\">&nbsp;<\/span><\/p><p class=\"MsoNormal\" style=\"text-align:justify;margin-bottom:0cm\"><span style=\"color:gray\">Zm\u011bny zahrnuj\u00ed tak\u00e9 halu pro v\u00fddej zavazadel. Po\u010det p\u00e1s\u016f pro zavazadla se zv\u00fd\u0161\u00ed&nbsp;ze t\u0159\u00ed na p\u011bt a jeden z nov\u00fdch p\u00e1s\u016f bude upraven pro lety provozovan\u00e9 \u0161irokotrup\u00fdmi letadly, p\u0159i\u010dem\u017e na palubu se p\u0159eprav\u00ed v\u00edce ne\u017e 300 cestuj\u00edc\u00edch. V termin\u00e1lu bude tak\u00e9 vybudov\u00e1no nov\u00e9, roz\u0161\u00ed\u0159en\u00e9 sanit\u00e1rn\u00ed za\u0159\u00edzen\u00ed.<\/span><\/p><p class=\"MsoNormal\" style=\"text-align:justify;margin-bottom:0cm\"><span style=\"color:gray\">&nbsp;<\/span><\/p><p class=\"MsoNormal\" style=\"text-align:justify;margin-bottom:0cm\"><em><span style=\"color:gray\">&#8220;Za\u010d\u00edn\u00e1me realizaci investice do za\u0159\u00edzen\u00ed, kter\u00e9 mus\u00ed zachovat plnou provozn\u00ed kontinuitu po celou dobu prac\u00ed. Jako Budimex m\u00e1me zku\u0161enosti s realizac\u00ed a modernizac\u00ed leti\u0161tn\u00ed infrastruktury v Polsku, co\u017e n\u00e1m umo\u017e\u0148uje efektivn\u011b prov\u00e1d\u011bt tento typ pr\u00e1ce v n\u00e1ro\u010dn\u00e9m prost\u0159ed\u00ed aktivn\u00edho leti\u0161t\u011b. Realizace investice zv\u00fd\u0161\u00ed kapacitu termin\u00e1lu, zlep\u0161\u00ed zpracov\u00e1n\u00ed p\u0159\u00edchoz\u00edho provozu a poskytne cestuj\u00edc\u00edm funk\u010dn\u011bj\u0161\u00ed a pohodln\u011bj\u0161\u00ed prostor,&#8221;<\/span><\/em><span style=\"color:gray\"> <strong>\u0159\u00edk\u00e1 Tomasz Bz\u00f3wka, mana\u017eer skupiny kontrakt\u016f ve spole\u010dnosti Budimex SA.<\/strong><\/span><\/p><p class=\"MsoNormal\" style=\"text-align:justify;margin-bottom:0cm\"><strong><span style=\"color:gray\">&nbsp;<\/span><\/strong><\/p><p class=\"MsoNormal\" style=\"text-align:justify;margin-bottom:0cm\"><span style=\"color:gray\">Realizace byla rozd\u011blena do dvou etap, kter\u00e9 umo\u017en\u00ed zachovat kontinuitu provozu p\u0159\u00edletov\u00e9ho termin\u00e1lu b\u011bhem prac\u00ed. V prvn\u00ed f\u00e1zi bude vytvo\u0159ena nov\u00e1 \u010d\u00e1st budovy s nov\u00fdm vstupem pro cestuj\u00edc\u00ed p\u0159il\u00e9taj\u00edc\u00ed zven\u010d\u00ed Schengensk\u00e9ho prostoru, p\u0159esunutou hrani\u010dn\u00ed kontroln\u00ed z\u00f3nou a novou zavazadlovou m\u00edstnost\u00ed. Po uveden\u00ed t\u00e9to \u010d\u00e1sti do provozu za\u010dne rekonstrukce st\u00e1vaj\u00edc\u00edch prostor, v\u010detn\u011b mimo jin\u00e9 likvidace st\u00e1vaj\u00edc\u00ed hrani\u010dn\u00ed kontroln\u00ed z\u00f3ny a dal\u0161\u00edho roz\u0161\u00ed\u0159en\u00ed haly pro vyzved\u00e1v\u00e1n\u00ed zavazadel a zavazadlov\u00fdch prostor.<\/span><\/p><p class=\"MsoNormal\" style=\"text-align:justify;margin-bottom:0cm\"><span style=\"color:gray\">&nbsp;<\/span><\/p><p class=\"MsoNormal\" style=\"text-align:justify;margin-bottom:0cm\"><span style=\"color:gray\">Leti\u0161t\u011b Katowice je d\u016fle\u017eit\u00fdm prvkem polsk\u00e9ho dopravn\u00edho syst\u00e9mu. V roce 2025 leti\u0161t\u011b odbavilo rekordn\u00edch 7,3 milionu cestuj\u00edc\u00edch a dos\u00e1hlo nejlep\u0161\u00edho v\u00fdsledku ve sv\u00e9 historii v oblasti n\u00e1kladn\u00ed dopravy. Roz\u0161\u00ed\u0159en\u00ed Termin\u00e1lu C je dal\u0161\u00edm projektem, kter\u00fdm Budimex podporuje rozvoj strategick\u00e9 infrastruktury v Polsku. Nejnov\u011bj\u0161\u00ed projekty spole\u010dnosti v leteck\u00e9m sektoru zahrnuj\u00ed simul\u00e1tor a \u0161kolic\u00ed centrum postaven\u00e9 v bl\u00edzkosti leti\u0161t\u011b Krakov a smlouvu na v\u00fdstavbu z\u00e1klad\u016f termin\u00e1lu pro cestuj\u00edc\u00ed P\u0159\u00edstavu Polsko. Tyto projekty potvrzuj\u00ed konzistentn\u00ed z\u00e1vazek Budimexu k rozvoji polsk\u00e9 dopravn\u00ed infrastruktury jak na n\u00e1rodn\u00ed, tak region\u00e1ln\u00ed \u00farovni.<\/span><\/p><p class=\"MsoNormal\" style=\"text-align:justify;margin-bottom:0cm\">&nbsp;<\/p><p class=\"MsoNormal\" style=\"text-align:justify;margin-bottom:0cm\">&nbsp;<\/p><\/div><\/p>\n<\/div>\n                            <\/div>\n                                                                                                                                <\/div>\n    <\/div>\n<\/section> \n    <section id=\"block_abf582cc32c9ddbf8460b770e6fb704b\" class=\"gallery-section section-margin-120\" data-per-page=\"8\" data-per-row=\"4\" data-type=\"zdjecia\">\n        <div class=\"container\">\n            <div class=\"row\">\n                                    <div class=\"col-24\">\n                        <h2 class=\"gallery-section__title under-h2\">Galerie<\/h2>\n                    <\/div>\n                            <\/div>\n            <div class=\"row\">\n                <div class=\"col-24\">\n                                                                        <div class=\"gallery-section__grid gallery-section__grid--4\">\n                                \n                        <div class=\"gallery-section__image gallery-section__image--single\">\n                <a href=\"https:\/\/bdm-stg.mda.pl\/app\/uploads\/2026\/08\/zrzut_ekranu_2026_08_27_134050-31.png\">\n                                        <img loading=\"lazy\" decoding=\"async\" width=\"1217\" height=\"756\" src=\"https:\/\/bdm-stg.mda.pl\/app\/uploads\/2026\/08\/zrzut_ekranu_2026_08_27_134050-31.png\" class=\"attachment-full size-full\" alt=\"\" \/>                                    <\/a>\n                            <\/div>\n                                <div class=\"gallery-section__image gallery-section__image--single\">\n                <a href=\"https:\/\/bdm-stg.mda.pl\/app\/uploads\/2026\/08\/zrzut_ekranu_2026_08_27_134212-31.png\">\n                                        <img loading=\"lazy\" decoding=\"async\" width=\"1332\" height=\"806\" src=\"https:\/\/bdm-stg.mda.pl\/app\/uploads\/2026\/08\/zrzut_ekranu_2026_08_27_134212-31.png\" class=\"attachment-full size-full\" alt=\"\" \/>                                    <\/a>\n                            <\/div>\n                                <div class=\"gallery-section__image gallery-section__image--single\">\n                <a href=\"https:\/\/bdm-stg.mda.pl\/app\/uploads\/2026\/08\/zrzut_ekranu_2026_08_27_134304-31.png\">\n                                        <img loading=\"lazy\" decoding=\"async\" width=\"1331\" height=\"813\" src=\"https:\/\/bdm-stg.mda.pl\/app\/uploads\/2026\/08\/zrzut_ekranu_2026_08_27_134304-31.png\" class=\"attachment-full size-full\" alt=\"\" \/>                                    <\/a>\n                            <\/div>\n            \n                            <\/div>\n                                                                                        <\/div>\n            <\/div>\n        <\/div>\n    <\/section>\n ","protected":false},"excerpt":{"rendered":"","protected":false},"featured_media":0,"parent":0,"template":"","press_type":[],"acf":[],"yoast_head":"<!-- This site is optimized with the Yoast SEO plugin v22.5 - https:\/\/yoast.com\/wordpress\/plugins\/seo\/ -->\n<title>Budimex zah&aacute;jil roz&scaron;i\u0159ov&aacute;n&iacute; termin&aacute;lu na leti&scaron;ti Katowice-Pyrzowice - Budimex<\/title>\n<meta name=\"robots\" content=\"noindex, follow, max-snippet:-1, max-image-preview:large, max-video-preview:-1\" \/>\n<meta property=\"og:locale\" content=\"cs_CZ\" \/>\n<meta property=\"og:type\" content=\"article\" \/>\n<meta property=\"og:title\" content=\"Budimex zah&aacute;jil roz&scaron;i\u0159ov&aacute;n&iacute; termin&aacute;lu na leti&scaron;ti Katowice-Pyrzowice - Budimex\" \/>\n<meta property=\"og:url\" content=\"https:\/\/bdm-stg.mda.pl\/cs\/informacje-prasowe\/budimex-zahjil-rozirovn-terminlu-na-letiti-katowice-pyrzowice\/\" \/>\n<meta property=\"og:site_name\" content=\"Budimex\" \/>\n<meta property=\"article:modified_time\" content=\"2026-08-28T12:29:00+00:00\" \/>\n<meta name=\"twitter:card\" content=\"summary_large_image\" \/>\n<script type=\"application\/ld+json\" class=\"yoast-schema-graph\">{\"@context\":\"https:\/\/schema.org\",\"@graph\":[{\"@type\":\"WebPage\",\"@id\":\"https:\/\/bdm-stg.mda.pl\/cs\/informacje-prasowe\/budimex-zahjil-rozirovn-terminlu-na-letiti-katowice-pyrzowice\/\",\"url\":\"https:\/\/bdm-stg.mda.pl\/cs\/informacje-prasowe\/budimex-zahjil-rozirovn-terminlu-na-letiti-katowice-pyrzowice\/\",\"name\":\"Budimex zah&aacute;jil roz&scaron;i\u0159ov&aacute;n&iacute; termin&aacute;lu na leti&scaron;ti Katowice-Pyrzowice - Budimex\",\"isPartOf\":{\"@id\":\"https:\/\/bdm-stg.mda.pl\/cs\/#website\"},\"datePublished\":\"2026-08-27T11:53:37+00:00\",\"dateModified\":\"2026-08-28T12:29:00+00:00\",\"breadcrumb\":{\"@id\":\"https:\/\/bdm-stg.mda.pl\/cs\/informacje-prasowe\/budimex-zahjil-rozirovn-terminlu-na-letiti-katowice-pyrzowice\/#breadcrumb\"},\"inLanguage\":\"cs-CZ\",\"potentialAction\":[{\"@type\":\"ReadAction\",\"target\":[\"https:\/\/bdm-stg.mda.pl\/cs\/informacje-prasowe\/budimex-zahjil-rozirovn-terminlu-na-letiti-katowice-pyrzowice\/\"]}]},{\"@type\":\"BreadcrumbList\",\"@id\":\"https:\/\/bdm-stg.mda.pl\/cs\/informacje-prasowe\/budimex-zahjil-rozirovn-terminlu-na-letiti-katowice-pyrzowice\/#breadcrumb\",\"itemListElement\":[{\"@type\":\"ListItem\",\"position\":1,\"name\":\"Strona g\u0142\u00f3wna\",\"item\":\"https:\/\/bdm-stg.mda.pl\/cs\/\"},{\"@type\":\"ListItem\",\"position\":2,\"name\":\"Budimex zah&aacute;jil roz&scaron;i\u0159ov&aacute;n&iacute; termin&aacute;lu na leti&scaron;ti Katowice-Pyrzowice\"}]},{\"@type\":\"WebSite\",\"@id\":\"https:\/\/bdm-stg.mda.pl\/cs\/#website\",\"url\":\"https:\/\/bdm-stg.mda.pl\/cs\/\",\"name\":\"Budimex\",\"description\":\"\",\"potentialAction\":[{\"@type\":\"SearchAction\",\"target\":{\"@type\":\"EntryPoint\",\"urlTemplate\":\"https:\/\/bdm-stg.mda.pl\/cs\/?s={search_term_string}\"},\"query-input\":\"required name=search_term_string\"}],\"inLanguage\":\"cs-CZ\"}]}<\/script>\n<!-- \/ Yoast SEO plugin. -->","yoast_head_json":{"title":"Budimex zah&aacute;jil roz&scaron;i\u0159ov&aacute;n&iacute; termin&aacute;lu na leti&scaron;ti Katowice-Pyrzowice - Budimex","robots":{"index":"noindex","follow":"follow","max-snippet":"max-snippet:-1","max-image-preview":"max-image-preview:large","max-video-preview":"max-video-preview:-1"},"og_locale":"cs_CZ","og_type":"article","og_title":"Budimex zah&aacute;jil roz&scaron;i\u0159ov&aacute;n&iacute; termin&aacute;lu na leti&scaron;ti Katowice-Pyrzowice - Budimex","og_url":"https:\/\/bdm-stg.mda.pl\/cs\/informacje-prasowe\/budimex-zahjil-rozirovn-terminlu-na-letiti-katowice-pyrzowice\/","og_site_name":"Budimex","article_modified_time":"2026-08-28T12:29:00+00:00","twitter_card":"summary_large_image","schema":{"@context":"https:\/\/schema.org","@graph":[{"@type":"WebPage","@id":"https:\/\/bdm-stg.mda.pl\/cs\/informacje-prasowe\/budimex-zahjil-rozirovn-terminlu-na-letiti-katowice-pyrzowice\/","url":"https:\/\/bdm-stg.mda.pl\/cs\/informacje-prasowe\/budimex-zahjil-rozirovn-terminlu-na-letiti-katowice-pyrzowice\/","name":"Budimex zah&aacute;jil roz&scaron;i\u0159ov&aacute;n&iacute; termin&aacute;lu na leti&scaron;ti Katowice-Pyrzowice - Budimex","isPartOf":{"@id":"https:\/\/bdm-stg.mda.pl\/cs\/#website"},"datePublished":"2026-08-27T11:53:37+00:00","dateModified":"2026-08-28T12:29:00+00:00","breadcrumb":{"@id":"https:\/\/bdm-stg.mda.pl\/cs\/informacje-prasowe\/budimex-zahjil-rozirovn-terminlu-na-letiti-katowice-pyrzowice\/#breadcrumb"},"inLanguage":"cs-CZ","potentialAction":[{"@type":"ReadAction","target":["https:\/\/bdm-stg.mda.pl\/cs\/informacje-prasowe\/budimex-zahjil-rozirovn-terminlu-na-letiti-katowice-pyrzowice\/"]}]},{"@type":"BreadcrumbList","@id":"https:\/\/bdm-stg.mda.pl\/cs\/informacje-prasowe\/budimex-zahjil-rozirovn-terminlu-na-letiti-katowice-pyrzowice\/#breadcrumb","itemListElement":[{"@type":"ListItem","position":1,"name":"Strona g\u0142\u00f3wna","item":"https:\/\/bdm-stg.mda.pl\/cs\/"},{"@type":"ListItem","position":2,"name":"Budimex zah&aacute;jil roz&scaron;i\u0159ov&aacute;n&iacute; termin&aacute;lu na leti&scaron;ti Katowice-Pyrzowice"}]},{"@type":"WebSite","@id":"https:\/\/bdm-stg.mda.pl\/cs\/#website","url":"https:\/\/bdm-stg.mda.pl\/cs\/","name":"Budimex","description":"","potentialAction":[{"@type":"SearchAction","target":{"@type":"EntryPoint","urlTemplate":"https:\/\/bdm-stg.mda.pl\/cs\/?s={search_term_string}"},"query-input":"required name=search_term_string"}],"inLanguage":"cs-CZ"}]}},"_links":{"self":[{"href":"https:\/\/bdm-stg.mda.pl\/cs\/wp-json\/wp\/v2\/press\/439890"}],"collection":[{"href":"https:\/\/bdm-stg.mda.pl\/cs\/wp-json\/wp\/v2\/press"}],"about":[{"href":"https:\/\/bdm-stg.mda.pl\/cs\/wp-json\/wp\/v2\/types\/press"}],"version-history":[{"count":3,"href":"https:\/\/bdm-stg.mda.pl\/cs\/wp-json\/wp\/v2\/press\/439890\/revisions"}],"predecessor-version":[{"id":440945,"href":"https:\/\/bdm-stg.mda.pl\/cs\/wp-json\/wp\/v2\/press\/439890\/revisions\/440945"}],"wp:attachment":[{"href":"https:\/\/bdm-stg.mda.pl\/cs\/wp-json\/wp\/v2\/media?parent=439890"}],"wp:term":[{"taxonomy":"press_type","embeddable":true,"href":"https:\/\/bdm-stg.mda.pl\/cs\/wp-json\/wp\/v2\/press_type?post=439890"}],"curies":[{"name":"wp","href":"https:\/\/api.w.org\/{rel}","templated":true}]}}