{"id":311398,"date":"2026-03-02T09:16:10","date_gmt":"2026-03-02T09:16:10","guid":{"rendered":"https:\/\/bdm-stg.mda.pl\/informacje-prasowe\/budimex-mobility-neue-preisliste-und-aktionen-fr-den-anfang\/"},"modified":"2026-03-03T11:03:04","modified_gmt":"2026-03-03T11:03:04","slug":"budimex-mobility-neue-preisliste-und-aktionen-fr-den-anfang","status":"publish","type":"press","link":"https:\/\/bdm-stg.mda.pl\/de\/informacje-prasowe\/budimex-mobility-neue-preisliste-und-aktionen-fr-den-anfang\/","title":{"rendered":"Budimex Mobility &ndash; neue Preisliste und Aktionen f&uuml;r den Anfang"},"content":{"rendered":"\n<section id=\"block_8b83da19df5c34a3b92b39e836971fbc\" class=\"text-block   -hide-dots section-margin-120\">\n    <div class=\"container\">\n        <div class=\"row\">\n            <div class=\"col-24 col-lg-16\">\n                                    <p class=\"typo-18 under-p-medium color-gray-120 text-block__date\">02.03.2026<\/p>\n                                                    <div class=\"text-block__top-texts under-h2\">\n                        <h2 class=\"text-block__title under-p-big\">Budimex Mobility \u2013 neue Preisliste und Aktionen f\u00fcr den Anfang<\/h2>\n                                                    <p class=\"typo-18 under-p-medium color-gray-120\">\n                                \n<div class=\"card-share card-share--flex\">\n    <div class=\"card-share__inner\">\n        <p class=\"card-share__title typo-18\">Udost\u0119pnij artyku\u0142<\/p>\n        <div class=\"card-share__links\">\n            <div class=\"card-share__link card-share__link--facebook\">\n                <a href=\"https:\/\/www.facebook.com\/sharer\/sharer.php?u=https:\/\/bdm-stg.mda.pl\/de\/informacje-prasowe\/budimex-mobility-neue-preisliste-und-aktionen-fr-den-anfang\/\" target=\"_blank\">\n                    <span class=\"card-share__linkIcon icon icon-facebook d-flex\"><\/span>\n                <\/a>\n            <\/div>\n            <div class=\"card-share__link card-share__link--linkedin\">\n                <a href=\"https:\/\/www.linkedin.com\/shareArticle?mini=true&#038;url=https:\/\/bdm-stg.mda.pl\/de\/informacje-prasowe\/budimex-mobility-neue-preisliste-und-aktionen-fr-den-anfang\/\" target=\"_blank\" rel=\"nofollow\">\n                    <span class=\"card-share__linkIcon icon icon-linkedin\"><\/span>\n                <\/a>\n            <\/div>\n            <div class=\"card-share__link card-share__link--twitter\">\n                <a href=\"https:\/\/twitter.com\/intent\/tweet?url=https%3A%2F%2Fbdm-stg.mda.pl%2Fde%2Finformacje-prasowe%2Fbudimex-mobility-neue-preisliste-und-aktionen-fr-den-anfang%2F\" target=\"_blank\" rel=\"nofollow\">\n                    <span class=\"card-share__linkIcon icon icon-x\"><\/span>\n                <\/a>\n            <\/div>\n        <\/div>\n    <\/div>\n<\/div>                            <\/p>\n                                            <\/div>\n                                                                                    <div class=\"text-block__text text-editor\"><p><p><strong>Budimex Mobility aktualisiert die Preisliste der Ladedienste f\u00fcr Elektrofahrzeuge. Die neuen Tarife treten ab dem 2. M\u00e4rz 2026 an allen Betreiberstationen in\u00a0Polen in\u00a0Kraft. Gleichzeitig f\u00fchrt das Unternehmen ein Sonderangebot f\u00fcr Nutzer neu er\u00f6ffneter Standorte ein, die in\u00a0der ersten Woche nach dem Start der Station von bevorzugten Preisbedingungen profitieren werden.<\/strong><\/p><p>Die neuen Tarife gelten f\u00fcr alle \u00f6ffentlich zug\u00e4nglichen Budimex Mobility-Stationen und treten am\u00a0Montag, den 2. M\u00e4rz 2026, in\u00a0Kraft. Informationen zu aktuellen \u00d6ffnungen und Stationen, die durch Aktionspreise abgedeckt sind, finden Sie hier: <a href=\"https:\/\/budimexmobility.pl\/nowy-cennik-ladowania-budimex-mobility\/\" rel=\"noopener\">https:\/\/budimexmobility.pl\/nowy-cennik-ladowania-budimex-mobility\/<\/a>.<\/p><p>&#8221; <em>Die Elektromobilit\u00e4t in\u00a0Polen w\u00e4chst sehr dynamisch, und damit auch Erwartungen an die Verf\u00fcgbarkeit von Stationen und vorhersehbare Ladekosten.&nbsp; Heute erwarten Elektroautofahrer nicht nur Schnellladen, sondern auch einfache Regeln und eine bequeme Bezahlung. Daher f\u00fchren wir ab dem 2. M\u00e4rz 2026 eine aktualisierte Preisliste an allen Budimex Mobility-Stationen in\u00a0Polen ein, und f\u00fcr neu er\u00f6ffnete Standorte haben wir eine &#8220;Startaktion&#8221; vorbereitet \u2013 f\u00fcr 7 Tage ab der Er\u00f6ffnung der Station wird das Laden zu bevorzugten Bedingungen angeboten <\/em>&#8220;, sagt Monika Krzemie\u0144, Vorstandsmitglied von Budimex Mobility SA.<\/p><p>Preisliste f\u00fcr neue Budimex Mobility<\/p><table style=\"width:643px\" width=\"456\"><tbody><tr><td style=\"width:57.7969px;width:57.7969px\"><p><strong>BAHNHOF<\/strong><\/p><\/td><td style=\"width:57.9375px;width:57.9375px\"><p><strong>LEISTUNG kW<\/strong><\/p><\/td><td style=\"width:53.7188px;width:53.7188px\"><p><strong>Preise* <\/strong><\/p><\/td><td style=\"width:309.547px;width:309.547px\"><p><strong>START PROMOTION*<\/strong><\/p><\/td><\/tr><tr><td style=\"width:57.7969px;width:57.7969px\"><p><em>AC<\/em><\/p><\/td><td style=\"width:57.9375px;width:57.9375px\"><p><em>22 kWh \/ 44 kW<\/em><\/p><\/td><td style=\"width:53.7188px;width:53.7188px\"><p><em>1,96 PLN\/kWh<\/em><\/p><\/td><td style=\"width:309.547px;width:309.547px\"><p><strong><em>1,78 PLN\/kWh<\/em><\/strong><\/p><\/td><\/tr><tr><td style=\"width:57.7969px;width:57.7969px\"><p><em>DC<\/em><\/p><\/td><td style=\"width:57.9375px;width:57.9375px\"><p><em>bis zu 60 kW<\/em><\/p><\/td><td style=\"width:53.7188px;width:53.7188px\"><p><em>2,35 PLN\/kWh<\/em><\/p><\/td><td style=\"width:309.547px;width:309.547px\"><p><strong><em>2,35 PLN\/kWh<\/em><\/strong><\/p><\/td><\/tr><tr><td style=\"width:57.7969px;width:57.7969px\"><p><em>DC<\/em><\/p><\/td><td style=\"width:57.9375px;width:57.9375px\"><p><em>von 61 kW auf 150 kW<\/em><\/p><\/td><td style=\"width:53.7188px;width:53.7188px\"><p><em>2,45 PLN\/kWh<\/em><\/p><\/td><td style=\"width:309.547px;width:309.547px\"><p><strong><em>2,35 PLN\/kWh<\/em><\/strong><\/p><\/td><\/tr><tr><td style=\"width:57.7969px;width:57.7969px\"><p><em>DC<\/em><\/p><\/td><td style=\"width:57.9375px;width:57.9375px\"><p><em>\u00fcber 150 kW<\/em><\/p><\/td><td style=\"width:53.7188px;width:53.7188px\"><p><em>2,66 PLN\/kWh<\/em><\/p><\/td><td style=\"width:309.547px;width:309.547px\"><p><strong><em>2,35 PLN\/kWh<\/em><\/strong><\/p><\/td><\/tr><\/tbody><\/table><p>* Bruttopreise<\/p><p>* Die Startaktion gilt 7 Tage ab der Er\u00f6ffnung der neu er\u00f6ffneten Ladestation f\u00fcr 7 Tage<\/p><p><strong>Schnellladung und intuitive Zahlungen an Budimex-Stationen<\/strong><\/p><p>Das Budimex Mobility-Netzwerk umfasst bereits etwa 200 Stationen, also \u00fcber 400 Ladestationen im\u00a0ganzen Land \u2013 von Manufaktura in\u00a0\u0141\u00f3d\u017a \u00fcber das Ar\u0142am\u00f3w Hotel bis Jakuszyce und Zakopane. Das Unternehmen verlangsamt jedoch nicht. Das strategische Ziel sind 500 Ladepunkte, mit Priorit\u00e4t f\u00fcr DC-Schnellladeger\u00e4te. Bald werden weitere Orte auf der Karte erscheinen, m.in.\u00a0in\u00a0Chorz\u00f3w und Ciechan\u00f3w. Alle Stationen sind rund um die Uhr ge\u00f6ffnet und garantieren den Fahrern jederzeit volle Verf\u00fcgbarkeit zu jeder Tages- und Nachtzeit.<\/p><p>Um den Bed\u00fcrfnissen der Nutzer gerecht zu werden, legt das Unternehmen gro\u00dfen Wert auf maximale Servicebequemlichkeit:<\/p><ul><li>Intuitive Zahlungen: An den meisten neuen Standorten k\u00f6nnen Sie direkt mit einer Zahlungskarte bezahlen, ohne sich registrieren zu m\u00fcssen, und f\u00fcr Nutzer, die ihre Sitzung lieber \u00fcber ein Smartphone verwalten, ist die Elocity-App verf\u00fcgbar.<\/li><li>Einfache Routenplanung: Alle Standorte sind in\u00a0Google Maps sichtbar, sodass Sie den n\u00e4chstgelegenen Punkt im\u00a0Handumdrehen finden k\u00f6nnen.<\/li><\/ul><p>Die vollst\u00e4ndige Liste der Stationen ist verf\u00fcgbar unter: Ladestationen f\u00fcr Elektroautos \u2013 Budimex Mobility.<\/p><p><strong>Wir unterst\u00fctzen die Entwicklung der Elektromobilit\u00e4t in\u00a0Polen<\/strong><\/p><p>Der Aufbau effizienter und leicht zug\u00e4nglicher Infrastruktur ist entscheidend f\u00fcr die Zukunft der Elektromobilit\u00e4t in\u00a0Polen. Laut Daten des Polnischen Automobilindustrieverbands und des Polnischen Neuen Mobilit\u00e4tsverbands gab es\u00a0Ende 2025 237,6.000 Elektro-Pkw auf polnischen Stra\u00dfen, und die Zahl der \u00f6ffentlich zug\u00e4nglichen Ladestationen stieg auf 11.762, davon 37 % DC-Schnellladeger\u00e4te. Dies ist ein deutliches Signal f\u00fcr die wachsende Nachfrage nach schnellem, leicht zug\u00e4nglichem Laden und einer gr\u00f6\u00dferen Verf\u00fcgbarkeit von Weichen \u2013 insbesondere entlang wichtiger Verkehrsadern. Die Investitionen von Budimex Mobility sind eine direkte Reaktion auf diese wachsende Nachfrage.<\/p><p><strong>\u00dcber Budimex Mobility<\/strong><\/p><p>Budimex Mobility SA ist ein Unternehmen der Budimex Group, dessen Ziel es\u00a0ist, ein Netzwerk \u00f6ffentlich zug\u00e4nglicher Ladestationen f\u00fcr Elektrofahrzeuge im\u00a0ganzen Land zu schaffen, zu bauen, zu warten und zu betreiben. Das Unternehmen ist als Betreiber von Ladestationen im\u00a0Alternative Fuels Infrastructure Register (EIPA) registriert. Die \u00dcbertragung der Aufgaben im\u00a0Zusammenhang mit dem Bau eines Netzwerks von Ladestationen an das Unternehmen war eine Reaktion auf die wachsenden Erwartungen des Marktes und der Verbraucher im\u00a0Bereich Infrastruktur und moderner L\u00f6sungen im\u00a0Bereich Elektromobilit\u00e4t.<\/p><\/p><\/div>\n                            <\/div>\n                                                                                                                                <\/div>\n    <\/div>\n<\/section> \n    <section id=\"block_7c25a0cdb9584bf02447fa17211880ce\" class=\"gallery-section section-margin-120\" data-per-page=\"8\" data-per-row=\"4\" data-type=\"zdjecia\">\n        <div class=\"container\">\n            <div class=\"row\">\n                                    <div class=\"col-24\">\n                        <h2 class=\"gallery-section__title under-h2\">Galerie<\/h2>\n                    <\/div>\n                            <\/div>\n            <div class=\"row\">\n                <div class=\"col-24\">\n                                                                        <div class=\"gallery-section__grid gallery-section__grid--4\">\n                                \n                        <div class=\"gallery-section__image gallery-section__image--single\">\n                <a href=\"https:\/\/bdm-stg.mda.pl\/app\/uploads\/2026\/03\/dsc0972-32.jpg\">\n                                        <img loading=\"lazy\" decoding=\"async\" width=\"1400\" height=\"933\" src=\"https:\/\/bdm-stg.mda.pl\/app\/uploads\/2026\/03\/dsc0972-32.jpg\" class=\"attachment-full size-full\" alt=\"\" \/>                                    <\/a>\n                            <\/div>\n                                <div class=\"gallery-section__image gallery-section__image--single\">\n                <a href=\"https:\/\/bdm-stg.mda.pl\/app\/uploads\/2026\/03\/20230711_125623-32-scaled.jpg\">\n                                        <img loading=\"lazy\" decoding=\"async\" width=\"2560\" height=\"1920\" src=\"https:\/\/bdm-stg.mda.pl\/app\/uploads\/2026\/03\/20230711_125623-32-scaled.jpg\" class=\"attachment-full size-full\" alt=\"\" \/>                                    <\/a>\n                            <\/div>\n                                <div class=\"gallery-section__image gallery-section__image--single\">\n                <a href=\"https:\/\/bdm-stg.mda.pl\/app\/uploads\/2026\/03\/dsc0815-32-scaled.jpg\">\n                                        <img loading=\"lazy\" decoding=\"async\" width=\"2560\" height=\"1707\" src=\"https:\/\/bdm-stg.mda.pl\/app\/uploads\/2026\/03\/dsc0815-32-scaled.jpg\" class=\"attachment-full size-full\" alt=\"\" \/>                                    <\/a>\n                            <\/div>\n                                <div class=\"gallery-section__image gallery-section__image--single\">\n                <a href=\"https:\/\/bdm-stg.mda.pl\/app\/uploads\/2026\/03\/bx_mobility_1-32.jpg\">\n                                        <img loading=\"lazy\" decoding=\"async\" width=\"1920\" height=\"1200\" src=\"https:\/\/bdm-stg.mda.pl\/app\/uploads\/2026\/03\/bx_mobility_1-32.jpg\" class=\"attachment-full size-full\" alt=\"\" \/>                                    <\/a>\n                            <\/div>\n            \n                            <\/div>\n                                                                                        <\/div>\n            <\/div>\n        <\/div>\n    <\/section>\n ","protected":false},"excerpt":{"rendered":"","protected":false},"featured_media":0,"parent":0,"template":"","press_type":[],"acf":[],"yoast_head":"<!-- This site is optimized with the Yoast SEO plugin v22.5 - https:\/\/yoast.com\/wordpress\/plugins\/seo\/ -->\n<title>Budimex Mobility &ndash; neue Preisliste und Aktionen f&uuml;r den Anfang - Budimex<\/title>\n<meta name=\"robots\" content=\"noindex, follow, max-snippet:-1, max-image-preview:large, max-video-preview:-1\" \/>\n<meta property=\"og:locale\" content=\"de_DE\" \/>\n<meta property=\"og:type\" content=\"article\" \/>\n<meta property=\"og:title\" content=\"Budimex Mobility &ndash; neue Preisliste und Aktionen f&uuml;r den Anfang - Budimex\" \/>\n<meta property=\"og:url\" content=\"https:\/\/bdm-stg.mda.pl\/de\/informacje-prasowe\/budimex-mobility-neue-preisliste-und-aktionen-fr-den-anfang\/\" \/>\n<meta property=\"og:site_name\" content=\"Budimex\" \/>\n<meta property=\"article:modified_time\" content=\"2026-03-03T11:03:04+00:00\" \/>\n<meta name=\"twitter:card\" content=\"summary_large_image\" \/>\n<script type=\"application\/ld+json\" class=\"yoast-schema-graph\">{\"@context\":\"https:\/\/schema.org\",\"@graph\":[{\"@type\":\"WebPage\",\"@id\":\"https:\/\/bdm-stg.mda.pl\/de\/informacje-prasowe\/budimex-mobility-neue-preisliste-und-aktionen-fr-den-anfang\/\",\"url\":\"https:\/\/bdm-stg.mda.pl\/de\/informacje-prasowe\/budimex-mobility-neue-preisliste-und-aktionen-fr-den-anfang\/\",\"name\":\"Budimex Mobility &ndash; neue Preisliste und Aktionen f&uuml;r den Anfang - Budimex\",\"isPartOf\":{\"@id\":\"https:\/\/bdm-stg.mda.pl\/de\/#website\"},\"datePublished\":\"2026-03-02T09:16:10+00:00\",\"dateModified\":\"2026-03-03T11:03:04+00:00\",\"breadcrumb\":{\"@id\":\"https:\/\/bdm-stg.mda.pl\/de\/informacje-prasowe\/budimex-mobility-neue-preisliste-und-aktionen-fr-den-anfang\/#breadcrumb\"},\"inLanguage\":\"de-DE\",\"potentialAction\":[{\"@type\":\"ReadAction\",\"target\":[\"https:\/\/bdm-stg.mda.pl\/de\/informacje-prasowe\/budimex-mobility-neue-preisliste-und-aktionen-fr-den-anfang\/\"]}]},{\"@type\":\"BreadcrumbList\",\"@id\":\"https:\/\/bdm-stg.mda.pl\/de\/informacje-prasowe\/budimex-mobility-neue-preisliste-und-aktionen-fr-den-anfang\/#breadcrumb\",\"itemListElement\":[{\"@type\":\"ListItem\",\"position\":1,\"name\":\"Strona g\u0142\u00f3wna\",\"item\":\"https:\/\/bdm-stg.mda.pl\/de\/\"},{\"@type\":\"ListItem\",\"position\":2,\"name\":\"Budimex Mobility &ndash; neue Preisliste und Aktionen f&uuml;r den Anfang\"}]},{\"@type\":\"WebSite\",\"@id\":\"https:\/\/bdm-stg.mda.pl\/de\/#website\",\"url\":\"https:\/\/bdm-stg.mda.pl\/de\/\",\"name\":\"Budimex\",\"description\":\"\",\"potentialAction\":[{\"@type\":\"SearchAction\",\"target\":{\"@type\":\"EntryPoint\",\"urlTemplate\":\"https:\/\/bdm-stg.mda.pl\/de\/?s={search_term_string}\"},\"query-input\":\"required name=search_term_string\"}],\"inLanguage\":\"de-DE\"}]}<\/script>\n<!-- \/ Yoast SEO plugin. -->","yoast_head_json":{"title":"Budimex Mobility &ndash; neue Preisliste und Aktionen f&uuml;r den Anfang - Budimex","robots":{"index":"noindex","follow":"follow","max-snippet":"max-snippet:-1","max-image-preview":"max-image-preview:large","max-video-preview":"max-video-preview:-1"},"og_locale":"de_DE","og_type":"article","og_title":"Budimex Mobility &ndash; neue Preisliste und Aktionen f&uuml;r den Anfang - Budimex","og_url":"https:\/\/bdm-stg.mda.pl\/de\/informacje-prasowe\/budimex-mobility-neue-preisliste-und-aktionen-fr-den-anfang\/","og_site_name":"Budimex","article_modified_time":"2026-03-03T11:03:04+00:00","twitter_card":"summary_large_image","schema":{"@context":"https:\/\/schema.org","@graph":[{"@type":"WebPage","@id":"https:\/\/bdm-stg.mda.pl\/de\/informacje-prasowe\/budimex-mobility-neue-preisliste-und-aktionen-fr-den-anfang\/","url":"https:\/\/bdm-stg.mda.pl\/de\/informacje-prasowe\/budimex-mobility-neue-preisliste-und-aktionen-fr-den-anfang\/","name":"Budimex Mobility &ndash; neue Preisliste und Aktionen f&uuml;r den Anfang - Budimex","isPartOf":{"@id":"https:\/\/bdm-stg.mda.pl\/de\/#website"},"datePublished":"2026-03-02T09:16:10+00:00","dateModified":"2026-03-03T11:03:04+00:00","breadcrumb":{"@id":"https:\/\/bdm-stg.mda.pl\/de\/informacje-prasowe\/budimex-mobility-neue-preisliste-und-aktionen-fr-den-anfang\/#breadcrumb"},"inLanguage":"de-DE","potentialAction":[{"@type":"ReadAction","target":["https:\/\/bdm-stg.mda.pl\/de\/informacje-prasowe\/budimex-mobility-neue-preisliste-und-aktionen-fr-den-anfang\/"]}]},{"@type":"BreadcrumbList","@id":"https:\/\/bdm-stg.mda.pl\/de\/informacje-prasowe\/budimex-mobility-neue-preisliste-und-aktionen-fr-den-anfang\/#breadcrumb","itemListElement":[{"@type":"ListItem","position":1,"name":"Strona g\u0142\u00f3wna","item":"https:\/\/bdm-stg.mda.pl\/de\/"},{"@type":"ListItem","position":2,"name":"Budimex Mobility &ndash; neue Preisliste und Aktionen f&uuml;r den Anfang"}]},{"@type":"WebSite","@id":"https:\/\/bdm-stg.mda.pl\/de\/#website","url":"https:\/\/bdm-stg.mda.pl\/de\/","name":"Budimex","description":"","potentialAction":[{"@type":"SearchAction","target":{"@type":"EntryPoint","urlTemplate":"https:\/\/bdm-stg.mda.pl\/de\/?s={search_term_string}"},"query-input":"required name=search_term_string"}],"inLanguage":"de-DE"}]}},"_links":{"self":[{"href":"https:\/\/bdm-stg.mda.pl\/de\/wp-json\/wp\/v2\/press\/311398"}],"collection":[{"href":"https:\/\/bdm-stg.mda.pl\/de\/wp-json\/wp\/v2\/press"}],"about":[{"href":"https:\/\/bdm-stg.mda.pl\/de\/wp-json\/wp\/v2\/types\/press"}],"version-history":[{"count":3,"href":"https:\/\/bdm-stg.mda.pl\/de\/wp-json\/wp\/v2\/press\/311398\/revisions"}],"predecessor-version":[{"id":312707,"href":"https:\/\/bdm-stg.mda.pl\/de\/wp-json\/wp\/v2\/press\/311398\/revisions\/312707"}],"wp:attachment":[{"href":"https:\/\/bdm-stg.mda.pl\/de\/wp-json\/wp\/v2\/media?parent=311398"}],"wp:term":[{"taxonomy":"press_type","embeddable":true,"href":"https:\/\/bdm-stg.mda.pl\/de\/wp-json\/wp\/v2\/press_type?post=311398"}],"curies":[{"name":"wp","href":"https:\/\/api.w.org\/{rel}","templated":true}]}}