{"id":324568,"date":"2026-03-26T13:36:50","date_gmt":"2026-03-26T13:36:50","guid":{"rendered":"https:\/\/bdm-stg.mda.pl\/informacje-prasowe\/budimex-hat-die-vierte-zone-fr-studierende-in-polen-erffnet-ein-neuer-raum-fr-lernen-erholung-und-treffen-ist-bereits-in-walcz-in-betrieb\/"},"modified":"2026-03-27T15:42:03","modified_gmt":"2026-03-27T15:42:03","slug":"budimex-hat-die-vierte-zone-fr-studierende-in-polen-erffnet-ein-neuer-raum-fr-lernen-erholung-und-treffen-ist-bereits-in-walcz-in-betrieb","status":"publish","type":"press","link":"https:\/\/bdm-stg.mda.pl\/de\/informacje-prasowe\/budimex-hat-die-vierte-zone-fr-studierende-in-polen-erffnet-ein-neuer-raum-fr-lernen-erholung-und-treffen-ist-bereits-in-walcz-in-betrieb\/","title":{"rendered":"Budimex hat die vierte Zone f&uuml;r Studierende in Polen er&ouml;ffnet.Ein neuer Raum f&uuml;r Lernen, Erholung und Treffen ist bereits in Wa\u0142cz in Betrieb"},"content":{"rendered":"\n<section id=\"block_229c0e45e1eb04bfe5bb190635aeaaeb\" class=\"text-block   -hide-dots section-margin-120\">\n    <div class=\"container\">\n        <div class=\"row\">\n            <div class=\"col-24 col-lg-16\">\n                                    <p class=\"typo-18 under-p-medium color-gray-120 text-block__date\">26.03.2026<\/p>\n                                                    <div class=\"text-block__top-texts under-h2\">\n                        <h2 class=\"text-block__title under-p-big\">Budimex hat die vierte Zone f\u00fcr Studierende in\u00a0Polen er\u00f6ffnet.Ein neuer Raum f\u00fcr Lernen, Erholung und Treffen ist bereits in\u00a0Wa\u0142cz in\u00a0Betrieb<\/h2>\n                                                    <p class=\"typo-18 under-p-medium color-gray-120\">\n                                \n<div class=\"card-share card-share--flex\">\n    <div class=\"card-share__inner\">\n        <p class=\"card-share__title typo-18\">Udost\u0119pnij artyku\u0142<\/p>\n        <div class=\"card-share__links\">\n            <div class=\"card-share__link card-share__link--facebook\">\n                <a href=\"https:\/\/www.facebook.com\/sharer\/sharer.php?u=https:\/\/bdm-stg.mda.pl\/de\/informacje-prasowe\/budimex-hat-die-vierte-zone-fr-studierende-in-polen-erffnet-ein-neuer-raum-fr-lernen-erholung-und-treffen-ist-bereits-in-walcz-in-betrieb\/\" target=\"_blank\">\n                    <span class=\"card-share__linkIcon icon icon-facebook d-flex\"><\/span>\n                <\/a>\n            <\/div>\n            <div class=\"card-share__link card-share__link--linkedin\">\n                <a href=\"https:\/\/www.linkedin.com\/shareArticle?mini=true&#038;url=https:\/\/bdm-stg.mda.pl\/de\/informacje-prasowe\/budimex-hat-die-vierte-zone-fr-studierende-in-polen-erffnet-ein-neuer-raum-fr-lernen-erholung-und-treffen-ist-bereits-in-walcz-in-betrieb\/\" target=\"_blank\" rel=\"nofollow\">\n                    <span class=\"card-share__linkIcon icon icon-linkedin\"><\/span>\n                <\/a>\n            <\/div>\n            <div class=\"card-share__link card-share__link--twitter\">\n                <a href=\"https:\/\/twitter.com\/intent\/tweet?url=https%3A%2F%2Fbdm-stg.mda.pl%2Fde%2Finformacje-prasowe%2Fbudimex-hat-die-vierte-zone-fr-studierende-in-polen-erffnet-ein-neuer-raum-fr-lernen-erholung-und-treffen-ist-bereits-in-walcz-in-betrieb%2F\" target=\"_blank\" rel=\"nofollow\">\n                    <span class=\"card-share__linkIcon icon icon-x\"><\/span>\n                <\/a>\n            <\/div>\n        <\/div>\n    <\/div>\n<\/div>                            <\/p>\n                                            <\/div>\n                                                                                    <div class=\"text-block__text text-editor\"><p><p><strong>In der Schule geht es\u00a0nicht nur um Unterricht, Tests und Lehrplan. Es\u00a0ist auch ein Ort, an dem junge Menschen einen Gro\u00dfteil des Tages verbringen, Beziehungen aufbauen, Interessen entwickeln und beginnen, \u00fcber ihre berufliche Zukunft nachzudenken. Mit diesen Bed\u00fcrfnissen im\u00a0Hinterkopf wurde die neue &#8220;Budimex-Zone&#8221; geschaffen, die zum Nutzen des Bezirkszentrums f\u00fcr Weiter- und Berufsbildung in\u00a0Wa\u0142cz und des Industriekompetenzzentrums entwickelt wurde.<\/strong><\/p><p>Die feierliche Er\u00f6ffnung der Zone fand am\u00a024. M\u00e4rz dieses Jahres statt, der vierte derartige Raum, den Budimex in\u00a0Polen er\u00f6ffnete, und ein weiteres Beispiel f\u00fcr die Aktivit\u00e4ten des Unternehmens f\u00fcr technische Ausbildung und die Entwicklung zuk\u00fcnftiger Mitarbeiter f\u00fcr die Bauindustrie. Die &#8220;Budimex-Zone&#8221; soll den Sch\u00fclern jeden Tag dienen \u2013 als Ort zum Lernen, Entspannen und Treffen zwischen den Unterrichtsstunden. Es\u00a0ist ein freundlicher und funktionaler Ort, der dazu dient, Interessen zu inspirieren, zu integrieren und zu f\u00f6rdern.<\/p><p>&#8221; <em>Wir m\u00f6chten dort pr\u00e4sent sein, wo die auf dem Markt ben\u00f6tigten Kompetenzen entwickelt werden, und die Studierenden nicht nur durch Praktika oder Kurse mit Experten unterst\u00fctzen, sondern auch durch die Schaffung von Orten, die Lern, Integration und das Entdecken von Leidenschaften f\u00f6rdern. Wir sind \u00fcberzeugt, dass die Zusammenarbeit mit Berufsschulen eine echte Investition in\u00a0die Zukunft des Bauwesens und junger Menschen ist, die diesen Sektor in\u00a0den kommenden Jahren mitgestalten werden. Die Budimex-Zone in\u00a0Wa\u0142cz ist ein Ausdruck eines solchen Ansatzes \u2013 sie soll Studierende inspirieren und zeigen, dass Bauwesen ein interessanter und vielversprechender Karriereweg sein kann \u2013 <\/em>sagt Piotr Mandziak, Vertragsmanager bei Budimex SA.<\/p><p>Die Er\u00f6ffnung der Zone ist eine Fortsetzung der Zusammenarbeit von Budimex mit dem Bezirkszentrum f\u00fcr Weiter- und Berufsbildung in\u00a0Wa\u0142cz. Im\u00a0Oktober letzten Jahres unterzeichnete das Unternehmen eine dreiteilige Vereinbarung mit der Schule und dem Industry Skills Center im\u00a0Bereich Bauarbeiten. Die Partnerschaft zielt darauf ab, zuk\u00fcnftige Fachkr\u00e4fte besser auf den Arbeitsmarkt vorzubereiten und die praktische Dimension der beruflichen Ausbildung zu st\u00e4rken.<\/p><p>Budimex unterst\u00fctzt konsequent die St\u00e4rkung der beruflichen Kompetenzen der jungen Generation durch Projekte zur technischen Ausbildung. Bisher hat das Unternehmen 27 Kooperationsvereinbarungen mit Universit\u00e4ten und 54 strategische Partnerschaften mit Schulen in\u00a0ganz Polen unterzeichnet.<\/p><p>Heute sind Wa\u0142cz und seine Umgebung einer der wichtigen Punkte auf der Investitionskarte von Budimex. In\u00a0dieser Region realisiert das Unternehmen Abschnitte der S10-Autobahn \u2013 einer Strecke, die Stettin k\u00fcnftig mit Warschau verbinden und das Verkehrssystem Nordwestpolens ver\u00e4ndern wird.<\/p><\/p><\/div>\n                            <\/div>\n                                                                                                                                <\/div>\n    <\/div>\n<\/section> \n    <section id=\"block_79b517c3d414ef2251ceb6d95c787994\" class=\"gallery-section section-margin-120\" data-per-page=\"8\" data-per-row=\"4\" data-type=\"zdjecia\">\n        <div class=\"container\">\n            <div class=\"row\">\n                                    <div class=\"col-24\">\n                        <h2 class=\"gallery-section__title under-h2\">Galerie<\/h2>\n                    <\/div>\n                            <\/div>\n            <div class=\"row\">\n                <div class=\"col-24\">\n                                                                        <div class=\"gallery-section__grid gallery-section__grid--4\">\n                                \n                        <div class=\"gallery-section__image gallery-section__image--single\">\n                <a href=\"https:\/\/bdm-stg.mda.pl\/app\/uploads\/2026\/03\/dsc_0400-32-scaled.jpg\">\n                                        <img loading=\"lazy\" decoding=\"async\" width=\"2560\" height=\"1707\" src=\"https:\/\/bdm-stg.mda.pl\/app\/uploads\/2026\/03\/dsc_0400-32-scaled.jpg\" class=\"attachment-full size-full\" alt=\"\" \/>                                    <\/a>\n                            <\/div>\n                                <div class=\"gallery-section__image gallery-section__image--single\">\n                <a href=\"https:\/\/bdm-stg.mda.pl\/app\/uploads\/2026\/03\/dsc_0424-32-scaled.jpg\">\n                                        <img loading=\"lazy\" decoding=\"async\" width=\"2560\" height=\"1707\" src=\"https:\/\/bdm-stg.mda.pl\/app\/uploads\/2026\/03\/dsc_0424-32-scaled.jpg\" class=\"attachment-full size-full\" alt=\"\" \/>                                    <\/a>\n                            <\/div>\n                                <div class=\"gallery-section__image gallery-section__image--single\">\n                <a href=\"https:\/\/bdm-stg.mda.pl\/app\/uploads\/2026\/03\/dsc_0483-32-scaled.jpg\">\n                                        <img loading=\"lazy\" decoding=\"async\" width=\"2560\" height=\"1707\" src=\"https:\/\/bdm-stg.mda.pl\/app\/uploads\/2026\/03\/dsc_0483-32-scaled.jpg\" class=\"attachment-full size-full\" alt=\"\" \/>                                    <\/a>\n                            <\/div>\n                                <div class=\"gallery-section__image gallery-section__image--single\">\n                <a href=\"https:\/\/bdm-stg.mda.pl\/app\/uploads\/2026\/03\/dsc_0489-32-scaled.jpg\">\n                                        <img loading=\"lazy\" decoding=\"async\" width=\"2560\" height=\"1707\" src=\"https:\/\/bdm-stg.mda.pl\/app\/uploads\/2026\/03\/dsc_0489-32-scaled.jpg\" class=\"attachment-full size-full\" alt=\"\" \/>                                    <\/a>\n                            <\/div>\n            \n                            <\/div>\n                                                                                        <\/div>\n            <\/div>\n        <\/div>\n    <\/section>\n ","protected":false},"excerpt":{"rendered":"","protected":false},"featured_media":0,"parent":0,"template":"","press_type":[],"acf":[],"yoast_head":"<!-- This site is optimized with the Yoast SEO plugin v22.5 - https:\/\/yoast.com\/wordpress\/plugins\/seo\/ -->\n<title>Budimex hat die vierte Zone f&uuml;r Studierende in Polen er&ouml;ffnet.Ein neuer Raum f&uuml;r Lernen, Erholung und Treffen ist bereits in Wa\u0142cz in Betrieb - Budimex<\/title>\n<meta name=\"robots\" content=\"noindex, follow, max-snippet:-1, max-image-preview:large, max-video-preview:-1\" \/>\n<meta property=\"og:locale\" content=\"de_DE\" \/>\n<meta property=\"og:type\" content=\"article\" \/>\n<meta property=\"og:title\" content=\"Budimex hat die vierte Zone f&uuml;r Studierende in Polen er&ouml;ffnet.Ein neuer Raum f&uuml;r Lernen, Erholung und Treffen ist bereits in Wa\u0142cz in Betrieb - Budimex\" \/>\n<meta property=\"og:url\" content=\"https:\/\/bdm-stg.mda.pl\/de\/informacje-prasowe\/budimex-hat-die-vierte-zone-fr-studierende-in-polen-erffnet-ein-neuer-raum-fr-lernen-erholung-und-treffen-ist-bereits-in-walcz-in-betrieb\/\" \/>\n<meta property=\"og:site_name\" content=\"Budimex\" \/>\n<meta property=\"article:modified_time\" content=\"2026-03-27T15:42:03+00:00\" \/>\n<meta name=\"twitter:card\" content=\"summary_large_image\" \/>\n<script type=\"application\/ld+json\" class=\"yoast-schema-graph\">{\"@context\":\"https:\/\/schema.org\",\"@graph\":[{\"@type\":\"WebPage\",\"@id\":\"https:\/\/bdm-stg.mda.pl\/de\/informacje-prasowe\/budimex-hat-die-vierte-zone-fr-studierende-in-polen-erffnet-ein-neuer-raum-fr-lernen-erholung-und-treffen-ist-bereits-in-walcz-in-betrieb\/\",\"url\":\"https:\/\/bdm-stg.mda.pl\/de\/informacje-prasowe\/budimex-hat-die-vierte-zone-fr-studierende-in-polen-erffnet-ein-neuer-raum-fr-lernen-erholung-und-treffen-ist-bereits-in-walcz-in-betrieb\/\",\"name\":\"Budimex hat die vierte Zone f&uuml;r Studierende in Polen er&ouml;ffnet.Ein neuer Raum f&uuml;r Lernen, Erholung und Treffen ist bereits in Wa\u0142cz in Betrieb - Budimex\",\"isPartOf\":{\"@id\":\"https:\/\/bdm-stg.mda.pl\/de\/#website\"},\"datePublished\":\"2026-03-26T13:36:50+00:00\",\"dateModified\":\"2026-03-27T15:42:03+00:00\",\"breadcrumb\":{\"@id\":\"https:\/\/bdm-stg.mda.pl\/de\/informacje-prasowe\/budimex-hat-die-vierte-zone-fr-studierende-in-polen-erffnet-ein-neuer-raum-fr-lernen-erholung-und-treffen-ist-bereits-in-walcz-in-betrieb\/#breadcrumb\"},\"inLanguage\":\"de-DE\",\"potentialAction\":[{\"@type\":\"ReadAction\",\"target\":[\"https:\/\/bdm-stg.mda.pl\/de\/informacje-prasowe\/budimex-hat-die-vierte-zone-fr-studierende-in-polen-erffnet-ein-neuer-raum-fr-lernen-erholung-und-treffen-ist-bereits-in-walcz-in-betrieb\/\"]}]},{\"@type\":\"BreadcrumbList\",\"@id\":\"https:\/\/bdm-stg.mda.pl\/de\/informacje-prasowe\/budimex-hat-die-vierte-zone-fr-studierende-in-polen-erffnet-ein-neuer-raum-fr-lernen-erholung-und-treffen-ist-bereits-in-walcz-in-betrieb\/#breadcrumb\",\"itemListElement\":[{\"@type\":\"ListItem\",\"position\":1,\"name\":\"Strona g\u0142\u00f3wna\",\"item\":\"https:\/\/bdm-stg.mda.pl\/de\/\"},{\"@type\":\"ListItem\",\"position\":2,\"name\":\"Budimex hat die vierte Zone f&uuml;r Studierende in Polen er&ouml;ffnet.Ein neuer Raum f&uuml;r Lernen, Erholung und Treffen ist bereits in Wa\u0142cz in Betrieb\"}]},{\"@type\":\"WebSite\",\"@id\":\"https:\/\/bdm-stg.mda.pl\/de\/#website\",\"url\":\"https:\/\/bdm-stg.mda.pl\/de\/\",\"name\":\"Budimex\",\"description\":\"\",\"potentialAction\":[{\"@type\":\"SearchAction\",\"target\":{\"@type\":\"EntryPoint\",\"urlTemplate\":\"https:\/\/bdm-stg.mda.pl\/de\/?s={search_term_string}\"},\"query-input\":\"required name=search_term_string\"}],\"inLanguage\":\"de-DE\"}]}<\/script>\n<!-- \/ Yoast SEO plugin. -->","yoast_head_json":{"title":"Budimex hat die vierte Zone f&uuml;r Studierende in Polen er&ouml;ffnet.Ein neuer Raum f&uuml;r Lernen, Erholung und Treffen ist bereits in Wa\u0142cz in Betrieb - Budimex","robots":{"index":"noindex","follow":"follow","max-snippet":"max-snippet:-1","max-image-preview":"max-image-preview:large","max-video-preview":"max-video-preview:-1"},"og_locale":"de_DE","og_type":"article","og_title":"Budimex hat die vierte Zone f&uuml;r Studierende in Polen er&ouml;ffnet.Ein neuer Raum f&uuml;r Lernen, Erholung und Treffen ist bereits in Wa\u0142cz in Betrieb - Budimex","og_url":"https:\/\/bdm-stg.mda.pl\/de\/informacje-prasowe\/budimex-hat-die-vierte-zone-fr-studierende-in-polen-erffnet-ein-neuer-raum-fr-lernen-erholung-und-treffen-ist-bereits-in-walcz-in-betrieb\/","og_site_name":"Budimex","article_modified_time":"2026-03-27T15:42:03+00:00","twitter_card":"summary_large_image","schema":{"@context":"https:\/\/schema.org","@graph":[{"@type":"WebPage","@id":"https:\/\/bdm-stg.mda.pl\/de\/informacje-prasowe\/budimex-hat-die-vierte-zone-fr-studierende-in-polen-erffnet-ein-neuer-raum-fr-lernen-erholung-und-treffen-ist-bereits-in-walcz-in-betrieb\/","url":"https:\/\/bdm-stg.mda.pl\/de\/informacje-prasowe\/budimex-hat-die-vierte-zone-fr-studierende-in-polen-erffnet-ein-neuer-raum-fr-lernen-erholung-und-treffen-ist-bereits-in-walcz-in-betrieb\/","name":"Budimex hat die vierte Zone f&uuml;r Studierende in Polen er&ouml;ffnet.Ein neuer Raum f&uuml;r Lernen, Erholung und Treffen ist bereits in Wa\u0142cz in Betrieb - Budimex","isPartOf":{"@id":"https:\/\/bdm-stg.mda.pl\/de\/#website"},"datePublished":"2026-03-26T13:36:50+00:00","dateModified":"2026-03-27T15:42:03+00:00","breadcrumb":{"@id":"https:\/\/bdm-stg.mda.pl\/de\/informacje-prasowe\/budimex-hat-die-vierte-zone-fr-studierende-in-polen-erffnet-ein-neuer-raum-fr-lernen-erholung-und-treffen-ist-bereits-in-walcz-in-betrieb\/#breadcrumb"},"inLanguage":"de-DE","potentialAction":[{"@type":"ReadAction","target":["https:\/\/bdm-stg.mda.pl\/de\/informacje-prasowe\/budimex-hat-die-vierte-zone-fr-studierende-in-polen-erffnet-ein-neuer-raum-fr-lernen-erholung-und-treffen-ist-bereits-in-walcz-in-betrieb\/"]}]},{"@type":"BreadcrumbList","@id":"https:\/\/bdm-stg.mda.pl\/de\/informacje-prasowe\/budimex-hat-die-vierte-zone-fr-studierende-in-polen-erffnet-ein-neuer-raum-fr-lernen-erholung-und-treffen-ist-bereits-in-walcz-in-betrieb\/#breadcrumb","itemListElement":[{"@type":"ListItem","position":1,"name":"Strona g\u0142\u00f3wna","item":"https:\/\/bdm-stg.mda.pl\/de\/"},{"@type":"ListItem","position":2,"name":"Budimex hat die vierte Zone f&uuml;r Studierende in Polen er&ouml;ffnet.Ein neuer Raum f&uuml;r Lernen, Erholung und Treffen ist bereits in Wa\u0142cz in Betrieb"}]},{"@type":"WebSite","@id":"https:\/\/bdm-stg.mda.pl\/de\/#website","url":"https:\/\/bdm-stg.mda.pl\/de\/","name":"Budimex","description":"","potentialAction":[{"@type":"SearchAction","target":{"@type":"EntryPoint","urlTemplate":"https:\/\/bdm-stg.mda.pl\/de\/?s={search_term_string}"},"query-input":"required name=search_term_string"}],"inLanguage":"de-DE"}]}},"_links":{"self":[{"href":"https:\/\/bdm-stg.mda.pl\/de\/wp-json\/wp\/v2\/press\/324568"}],"collection":[{"href":"https:\/\/bdm-stg.mda.pl\/de\/wp-json\/wp\/v2\/press"}],"about":[{"href":"https:\/\/bdm-stg.mda.pl\/de\/wp-json\/wp\/v2\/types\/press"}],"version-history":[{"count":3,"href":"https:\/\/bdm-stg.mda.pl\/de\/wp-json\/wp\/v2\/press\/324568\/revisions"}],"predecessor-version":[{"id":325792,"href":"https:\/\/bdm-stg.mda.pl\/de\/wp-json\/wp\/v2\/press\/324568\/revisions\/325792"}],"wp:attachment":[{"href":"https:\/\/bdm-stg.mda.pl\/de\/wp-json\/wp\/v2\/media?parent=324568"}],"wp:term":[{"taxonomy":"press_type","embeddable":true,"href":"https:\/\/bdm-stg.mda.pl\/de\/wp-json\/wp\/v2\/press_type?post=324568"}],"curies":[{"name":"wp","href":"https:\/\/api.w.org\/{rel}","templated":true}]}}