{"id":339325,"date":"2026-04-27T07:34:17","date_gmt":"2026-04-27T07:34:17","guid":{"rendered":"https:\/\/bdm-stg.mda.pl\/informacje-prasowe\/budimex-hat-den-bau-der-fabryczna-kammer-in-ldz-abgeschlossen-ein-wichtiger-schritt-fr-die-hochgeschwindigkeitsbahn-und-das-gesamte-hafenprojekt-polen\/"},"modified":"2026-04-28T10:14:57","modified_gmt":"2026-04-28T10:14:57","slug":"budimex-hat-den-bau-der-fabryczna-kammer-in-ldz-abgeschlossen-ein-wichtiger-schritt-fr-die-hochgeschwindigkeitsbahn-und-das-gesamte-hafenprojekt-polen","status":"publish","type":"press","link":"https:\/\/bdm-stg.mda.pl\/de\/informacje-prasowe\/budimex-hat-den-bau-der-fabryczna-kammer-in-ldz-abgeschlossen-ein-wichtiger-schritt-fr-die-hochgeschwindigkeitsbahn-und-das-gesamte-hafenprojekt-polen\/","title":{"rendered":"Budimex hat den Bau der &quot;Fabryczna&quot;-Kammer in \u0141&oacute;d\u017a abgeschlossen &ndash; ein wichtiger Schritt f&uuml;r die Hochgeschwindigkeitsbahn und das gesamte Hafenprojekt Polen"},"content":{"rendered":"\n<section id=\"block_1853fd40198ac4629d8167b45d6d40ad\" class=\"text-block   -hide-dots section-margin-120\">\n    <div class=\"container\">\n        <div class=\"row\">\n            <div class=\"col-24 col-lg-16\">\n                                    <p class=\"typo-18 under-p-medium color-gray-120 text-block__date\">27.04.2026<\/p>\n                                                    <div class=\"text-block__top-texts under-h2\">\n                        <h2 class=\"text-block__title under-p-big\">Budimex hat den Bau der &#8220;Fabryczna&#8221;-Kammer in\u00a0\u0141\u00f3d\u017a abgeschlossen \u2013 ein wichtiger Schritt f\u00fcr die Hochgeschwindigkeitsbahn und das gesamte Hafenprojekt Polen<\/h2>\n                                                    <p class=\"typo-18 under-p-medium color-gray-120\">\n                                \n<div class=\"card-share card-share--flex\">\n    <div class=\"card-share__inner\">\n        <p class=\"card-share__title typo-18\">Udost\u0119pnij artyku\u0142<\/p>\n        <div class=\"card-share__links\">\n            <div class=\"card-share__link card-share__link--facebook\">\n                <a href=\"https:\/\/www.facebook.com\/sharer\/sharer.php?u=https:\/\/bdm-stg.mda.pl\/de\/informacje-prasowe\/budimex-hat-den-bau-der-fabryczna-kammer-in-ldz-abgeschlossen-ein-wichtiger-schritt-fr-die-hochgeschwindigkeitsbahn-und-das-gesamte-hafenprojekt-polen\/\" target=\"_blank\">\n                    <span class=\"card-share__linkIcon icon icon-facebook d-flex\"><\/span>\n                <\/a>\n            <\/div>\n            <div class=\"card-share__link card-share__link--linkedin\">\n                <a href=\"https:\/\/www.linkedin.com\/shareArticle?mini=true&#038;url=https:\/\/bdm-stg.mda.pl\/de\/informacje-prasowe\/budimex-hat-den-bau-der-fabryczna-kammer-in-ldz-abgeschlossen-ein-wichtiger-schritt-fr-die-hochgeschwindigkeitsbahn-und-das-gesamte-hafenprojekt-polen\/\" target=\"_blank\" rel=\"nofollow\">\n                    <span class=\"card-share__linkIcon icon icon-linkedin\"><\/span>\n                <\/a>\n            <\/div>\n            <div class=\"card-share__link card-share__link--twitter\">\n                <a href=\"https:\/\/twitter.com\/intent\/tweet?url=https%3A%2F%2Fbdm-stg.mda.pl%2Fde%2Finformacje-prasowe%2Fbudimex-hat-den-bau-der-fabryczna-kammer-in-ldz-abgeschlossen-ein-wichtiger-schritt-fr-die-hochgeschwindigkeitsbahn-und-das-gesamte-hafenprojekt-polen%2F\" target=\"_blank\" rel=\"nofollow\">\n                    <span class=\"card-share__linkIcon icon icon-x\"><\/span>\n                <\/a>\n            <\/div>\n        <\/div>\n    <\/div>\n<\/div>                            <\/p>\n                                            <\/div>\n                                                                                    <div class=\"text-block__text text-editor\"><p><p style=\"text-align:justify\"><strong>Budimex SA hat die Hauptarbeiten am\u00a0Bau der Empfangskammer &#8220;Fabryczna&#8221; abgeschlossen, einem der Schl\u00fcsselelemente der Infrastruktur, die den Bau des Ferntunnels in\u00a0\u0141\u00f3d\u017a entlang der Bahnlinie Nr.\u00a085 begleitet. Die Fertigstellung dieser Phase ebnet den Weg f\u00fcr den Beginn weiterer Arbeiten im\u00a0Zusammenhang mit dem Bau der &#8220;Fabryczna&#8221;-Weichraum, die f\u00fcr Juli 2026 geplant ist.<\/strong><\/p><p style=\"text-align:justify\">Die &#8220;Fabryczna&#8221;-Empfangskammer, die im\u00a0Zentrum von \u0141\u00f3d\u017a, in\u00a0der N\u00e4he des Bahnhofs \u0141\u00f3d\u017a Fabryczna und des Kulturzentrums \u0141\u00f3d\u017a, errichtet wurde, im\u00a0Rahmen des Projekts &#8220;Bau der Sicherungsstruktur der Retkinia-Kammer und der Sicherungsstruktur der Fabryczna-Wechselkammer&#8221; durchgef\u00fchrt, das auf Wunsch des Zentralen Kommunikationshafens durchgef\u00fchrt wurde. Die Aufgabe wird seit April 2025 von Budimex durchgef\u00fchrt und ihre Fertigstellung ist f\u00fcr Mai 2026 geplant. Zuvor hatte Budimex im\u00a0selben Auftrag die Sendekammer Retkinia fertiggestellt, sodass beide f\u00fcr die Tunnelarbeiten notwendigen Enden bereits fertiggestellt sind.<\/p><p style=\"text-align:justify\">Im Rahmen der Arbeiten wurden Schlitzw\u00e4nde mit einer Tiefe von bis zu 36 Metern errichtet, und die Ausgrabung an der tiefsten Stelle der Kammer reichte 27 Meter unter Bodenniveau. F\u00fcr den Bau wurden ca. 6,5 Tausend m\u00b3 Beton und 850 Tonnen Stahl installiert, darunter fast 9 Tonnen GFRP-Verst\u00e4rkung in\u00a0der Frontwand, durch die der TBM-Schild k\u00fcnftig passieren wird. W\u00e4hrend der Arbeiten wurden etwa 22.000 m\u00b3 Erz gef\u00f6rdert. Der Abschluss des Baus der Empfangskammer bedeutet den Abschluss einer wichtigen Investitionsphase und gleichzeitig die Vorbereitung f\u00fcr die n\u00e4chste Phase des Projekts, n\u00e4mlich den Bau der &#8220;Fabryczna&#8221;-Wechselkammer, die f\u00fcr Juli 2026 geplant ist.<\/p><p style=\"text-align:justify\">&#8220;<em>Die Fertigstellung der Arbeiten an der Empfangskammer ist das Ergebnis vielmonatiger intensiver Arbeit des Teams und komplizierter Arbeiten unter anspruchsvollen st\u00e4dtischen Bedingungen. Eine besondere Herausforderung war die Durchf\u00fchrung geotechnischer Arbeiten und einer tiefen Ausgrabung in\u00a0einer kompakten Siedlung, wobei der Bauplatz an der Kreuzung von bis zu drei Investitionen nur sehr begrenzt war. Dennoch ist es\u00a0uns gelungen, die Qualit\u00e4t der Verarbeitung effektiv mit der Aufrechterhaltung der Sicherheit und Kontinuit\u00e4t der umgesetzten Investitionen zu verbinden. Dies ist ein wichtiger Schritt zum Beginn der n\u00e4chsten Bauphase, also der Wechselkammer<\/em>, <strong>sagt Pawe\u0142 Parusel, Vertragsleiter bei Budimex SA.<\/strong><\/p><p style=\"text-align:justify\">Die Kammern &#8220;Retkinia&#8221; und &#8220;Fabryczna&#8221; sind Teil der Investition, die den Bau eines Ferntunnels mit einer L\u00e4nge von ca. 4,6 km erm\u00f6glichen wird. Zuk\u00fcnftig wird sie die Verbindung von \u0141\u00f3d\u017a mit Warschau, Posen und Breslau durch Hochgeschwindigkeitsz\u00fcge erm\u00f6glichen und ein wichtiger Bestandteil des neuen Eisenbahnsystems in\u00a0Zentralpolen sein.<\/p><p style=\"text-align:justify\">Als f\u00fchrender Generalunternehmer in\u00a0Polen f\u00fchrt Budimex wichtige Infrastrukturinvestitionen um, darunter Eisenbahn-, Stra\u00dfen-, Wasserbau- und Kubatorprojekte. Im\u00a0Rahmen der T\u00e4tigkeiten im\u00a0Zusammenhang mit dem Bau der Infrastruktur des polnischen Hafens ist das Unternehmen f\u00fcr den Bau von St\u00fctzstrukturen f\u00fcr die Kammern des Hochgeschwindigkeitstunnels in\u00a0\u0141\u00f3d\u017a verantwortlich, und der Gesamtwert des Vertrags betr\u00e4gt 159 Millionen PLN netto.<\/p><p style=\"text-align:justify\">Gleichzeitig ist Budimex an einer Reihe weiterer gro\u00dfer Eisenbahnprojekte in\u00a0Polen beteiligt, insbesondere im\u00a0S\u00fcden des Landes. Das Unternehmen ist einer der Hauptauftragnehmer des Programms &#8220;Pod\u0142\u0119\u017ce-Piekie\u0142ko&#8221; \u2013 es\u00a0hat bereits einen Abschnitt der Linie Nr.\u00a0104 auf der Strecke Chab\u00f3wka \u2013 Rabka Zaryte in\u00a0Betrieb genommen, f\u00fchrt derzeit Arbeiten am\u00a0H-Abschnitt der Linie Nr.\u00a0622 Szczyrzyc \u2013 Tymbark durch und unterzeichnete im\u00a0M\u00e4rz 2026 einen Vertrag f\u00fcr die n\u00e4chste Investitionsphase, einschlie\u00dflich der Linie Nr.\u00a0622 Pod\u0142\u0119\u017ce \u2013 Gd\u00f3w und der Auffahrt Nr.\u00a0627. Zus\u00e4tzlich f\u00fchrt Budimex auch ein Projekt auf dem Abschnitt Limanowa \u2013 Kleczany im\u00a0Rahmen der Modernisierung der Linie Nr.\u00a0104 um.<\/p><\/p><\/div>\n                            <\/div>\n                                                                                                                                <\/div>\n    <\/div>\n<\/section> \n    <section id=\"block_0ab700576ceb1ded09ecba47ec72efd3\" class=\"gallery-section section-margin-120\" data-per-page=\"8\" data-per-row=\"4\" data-type=\"zdjecia\">\n        <div class=\"container\">\n            <div class=\"row\">\n                                    <div class=\"col-24\">\n                        <h2 class=\"gallery-section__title under-h2\">Galerie<\/h2>\n                    <\/div>\n                            <\/div>\n            <div class=\"row\">\n                <div class=\"col-24\">\n                                                                        <div class=\"gallery-section__grid gallery-section__grid--4\">\n                                \n                        <div class=\"gallery-section__image gallery-section__image--single\">\n                <a href=\"https:\/\/bdm-stg.mda.pl\/app\/uploads\/2026\/04\/20260331_142518-33-scaled.jpg\">\n                                        <img loading=\"lazy\" decoding=\"async\" width=\"2560\" height=\"1920\" src=\"https:\/\/bdm-stg.mda.pl\/app\/uploads\/2026\/04\/20260331_142518-33-scaled.jpg\" class=\"attachment-full size-full\" alt=\"\" \/>                                    <\/a>\n                            <\/div>\n                                <div class=\"gallery-section__image gallery-section__image--single\">\n                <a href=\"https:\/\/bdm-stg.mda.pl\/app\/uploads\/2026\/04\/20260331_142807-33-scaled.jpg\">\n                                        <img loading=\"lazy\" decoding=\"async\" width=\"2560\" height=\"1920\" src=\"https:\/\/bdm-stg.mda.pl\/app\/uploads\/2026\/04\/20260331_142807-33-scaled.jpg\" class=\"attachment-full size-full\" alt=\"\" \/>                                    <\/a>\n                            <\/div>\n                                <div class=\"gallery-section__image gallery-section__image--single\">\n                <a href=\"https:\/\/bdm-stg.mda.pl\/app\/uploads\/2026\/04\/img_20260312_112632-33-scaled.jpg\">\n                                        <img loading=\"lazy\" decoding=\"async\" width=\"1920\" height=\"2560\" src=\"https:\/\/bdm-stg.mda.pl\/app\/uploads\/2026\/04\/img_20260312_112632-33-scaled.jpg\" class=\"attachment-full size-full\" alt=\"\" \/>                                    <\/a>\n                            <\/div>\n                                <div class=\"gallery-section__image gallery-section__image--single\">\n                <a href=\"https:\/\/bdm-stg.mda.pl\/app\/uploads\/2026\/04\/img_20260312_112643-33-scaled.jpg\">\n                                        <img loading=\"lazy\" decoding=\"async\" width=\"1920\" height=\"2560\" src=\"https:\/\/bdm-stg.mda.pl\/app\/uploads\/2026\/04\/img_20260312_112643-33-scaled.jpg\" class=\"attachment-full size-full\" alt=\"\" \/>                                    <\/a>\n                            <\/div>\n                                <div class=\"gallery-section__image gallery-section__image--single\">\n                <a href=\"https:\/\/bdm-stg.mda.pl\/app\/uploads\/2026\/04\/img_20260312_112647-33-scaled.jpg\">\n                                        <img loading=\"lazy\" decoding=\"async\" width=\"1920\" height=\"2560\" src=\"https:\/\/bdm-stg.mda.pl\/app\/uploads\/2026\/04\/img_20260312_112647-33-scaled.jpg\" class=\"attachment-full size-full\" alt=\"\" \/>                                    <\/a>\n                            <\/div>\n                                <div class=\"gallery-section__image gallery-section__image--single\">\n                <a href=\"https:\/\/bdm-stg.mda.pl\/app\/uploads\/2026\/04\/img_20260312_153334-33-scaled.jpg\">\n                                        <img loading=\"lazy\" decoding=\"async\" width=\"1920\" height=\"2560\" src=\"https:\/\/bdm-stg.mda.pl\/app\/uploads\/2026\/04\/img_20260312_153334-33-scaled.jpg\" class=\"attachment-full size-full\" alt=\"\" \/>                                    <\/a>\n                            <\/div>\n                                <div class=\"gallery-section__image gallery-section__image--single\">\n                <a href=\"https:\/\/bdm-stg.mda.pl\/app\/uploads\/2026\/04\/img_20260312_153341-33-scaled.jpg\">\n                                        <img loading=\"lazy\" decoding=\"async\" width=\"1920\" height=\"2560\" src=\"https:\/\/bdm-stg.mda.pl\/app\/uploads\/2026\/04\/img_20260312_153341-33-scaled.jpg\" class=\"attachment-full size-full\" alt=\"\" \/>                                    <\/a>\n                            <\/div>\n                                <div class=\"gallery-section__image gallery-section__image--single\">\n                <a href=\"https:\/\/bdm-stg.mda.pl\/app\/uploads\/2026\/04\/20251209_095327-33-scaled.jpg\">\n                                        <img loading=\"lazy\" decoding=\"async\" width=\"1920\" height=\"2560\" src=\"https:\/\/bdm-stg.mda.pl\/app\/uploads\/2026\/04\/20251209_095327-33-scaled.jpg\" class=\"attachment-full size-full\" alt=\"\" \/>                                    <\/a>\n                            <\/div>\n            \n                            <\/div>\n                                                            <div class=\"gallery-section__button-wrapper\">\n                                    <button data-show-more data-ajax-wrapper=\"gallery-section__grid\" data-gallery-type=\"single\" type=\"button\" data-gallery-gallery='[{\"image\":342702,\"subtitle\":\"\",\"link\":null},{\"image\":342709,\"subtitle\":\"\",\"link\":null},{\"image\":342716,\"subtitle\":\"\",\"link\":null},{\"image\":342723,\"subtitle\":\"\",\"link\":null},{\"image\":342730,\"subtitle\":\"\",\"link\":null},{\"image\":342737,\"subtitle\":\"\",\"link\":null},{\"image\":342744,\"subtitle\":\"\",\"link\":null},{\"image\":342751,\"subtitle\":\"\",\"link\":null},{\"image\":342758,\"subtitle\":\"\",\"link\":null},{\"image\":342765,\"subtitle\":\"\",\"link\":null},{\"image\":342772,\"subtitle\":\"\",\"link\":null},{\"image\":342779,\"subtitle\":\"\",\"link\":null},{\"image\":342786,\"subtitle\":\"\",\"link\":null}]' data-gallery-page=\"1\" class=\"-wcag-black button button--new-gray button--medium button--full-xl\">Zobacz wi\u0119cej<\/button>\n                                <\/div>\n                                                                                        <\/div>\n            <\/div>\n        <\/div>\n    <\/section>\n ","protected":false},"excerpt":{"rendered":"","protected":false},"featured_media":0,"parent":0,"template":"","press_type":[],"acf":[],"yoast_head":"<!-- This site is optimized with the Yoast SEO plugin v22.5 - https:\/\/yoast.com\/wordpress\/plugins\/seo\/ -->\n<title>Budimex hat den Bau der &quot;Fabryczna&quot;-Kammer in \u0141&oacute;d\u017a abgeschlossen &ndash; ein wichtiger Schritt f&uuml;r die Hochgeschwindigkeitsbahn und das gesamte Hafenprojekt Polen - Budimex<\/title>\n<meta name=\"robots\" content=\"noindex, follow, max-snippet:-1, max-image-preview:large, max-video-preview:-1\" \/>\n<meta property=\"og:locale\" content=\"de_DE\" \/>\n<meta property=\"og:type\" content=\"article\" \/>\n<meta property=\"og:title\" content=\"Budimex hat den Bau der &quot;Fabryczna&quot;-Kammer in \u0141&oacute;d\u017a abgeschlossen &ndash; ein wichtiger Schritt f&uuml;r die Hochgeschwindigkeitsbahn und das gesamte Hafenprojekt Polen - Budimex\" \/>\n<meta property=\"og:url\" content=\"https:\/\/bdm-stg.mda.pl\/de\/informacje-prasowe\/budimex-hat-den-bau-der-fabryczna-kammer-in-ldz-abgeschlossen-ein-wichtiger-schritt-fr-die-hochgeschwindigkeitsbahn-und-das-gesamte-hafenprojekt-polen\/\" \/>\n<meta property=\"og:site_name\" content=\"Budimex\" \/>\n<meta property=\"article:modified_time\" content=\"2026-04-28T10:14:57+00:00\" \/>\n<meta name=\"twitter:card\" content=\"summary_large_image\" \/>\n<script type=\"application\/ld+json\" class=\"yoast-schema-graph\">{\"@context\":\"https:\/\/schema.org\",\"@graph\":[{\"@type\":\"WebPage\",\"@id\":\"https:\/\/bdm-stg.mda.pl\/de\/informacje-prasowe\/budimex-hat-den-bau-der-fabryczna-kammer-in-ldz-abgeschlossen-ein-wichtiger-schritt-fr-die-hochgeschwindigkeitsbahn-und-das-gesamte-hafenprojekt-polen\/\",\"url\":\"https:\/\/bdm-stg.mda.pl\/de\/informacje-prasowe\/budimex-hat-den-bau-der-fabryczna-kammer-in-ldz-abgeschlossen-ein-wichtiger-schritt-fr-die-hochgeschwindigkeitsbahn-und-das-gesamte-hafenprojekt-polen\/\",\"name\":\"Budimex hat den Bau der &quot;Fabryczna&quot;-Kammer in \u0141&oacute;d\u017a abgeschlossen &ndash; ein wichtiger Schritt f&uuml;r die Hochgeschwindigkeitsbahn und das gesamte Hafenprojekt Polen - Budimex\",\"isPartOf\":{\"@id\":\"https:\/\/bdm-stg.mda.pl\/de\/#website\"},\"datePublished\":\"2026-04-27T07:34:17+00:00\",\"dateModified\":\"2026-04-28T10:14:57+00:00\",\"breadcrumb\":{\"@id\":\"https:\/\/bdm-stg.mda.pl\/de\/informacje-prasowe\/budimex-hat-den-bau-der-fabryczna-kammer-in-ldz-abgeschlossen-ein-wichtiger-schritt-fr-die-hochgeschwindigkeitsbahn-und-das-gesamte-hafenprojekt-polen\/#breadcrumb\"},\"inLanguage\":\"de-DE\",\"potentialAction\":[{\"@type\":\"ReadAction\",\"target\":[\"https:\/\/bdm-stg.mda.pl\/de\/informacje-prasowe\/budimex-hat-den-bau-der-fabryczna-kammer-in-ldz-abgeschlossen-ein-wichtiger-schritt-fr-die-hochgeschwindigkeitsbahn-und-das-gesamte-hafenprojekt-polen\/\"]}]},{\"@type\":\"BreadcrumbList\",\"@id\":\"https:\/\/bdm-stg.mda.pl\/de\/informacje-prasowe\/budimex-hat-den-bau-der-fabryczna-kammer-in-ldz-abgeschlossen-ein-wichtiger-schritt-fr-die-hochgeschwindigkeitsbahn-und-das-gesamte-hafenprojekt-polen\/#breadcrumb\",\"itemListElement\":[{\"@type\":\"ListItem\",\"position\":1,\"name\":\"Strona g\u0142\u00f3wna\",\"item\":\"https:\/\/bdm-stg.mda.pl\/de\/\"},{\"@type\":\"ListItem\",\"position\":2,\"name\":\"Budimex hat den Bau der &quot;Fabryczna&quot;-Kammer in \u0141&oacute;d\u017a abgeschlossen &ndash; ein wichtiger Schritt f&uuml;r die Hochgeschwindigkeitsbahn und das gesamte Hafenprojekt Polen\"}]},{\"@type\":\"WebSite\",\"@id\":\"https:\/\/bdm-stg.mda.pl\/de\/#website\",\"url\":\"https:\/\/bdm-stg.mda.pl\/de\/\",\"name\":\"Budimex\",\"description\":\"\",\"potentialAction\":[{\"@type\":\"SearchAction\",\"target\":{\"@type\":\"EntryPoint\",\"urlTemplate\":\"https:\/\/bdm-stg.mda.pl\/de\/?s={search_term_string}\"},\"query-input\":\"required name=search_term_string\"}],\"inLanguage\":\"de-DE\"}]}<\/script>\n<!-- \/ Yoast SEO plugin. -->","yoast_head_json":{"title":"Budimex hat den Bau der &quot;Fabryczna&quot;-Kammer in \u0141&oacute;d\u017a abgeschlossen &ndash; ein wichtiger Schritt f&uuml;r die Hochgeschwindigkeitsbahn und das gesamte Hafenprojekt Polen - Budimex","robots":{"index":"noindex","follow":"follow","max-snippet":"max-snippet:-1","max-image-preview":"max-image-preview:large","max-video-preview":"max-video-preview:-1"},"og_locale":"de_DE","og_type":"article","og_title":"Budimex hat den Bau der &quot;Fabryczna&quot;-Kammer in \u0141&oacute;d\u017a abgeschlossen &ndash; ein wichtiger Schritt f&uuml;r die Hochgeschwindigkeitsbahn und das gesamte Hafenprojekt Polen - Budimex","og_url":"https:\/\/bdm-stg.mda.pl\/de\/informacje-prasowe\/budimex-hat-den-bau-der-fabryczna-kammer-in-ldz-abgeschlossen-ein-wichtiger-schritt-fr-die-hochgeschwindigkeitsbahn-und-das-gesamte-hafenprojekt-polen\/","og_site_name":"Budimex","article_modified_time":"2026-04-28T10:14:57+00:00","twitter_card":"summary_large_image","schema":{"@context":"https:\/\/schema.org","@graph":[{"@type":"WebPage","@id":"https:\/\/bdm-stg.mda.pl\/de\/informacje-prasowe\/budimex-hat-den-bau-der-fabryczna-kammer-in-ldz-abgeschlossen-ein-wichtiger-schritt-fr-die-hochgeschwindigkeitsbahn-und-das-gesamte-hafenprojekt-polen\/","url":"https:\/\/bdm-stg.mda.pl\/de\/informacje-prasowe\/budimex-hat-den-bau-der-fabryczna-kammer-in-ldz-abgeschlossen-ein-wichtiger-schritt-fr-die-hochgeschwindigkeitsbahn-und-das-gesamte-hafenprojekt-polen\/","name":"Budimex hat den Bau der &quot;Fabryczna&quot;-Kammer in \u0141&oacute;d\u017a abgeschlossen &ndash; ein wichtiger Schritt f&uuml;r die Hochgeschwindigkeitsbahn und das gesamte Hafenprojekt Polen - Budimex","isPartOf":{"@id":"https:\/\/bdm-stg.mda.pl\/de\/#website"},"datePublished":"2026-04-27T07:34:17+00:00","dateModified":"2026-04-28T10:14:57+00:00","breadcrumb":{"@id":"https:\/\/bdm-stg.mda.pl\/de\/informacje-prasowe\/budimex-hat-den-bau-der-fabryczna-kammer-in-ldz-abgeschlossen-ein-wichtiger-schritt-fr-die-hochgeschwindigkeitsbahn-und-das-gesamte-hafenprojekt-polen\/#breadcrumb"},"inLanguage":"de-DE","potentialAction":[{"@type":"ReadAction","target":["https:\/\/bdm-stg.mda.pl\/de\/informacje-prasowe\/budimex-hat-den-bau-der-fabryczna-kammer-in-ldz-abgeschlossen-ein-wichtiger-schritt-fr-die-hochgeschwindigkeitsbahn-und-das-gesamte-hafenprojekt-polen\/"]}]},{"@type":"BreadcrumbList","@id":"https:\/\/bdm-stg.mda.pl\/de\/informacje-prasowe\/budimex-hat-den-bau-der-fabryczna-kammer-in-ldz-abgeschlossen-ein-wichtiger-schritt-fr-die-hochgeschwindigkeitsbahn-und-das-gesamte-hafenprojekt-polen\/#breadcrumb","itemListElement":[{"@type":"ListItem","position":1,"name":"Strona g\u0142\u00f3wna","item":"https:\/\/bdm-stg.mda.pl\/de\/"},{"@type":"ListItem","position":2,"name":"Budimex hat den Bau der &quot;Fabryczna&quot;-Kammer in \u0141&oacute;d\u017a abgeschlossen &ndash; ein wichtiger Schritt f&uuml;r die Hochgeschwindigkeitsbahn und das gesamte Hafenprojekt Polen"}]},{"@type":"WebSite","@id":"https:\/\/bdm-stg.mda.pl\/de\/#website","url":"https:\/\/bdm-stg.mda.pl\/de\/","name":"Budimex","description":"","potentialAction":[{"@type":"SearchAction","target":{"@type":"EntryPoint","urlTemplate":"https:\/\/bdm-stg.mda.pl\/de\/?s={search_term_string}"},"query-input":"required name=search_term_string"}],"inLanguage":"de-DE"}]}},"_links":{"self":[{"href":"https:\/\/bdm-stg.mda.pl\/de\/wp-json\/wp\/v2\/press\/339325"}],"collection":[{"href":"https:\/\/bdm-stg.mda.pl\/de\/wp-json\/wp\/v2\/press"}],"about":[{"href":"https:\/\/bdm-stg.mda.pl\/de\/wp-json\/wp\/v2\/types\/press"}],"version-history":[{"count":3,"href":"https:\/\/bdm-stg.mda.pl\/de\/wp-json\/wp\/v2\/press\/339325\/revisions"}],"predecessor-version":[{"id":342799,"href":"https:\/\/bdm-stg.mda.pl\/de\/wp-json\/wp\/v2\/press\/339325\/revisions\/342799"}],"wp:attachment":[{"href":"https:\/\/bdm-stg.mda.pl\/de\/wp-json\/wp\/v2\/media?parent=339325"}],"wp:term":[{"taxonomy":"press_type","embeddable":true,"href":"https:\/\/bdm-stg.mda.pl\/de\/wp-json\/wp\/v2\/press_type?post=339325"}],"curies":[{"name":"wp","href":"https:\/\/api.w.org\/{rel}","templated":true}]}}