{"id":155754,"date":"2019-12-18T15:57:44","date_gmt":"2019-12-18T15:57:44","guid":{"rendered":"https:\/\/bdm-stg.mda.pl\/informacje-prasowe\/budimex-commissions-the-s7-skarzysko-kamienna-bypass-six-months-ahead-of-schedule\/"},"modified":"2024-06-07T12:07:02","modified_gmt":"2024-06-07T12:07:02","slug":"budimex-commissions-the-s7-skarzysko-kamienna-bypass-six-months-ahead-of-schedule","status":"publish","type":"press","link":"https:\/\/bdm-stg.mda.pl\/en\/press\/budimex-commissions-the-s7-skarzysko-kamienna-bypass-six-months-ahead-of-schedule\/","title":{"rendered":"Budimex commissions the S7 &#8211; Skar\u017cysko-Kamienna bypass six months ahead of schedule"},"content":{"rendered":"\n<section id=\"block_f46d4e24b95a7c393db00bc7d1bf2da9\" class=\"text-block   -hide-dots section-margin-120\">\n    <div class=\"container\">\n        <div class=\"row\">\n            <div class=\"col-24 col-lg-16\">\n                                    <p class=\"typo-18 under-p-medium color-gray-120 text-block__date\">18.12.2019<\/p>\n                                                    <div class=\"text-block__top-texts under-h2\">\n                        <h2 class=\"text-block__title under-p-big\">Budimex commissions the S7 &#8211; Skar\u017cysko-Kamienna bypass six months ahead of schedule<\/h2>\n                                                    <p class=\"typo-18 under-p-medium color-gray-120\">\n                                \n<div class=\"card-share card-share--flex\">\n    <div class=\"card-share__inner\">\n        <p class=\"card-share__title typo-18\">Share article<\/p>\n        <div class=\"card-share__links\">\n            <div class=\"card-share__link card-share__link--facebook\">\n                <a href=\"https:\/\/www.facebook.com\/sharer\/sharer.php?u=https:\/\/bdm-stg.mda.pl\/en\/press\/budimex-commissions-the-s7-skarzysko-kamienna-bypass-six-months-ahead-of-schedule\/\" target=\"_blank\">\n                    <span class=\"card-share__linkIcon icon icon-facebook d-flex\"><\/span>\n                <\/a>\n            <\/div>\n            <div class=\"card-share__link card-share__link--linkedin\">\n                <a href=\"https:\/\/www.linkedin.com\/shareArticle?mini=true&#038;url=https:\/\/bdm-stg.mda.pl\/en\/press\/budimex-commissions-the-s7-skarzysko-kamienna-bypass-six-months-ahead-of-schedule\/\" target=\"_blank\" rel=\"nofollow\">\n                    <span class=\"card-share__linkIcon icon icon-linkedin\"><\/span>\n                <\/a>\n            <\/div>\n            <div class=\"card-share__link card-share__link--twitter\">\n                <a href=\"https:\/\/twitter.com\/intent\/tweet?url=https%3A%2F%2Fbdm-stg.mda.pl%2Fen%2Fpress%2Fbudimex-commissions-the-s7-skarzysko-kamienna-bypass-six-months-ahead-of-schedule%2F\" target=\"_blank\" rel=\"nofollow\">\n                    <span class=\"card-share__linkIcon icon icon-x\"><\/span>\n                <\/a>\n            <\/div>\n        <\/div>\n    <\/div>\n<\/div>                            <\/p>\n                                            <\/div>\n                                                                                    <div class=\"text-block__text text-editor\"><p style=\"text-align: justify\"><strong>Budimex has commissioned a\u00a0nearly 8-kilometre section of the S7 expressway on\u00a0the section from Skar\u017cysko-Kamienna to\u00a0the border of the Mazowieckie and \u015awi\u0119tokrzyskie voivodeships six months before the contract deadline in\u00a0May 2020. The new section of the S7 connected Skar\u017cysko Kamienna and Kielce with Gr\u00f3jec near Warsaw on\u00a0an uninterrupted expressway. The investor is the General Directorate for National Roads and Motorways. The investment is co-financed by\u00a0the European Union.<\/strong><\/p>\n<p style=\"text-align: justify\">The investment carried out by\u00a0Budimex includes not only a\u00a07.6 km section of the S7 route, but also 14 km of service and access roads. In\u00a0addition, the bypass consists of 10 bridges and 5 culverts. Construction work began in\u00a0October 2017.<\/p>\n<p style=\"text-align: justify\"><em>Every day, 400 employees and 130 equipment units were involved in\u00a0the implementation of activities on\u00a0the construction site. \u201cThe work went very smoothly and without any disruptions<\/em>  \u2013 says Artur Popko \u2013 Vice President of Budimex and Director. Budownictwa Budimex SA.  <em>The completion of the investment will allow the closure of the S7 expressway from Gr\u00f3jec to\u00a0the border with the Ma\u0142opolskie Voivodeship, i.e. on\u00a0a\u00a0section of approx. 200 km, while bypassing Skar\u017cysko Kamienna. This reduces travel time and improves traffic safety<\/em>  \u2013 adds Artur Popko.<\/p>\n<p style=\"text-align: justify\">Road works:<br \/>\u2022 Excavations, embankments and the entire structure, including bituminous masses on\u00a0the main route, were completed in\u00a0full;<br \/>\u2022 To\u00a0date, the contractor has carried out approximately 2,000,000 m3 of earthworks and 135,000 tons of bituminous mass.<\/p>\n<p>Bridge works:<br \/>\u2022 A\u00a0total of 30,000 m3 of concrete and 4,000,000 kg of steel were built.<\/p>\n<p style=\"text-align: justify\">Road cross-section \u2013 2 roadways with 2 lanes each (2\u00d72), ultimately 2\u00d73 lanes<br \/>Lane width \u2013 3.5m<br \/>Width of emergency lanes \u2013 2.5m<br \/>Width of the dividing strip \u2013 12.0 m (including reserve for 3 strips 2\u00d73.5m = 7m)<br \/>Max. Load \u2013 115kN\/axle<\/p>\n<p style=\"text-align: justify\">Budimex is constructing every fourth kilometre of an expressway or\u00a0motorway in\u00a0Poland. This year, the company also plans to\u00a0put sections of the S17 and A1 into service. In\u00a0recent months, Budimex has completed another important section of the S5 route between Wroc\u0142aw and Pozna\u0144.<\/p><\/div>\n                            <\/div>\n                                                                                                    <div class=\"col-24 col-lg-7 offset-lg-1\">\n                    <div class=\"text-block__booklet\">\n                        \n<div class=\"card-booklet\">\n    <div class=\"card-booklet__image\">\n                    <img decoding=\"async\" src=\"https:\/\/bdm-stg.mda.pl\/app\/themes\/main\/dist\/img\/booklet_image.png\" alt=\"Pobierz plik - obrazek\">\n            <\/div>\n                                    <\/div>                    <\/div>\n                <\/div>\n                                                        <\/div>\n    <\/div>\n<\/section>\n    <section id=\"block_c250e7b7b726b337e673ac99a55a74d6\" class=\"gallery-section section-margin-120\" data-per-page=\"8\" data-per-row=\"4\" data-type=\"zdjecia\">\n        <div class=\"container\">\n            <div class=\"row\">\n                                    <div class=\"col-24\">\n                        <h2 class=\"gallery-section__title under-h2\">Gallery<\/h2>\n                    <\/div>\n                            <\/div>\n            <div class=\"row\">\n                <div class=\"col-24\">\n                                                                        <div class=\"gallery-section__grid gallery-section__grid--4\">\n                                \n                        <div class=\"gallery-section__image gallery-section__image--single\">\n                <a href=\"\">\n                                                                            <\/a>\n                            <\/div>\n                                <div class=\"gallery-section__image gallery-section__image--single\">\n                <a href=\"\">\n                                                                            <\/a>\n                            <\/div>\n                                <div class=\"gallery-section__image gallery-section__image--single\">\n                <a href=\"\">\n                                                                            <\/a>\n                            <\/div>\n                                <div class=\"gallery-section__image gallery-section__image--single\">\n                <a href=\"\">\n                                                                            <\/a>\n                            <\/div>\n            \n                            <\/div>\n                                                                                        <\/div>\n            <\/div>\n        <\/div>\n    <\/section>\n","protected":false},"excerpt":{"rendered":"<p>Budimex has commissioned a nearly 8-kilometre section of the S7 expressway on the section from Skar\u017cysko-Kamienna to the border of the Mazowieckie and \u015awi\u0119tokrzyskie voivodeships six months before the contract deadline in May 2020. &#8230;<\/p>\n","protected":false},"featured_media":152297,"parent":0,"template":"","press_type":[537],"acf":[],"yoast_head":"<!-- This site is optimized with the Yoast SEO plugin v22.5 - https:\/\/yoast.com\/wordpress\/plugins\/seo\/ -->\n<title>Budimex commissions the S7 - Skar\u017cysko-Kamienna bypass six months ahead of schedule - Budimex<\/title>\n<meta name=\"robots\" content=\"noindex, follow, max-snippet:-1, max-image-preview:large, max-video-preview:-1\" \/>\n<meta property=\"og:locale\" content=\"en_US\" \/>\n<meta property=\"og:type\" content=\"article\" \/>\n<meta property=\"og:title\" content=\"Budimex commissions the S7 - Skar\u017cysko-Kamienna bypass six months ahead of schedule - Budimex\" \/>\n<meta property=\"og:description\" content=\"Budimex has commissioned a nearly 8-kilometre section of the S7 expressway on the section from Skar\u017cysko-Kamienna to the border of the Mazowieckie and \u015awi\u0119tokrzyskie voivodeships six months before the contract deadline in May 2020. ...\" \/>\n<meta property=\"og:url\" content=\"https:\/\/bdm-stg.mda.pl\/en\/press\/budimex-commissions-the-s7-skarzysko-kamienna-bypass-six-months-ahead-of-schedule\/\" \/>\n<meta property=\"og:site_name\" content=\"Budimex\" \/>\n<meta property=\"article:modified_time\" content=\"2024-06-07T12:07:02+00:00\" \/>\n<meta name=\"twitter:card\" content=\"summary_large_image\" \/>\n<script type=\"application\/ld+json\" class=\"yoast-schema-graph\">{\"@context\":\"https:\/\/schema.org\",\"@graph\":[{\"@type\":\"WebPage\",\"@id\":\"https:\/\/bdm-stg.mda.pl\/en\/press\/budimex-commissions-the-s7-skarzysko-kamienna-bypass-six-months-ahead-of-schedule\/\",\"url\":\"https:\/\/bdm-stg.mda.pl\/en\/press\/budimex-commissions-the-s7-skarzysko-kamienna-bypass-six-months-ahead-of-schedule\/\",\"name\":\"Budimex commissions the S7 - Skar\u017cysko-Kamienna bypass six months ahead of schedule - Budimex\",\"isPartOf\":{\"@id\":\"https:\/\/bdm-stg.mda.pl\/en\/#website\"},\"primaryImageOfPage\":{\"@id\":\"https:\/\/bdm-stg.mda.pl\/en\/press\/budimex-commissions-the-s7-skarzysko-kamienna-bypass-six-months-ahead-of-schedule\/#primaryimage\"},\"image\":{\"@id\":\"https:\/\/bdm-stg.mda.pl\/en\/press\/budimex-commissions-the-s7-skarzysko-kamienna-bypass-six-months-ahead-of-schedule\/#primaryimage\"},\"thumbnailUrl\":\"https:\/\/bdm-stg.mda.pl\/app\/uploads\/2024\/06\/s-x-x-517-scaled.jpg\",\"datePublished\":\"2019-12-18T15:57:44+00:00\",\"dateModified\":\"2024-06-07T12:07:02+00:00\",\"breadcrumb\":{\"@id\":\"https:\/\/bdm-stg.mda.pl\/en\/press\/budimex-commissions-the-s7-skarzysko-kamienna-bypass-six-months-ahead-of-schedule\/#breadcrumb\"},\"inLanguage\":\"en-US\",\"potentialAction\":[{\"@type\":\"ReadAction\",\"target\":[\"https:\/\/bdm-stg.mda.pl\/en\/press\/budimex-commissions-the-s7-skarzysko-kamienna-bypass-six-months-ahead-of-schedule\/\"]}]},{\"@type\":\"ImageObject\",\"inLanguage\":\"en-US\",\"@id\":\"https:\/\/bdm-stg.mda.pl\/en\/press\/budimex-commissions-the-s7-skarzysko-kamienna-bypass-six-months-ahead-of-schedule\/#primaryimage\",\"url\":\"https:\/\/bdm-stg.mda.pl\/app\/uploads\/2024\/06\/s-x-x-517-scaled.jpg\",\"contentUrl\":\"https:\/\/bdm-stg.mda.pl\/app\/uploads\/2024\/06\/s-x-x-517-scaled.jpg\",\"width\":2560,\"height\":1920},{\"@type\":\"BreadcrumbList\",\"@id\":\"https:\/\/bdm-stg.mda.pl\/en\/press\/budimex-commissions-the-s7-skarzysko-kamienna-bypass-six-months-ahead-of-schedule\/#breadcrumb\",\"itemListElement\":[{\"@type\":\"ListItem\",\"position\":1,\"name\":\"Home\",\"item\":\"https:\/\/bdm-stg.mda.pl\/en\/\"},{\"@type\":\"ListItem\",\"position\":2,\"name\":\"Budimex commissions the S7 &#8211; Skar\u017cysko-Kamienna bypass six months ahead of schedule\"}]},{\"@type\":\"WebSite\",\"@id\":\"https:\/\/bdm-stg.mda.pl\/en\/#website\",\"url\":\"https:\/\/bdm-stg.mda.pl\/en\/\",\"name\":\"Budimex\",\"description\":\"\",\"potentialAction\":[{\"@type\":\"SearchAction\",\"target\":{\"@type\":\"EntryPoint\",\"urlTemplate\":\"https:\/\/bdm-stg.mda.pl\/en\/?s={search_term_string}\"},\"query-input\":\"required name=search_term_string\"}],\"inLanguage\":\"en-US\"}]}<\/script>\n<!-- \/ Yoast SEO plugin. -->","yoast_head_json":{"title":"Budimex commissions the S7 - Skar\u017cysko-Kamienna bypass six months ahead of schedule - Budimex","robots":{"index":"noindex","follow":"follow","max-snippet":"max-snippet:-1","max-image-preview":"max-image-preview:large","max-video-preview":"max-video-preview:-1"},"og_locale":"en_US","og_type":"article","og_title":"Budimex commissions the S7 - Skar\u017cysko-Kamienna bypass six months ahead of schedule - Budimex","og_description":"Budimex has commissioned a nearly 8-kilometre section of the S7 expressway on the section from Skar\u017cysko-Kamienna to the border of the Mazowieckie and \u015awi\u0119tokrzyskie voivodeships six months before the contract deadline in May 2020. ...","og_url":"https:\/\/bdm-stg.mda.pl\/en\/press\/budimex-commissions-the-s7-skarzysko-kamienna-bypass-six-months-ahead-of-schedule\/","og_site_name":"Budimex","article_modified_time":"2024-06-07T12:07:02+00:00","twitter_card":"summary_large_image","schema":{"@context":"https:\/\/schema.org","@graph":[{"@type":"WebPage","@id":"https:\/\/bdm-stg.mda.pl\/en\/press\/budimex-commissions-the-s7-skarzysko-kamienna-bypass-six-months-ahead-of-schedule\/","url":"https:\/\/bdm-stg.mda.pl\/en\/press\/budimex-commissions-the-s7-skarzysko-kamienna-bypass-six-months-ahead-of-schedule\/","name":"Budimex commissions the S7 - Skar\u017cysko-Kamienna bypass six months ahead of schedule - Budimex","isPartOf":{"@id":"https:\/\/bdm-stg.mda.pl\/en\/#website"},"primaryImageOfPage":{"@id":"https:\/\/bdm-stg.mda.pl\/en\/press\/budimex-commissions-the-s7-skarzysko-kamienna-bypass-six-months-ahead-of-schedule\/#primaryimage"},"image":{"@id":"https:\/\/bdm-stg.mda.pl\/en\/press\/budimex-commissions-the-s7-skarzysko-kamienna-bypass-six-months-ahead-of-schedule\/#primaryimage"},"thumbnailUrl":"https:\/\/bdm-stg.mda.pl\/app\/uploads\/2024\/06\/s-x-x-517-scaled.jpg","datePublished":"2019-12-18T15:57:44+00:00","dateModified":"2024-06-07T12:07:02+00:00","breadcrumb":{"@id":"https:\/\/bdm-stg.mda.pl\/en\/press\/budimex-commissions-the-s7-skarzysko-kamienna-bypass-six-months-ahead-of-schedule\/#breadcrumb"},"inLanguage":"en-US","potentialAction":[{"@type":"ReadAction","target":["https:\/\/bdm-stg.mda.pl\/en\/press\/budimex-commissions-the-s7-skarzysko-kamienna-bypass-six-months-ahead-of-schedule\/"]}]},{"@type":"ImageObject","inLanguage":"en-US","@id":"https:\/\/bdm-stg.mda.pl\/en\/press\/budimex-commissions-the-s7-skarzysko-kamienna-bypass-six-months-ahead-of-schedule\/#primaryimage","url":"https:\/\/bdm-stg.mda.pl\/app\/uploads\/2024\/06\/s-x-x-517-scaled.jpg","contentUrl":"https:\/\/bdm-stg.mda.pl\/app\/uploads\/2024\/06\/s-x-x-517-scaled.jpg","width":2560,"height":1920},{"@type":"BreadcrumbList","@id":"https:\/\/bdm-stg.mda.pl\/en\/press\/budimex-commissions-the-s7-skarzysko-kamienna-bypass-six-months-ahead-of-schedule\/#breadcrumb","itemListElement":[{"@type":"ListItem","position":1,"name":"Home","item":"https:\/\/bdm-stg.mda.pl\/en\/"},{"@type":"ListItem","position":2,"name":"Budimex commissions the S7 &#8211; Skar\u017cysko-Kamienna bypass six months ahead of schedule"}]},{"@type":"WebSite","@id":"https:\/\/bdm-stg.mda.pl\/en\/#website","url":"https:\/\/bdm-stg.mda.pl\/en\/","name":"Budimex","description":"","potentialAction":[{"@type":"SearchAction","target":{"@type":"EntryPoint","urlTemplate":"https:\/\/bdm-stg.mda.pl\/en\/?s={search_term_string}"},"query-input":"required name=search_term_string"}],"inLanguage":"en-US"}]}},"_links":{"self":[{"href":"https:\/\/bdm-stg.mda.pl\/en\/wp-json\/wp\/v2\/press\/155754"}],"collection":[{"href":"https:\/\/bdm-stg.mda.pl\/en\/wp-json\/wp\/v2\/press"}],"about":[{"href":"https:\/\/bdm-stg.mda.pl\/en\/wp-json\/wp\/v2\/types\/press"}],"version-history":[{"count":2,"href":"https:\/\/bdm-stg.mda.pl\/en\/wp-json\/wp\/v2\/press\/155754\/revisions"}],"predecessor-version":[{"id":155756,"href":"https:\/\/bdm-stg.mda.pl\/en\/wp-json\/wp\/v2\/press\/155754\/revisions\/155756"}],"wp:featuredmedia":[{"embeddable":true,"href":"https:\/\/bdm-stg.mda.pl\/en\/wp-json\/wp\/v2\/media\/152297"}],"wp:attachment":[{"href":"https:\/\/bdm-stg.mda.pl\/en\/wp-json\/wp\/v2\/media?parent=155754"}],"wp:term":[{"taxonomy":"press_type","embeddable":true,"href":"https:\/\/bdm-stg.mda.pl\/en\/wp-json\/wp\/v2\/press_type?post=155754"}],"curies":[{"name":"wp","href":"https:\/\/api.w.org\/{rel}","templated":true}]}}