{"id":156028,"date":"2016-07-01T08:35:08","date_gmt":"2016-07-01T08:35:08","guid":{"rendered":"https:\/\/bdm-stg.mda.pl\/informacje-prasowe\/budimex-section-of-the-a1-motorway-commissioned-ahead-of-schedule\/"},"modified":"2024-06-07T12:08:39","modified_gmt":"2024-06-07T12:08:39","slug":"budimex-section-of-the-a1-motorway-commissioned-ahead-of-schedule","status":"publish","type":"press","link":"https:\/\/bdm-stg.mda.pl\/en\/press\/budimex-section-of-the-a1-motorway-commissioned-ahead-of-schedule\/","title":{"rendered":"Budimex \u2013 section of the A1 motorway commissioned ahead of schedule"},"content":{"rendered":"\n<section id=\"block_7540cb663d4dd98984d6a9fd216d719d\" class=\"text-block   -hide-dots section-margin-120\">\n    <div class=\"container\">\n        <div class=\"row\">\n            <div class=\"col-24 col-lg-16\">\n                                    <p class=\"typo-18 under-p-medium color-gray-120 text-block__date\">01.07.2016<\/p>\n                                                    <div class=\"text-block__top-texts under-h2\">\n                        <h2 class=\"text-block__title under-p-big\">Budimex \u2013 section of the A1 motorway commissioned ahead of schedule<\/h2>\n                                                    <p class=\"typo-18 under-p-medium color-gray-120\">\n                                \n<div class=\"card-share card-share--flex\">\n    <div class=\"card-share__inner\">\n        <p class=\"card-share__title typo-18\">Share article<\/p>\n        <div class=\"card-share__links\">\n            <div class=\"card-share__link card-share__link--facebook\">\n                <a href=\"https:\/\/www.facebook.com\/sharer\/sharer.php?u=https:\/\/bdm-stg.mda.pl\/en\/press\/budimex-section-of-the-a1-motorway-commissioned-ahead-of-schedule\/\" target=\"_blank\">\n                    <span class=\"card-share__linkIcon icon icon-facebook d-flex\"><\/span>\n                <\/a>\n            <\/div>\n            <div class=\"card-share__link card-share__link--linkedin\">\n                <a href=\"https:\/\/www.linkedin.com\/shareArticle?mini=true&#038;url=https:\/\/bdm-stg.mda.pl\/en\/press\/budimex-section-of-the-a1-motorway-commissioned-ahead-of-schedule\/\" target=\"_blank\" rel=\"nofollow\">\n                    <span class=\"card-share__linkIcon icon icon-linkedin\"><\/span>\n                <\/a>\n            <\/div>\n            <div class=\"card-share__link card-share__link--twitter\">\n                <a href=\"https:\/\/twitter.com\/intent\/tweet?url=https%3A%2F%2Fbdm-stg.mda.pl%2Fen%2Fpress%2Fbudimex-section-of-the-a1-motorway-commissioned-ahead-of-schedule%2F\" target=\"_blank\" rel=\"nofollow\">\n                    <span class=\"card-share__linkIcon icon icon-x\"><\/span>\n                <\/a>\n            <\/div>\n        <\/div>\n    <\/div>\n<\/div>                            <\/p>\n                                            <\/div>\n                                                                                    <div class=\"text-block__text text-editor\"><p>\n            <strong>On\u00a01 July, the key section of the A1 motorway Stryk\u00f3w \u2013 the \u201cTuszyn\u201d junction was officially opened, under which Budimex SA was the contractor for section III.  The new section of the motorway will enable a\u00a0quick bypass of \u0141\u00f3d\u017a, which will translate into improved conditions of road transport and travel in\u00a0central Poland. The completion of the investment took place more than a\u00a0month ahead of the contractual deadline.<\/strong>\n          <\/p>\n<p>In\u00a0Polish, the A1 motorway runs through Gda\u0144sk \u2013 Toru\u0144 \u2013 \u0141\u00f3d\u017a \u2013 Cz\u0119stochowa \u2013 Katowice \u2013 to\u00a0the southern border of the country with the Czech Republic in\u00a0Gorzyczki. The A1 motorway together with the A2 motorway will constitute the basic road system stabilising the development opportunities of the \u0141\u00f3d\u017a Voivodeship. The investment will also improve the safety conditions for both pedestrians and car traffic.<\/p>\n<p>\n            <em>\u2013 We\u00a0are very pleased with the fact that we\u00a0managed to\u00a0complete the investment in\u00a0accordance with the Investor\u2019s wishes before the contractual deadline. Especially that we\u00a0are entering the holiday period, and in\u00a03 weeks the World Youth Days will begin. The key section of the A1 motorway Stryk\u00f3w \u2013 Tuszyn will provide high comfort of travel not only for the residents of the surrounding area, but also for the whole of Polish. \u2013 says Dariusz Blocher, President of the Management Board of Budimex SA.  <\/em>\n          <\/p>\n<p>Thanks to\u00a0the operation of the motorway, it will be\u00a0possible m.in.\u00a0taking over some of the traffic from the existing national and provincial roads and moving heavy traffic away from built-up areas. This will translate into savings in\u00a0travel time, fuel, comfort and reduced risk of accidents. Importantly, the motorway will also have a\u00a0positive impact on\u00a0the m.in environment. by\u00a0taking over a\u00a0significant part of the traffic that currently moves on\u00a0national roads No. 1 and No. 14 or\u00a0by\u00a0using security measures in\u00a0the form of noise barriers, animal crossings, planting greenery and many others.<\/p>\n<p style=\"text-align: center\">\u2026\u2026\u2026\u2026\u2026\u2026\u2026\u2026\u2026\u2026\u2026\u2026\u2026\u2026\u2026\u2026\u2026\u2026\u2026\u2026\u2026\u2026\u2026\u2026\u2026\u2026\u2026\u2026\u2026..<\/p>\n<p>Technical parameters:<\/p>\n<ul>\n<li>The road is made in\u00a0concrete technology;<\/li>\n<li>Technical class \u2013 A;<\/li>\n<li>Design speed Vp \u2013 120 km\/h;<\/li>\n<li>Traffic category \u2013 KR6;<\/li>\n<li>Permissible pavement load \u2013 115 kN\/axle;<\/li>\n<li>Vertical gauge \u2013 4.70 m;<\/li>\n<li>Number of roadways \u2013 2;<\/li>\n<li>Roadway width \u2013 7.50 m (2\u00d73.75 m);<\/li>\n<li>Lane width \u2013 3.75 m;<\/li>\n<li>Number of lanes \u2013 2\u00d72 (in\u00a0the second stage widening to\u00a02\u00d73 lanes);<\/li>\n<li>Emergency lane width \u2013 3.00 m;<\/li>\n<li>Width of the ground shoulder \u2013 1.25 m (or\u00a0more if there is a\u00a0need to\u00a0locate road safety equipment and protect the environment);<\/li>\n<li>Width of the dividing lane with bands for the section of the motorway along the new route \u2013 12.50 m, including 2\u00d70.50 m bands (the planned second stage of the motorway construction will include the addition of an additional lane on\u00a0both roadways to\u00a0the middle);<\/li>\n<li>Width of the dividing lane with bands for the motorway section along the existing route after the \u201cTuszyn\u201d junction \u2013 4.50 m, including 2\u00d70.50 m bands (the planned second stage of the motorway construction will include the addition of an additional lane on\u00a0both roadways outside);<\/li>\n<li>Minimum crown width for the motorway section after the new route \u2013 36.00 m;<\/li>\n<li>The minimum width of the crown for the motorway section along the existing course is 28.00 m.<\/li>\n<\/ul><\/div>\n                            <\/div>\n                                                                                                                                <\/div>\n    <\/div>\n<\/section>\n    <section id=\"block_86daa03420012ce4ca78ebed08b7c559\" class=\"gallery-section section-margin-120\" data-per-page=\"8\" data-per-row=\"4\" data-type=\"zdjecia\">\n        <div class=\"container\">\n            <div class=\"row\">\n                                    <div class=\"col-24\">\n                        <h2 class=\"gallery-section__title under-h2\">Gallery<\/h2>\n                    <\/div>\n                            <\/div>\n            <div class=\"row\">\n                <div class=\"col-24\">\n                                                                        <div class=\"gallery-section__grid gallery-section__grid--4\">\n                                \n                        <div class=\"gallery-section__image gallery-section__image--single\">\n                <a href=\"\">\n                                                                            <\/a>\n                            <\/div>\n                                <div class=\"gallery-section__image gallery-section__image--single\">\n                <a href=\"\">\n                                                                            <\/a>\n                            <\/div>\n                                <div class=\"gallery-section__image gallery-section__image--single\">\n                <a href=\"\">\n                                                                            <\/a>\n                            <\/div>\n                                <div class=\"gallery-section__image gallery-section__image--single\">\n                <a href=\"\">\n                                                                            <\/a>\n                            <\/div>\n                                <div class=\"gallery-section__image gallery-section__image--single\">\n                <a href=\"\">\n                                                                            <\/a>\n                            <\/div>\n            \n                            <\/div>\n                                                                                        <\/div>\n            <\/div>\n        <\/div>\n    <\/section>\n","protected":false},"excerpt":{"rendered":"<p>On 1 July, the key section of the A1 motorway Stryk\u00f3w &#8211; the &#8220;Tuszyn&#8221; junction was officially opened, under which Budimex SA was the contractor for section III. The new section of the motorway will enable a quick bypass of \u0141\u00f3d\u017a, which will translate into improved conditions of road transport and travel in central Poland. &#8230;<\/p>\n","protected":false},"featured_media":154018,"parent":0,"template":"","press_type":[537],"acf":[],"yoast_head":"<!-- This site is optimized with the Yoast SEO plugin v22.5 - https:\/\/yoast.com\/wordpress\/plugins\/seo\/ -->\n<title>Budimex \u2013 section of the A1 motorway commissioned ahead of schedule - Budimex<\/title>\n<meta name=\"robots\" content=\"noindex, follow, max-snippet:-1, max-image-preview:large, max-video-preview:-1\" \/>\n<meta property=\"og:locale\" content=\"en_US\" \/>\n<meta property=\"og:type\" content=\"article\" \/>\n<meta property=\"og:title\" content=\"Budimex \u2013 section of the A1 motorway commissioned ahead of schedule - Budimex\" \/>\n<meta property=\"og:description\" content=\"On 1 July, the key section of the A1 motorway Stryk\u00f3w - the &quot;Tuszyn&quot; junction was officially opened, under which Budimex SA was the contractor for section III. The new section of the motorway will enable a quick bypass of \u0141\u00f3d\u017a, which will translate into improved conditions of road transport and travel in central Poland. ...\" \/>\n<meta property=\"og:url\" content=\"https:\/\/bdm-stg.mda.pl\/en\/press\/budimex-section-of-the-a1-motorway-commissioned-ahead-of-schedule\/\" \/>\n<meta property=\"og:site_name\" content=\"Budimex\" \/>\n<meta property=\"article:modified_time\" content=\"2024-06-07T12:08:39+00:00\" \/>\n<meta name=\"twitter:card\" content=\"summary_large_image\" \/>\n<script type=\"application\/ld+json\" class=\"yoast-schema-graph\">{\"@context\":\"https:\/\/schema.org\",\"@graph\":[{\"@type\":\"WebPage\",\"@id\":\"https:\/\/bdm-stg.mda.pl\/en\/press\/budimex-section-of-the-a1-motorway-commissioned-ahead-of-schedule\/\",\"url\":\"https:\/\/bdm-stg.mda.pl\/en\/press\/budimex-section-of-the-a1-motorway-commissioned-ahead-of-schedule\/\",\"name\":\"Budimex \u2013 section of the A1 motorway commissioned ahead of schedule - Budimex\",\"isPartOf\":{\"@id\":\"https:\/\/bdm-stg.mda.pl\/en\/#website\"},\"primaryImageOfPage\":{\"@id\":\"https:\/\/bdm-stg.mda.pl\/en\/press\/budimex-section-of-the-a1-motorway-commissioned-ahead-of-schedule\/#primaryimage\"},\"image\":{\"@id\":\"https:\/\/bdm-stg.mda.pl\/en\/press\/budimex-section-of-the-a1-motorway-commissioned-ahead-of-schedule\/#primaryimage\"},\"thumbnailUrl\":\"https:\/\/bdm-stg.mda.pl\/app\/uploads\/2024\/06\/s-x-x-653.jpg\",\"datePublished\":\"2016-07-01T08:35:08+00:00\",\"dateModified\":\"2024-06-07T12:08:39+00:00\",\"breadcrumb\":{\"@id\":\"https:\/\/bdm-stg.mda.pl\/en\/press\/budimex-section-of-the-a1-motorway-commissioned-ahead-of-schedule\/#breadcrumb\"},\"inLanguage\":\"en-US\",\"potentialAction\":[{\"@type\":\"ReadAction\",\"target\":[\"https:\/\/bdm-stg.mda.pl\/en\/press\/budimex-section-of-the-a1-motorway-commissioned-ahead-of-schedule\/\"]}]},{\"@type\":\"ImageObject\",\"inLanguage\":\"en-US\",\"@id\":\"https:\/\/bdm-stg.mda.pl\/en\/press\/budimex-section-of-the-a1-motorway-commissioned-ahead-of-schedule\/#primaryimage\",\"url\":\"https:\/\/bdm-stg.mda.pl\/app\/uploads\/2024\/06\/s-x-x-653.jpg\",\"contentUrl\":\"https:\/\/bdm-stg.mda.pl\/app\/uploads\/2024\/06\/s-x-x-653.jpg\",\"width\":213,\"height\":160},{\"@type\":\"BreadcrumbList\",\"@id\":\"https:\/\/bdm-stg.mda.pl\/en\/press\/budimex-section-of-the-a1-motorway-commissioned-ahead-of-schedule\/#breadcrumb\",\"itemListElement\":[{\"@type\":\"ListItem\",\"position\":1,\"name\":\"Home\",\"item\":\"https:\/\/bdm-stg.mda.pl\/en\/\"},{\"@type\":\"ListItem\",\"position\":2,\"name\":\"Budimex \u2013 section of the A1 motorway commissioned ahead of schedule\"}]},{\"@type\":\"WebSite\",\"@id\":\"https:\/\/bdm-stg.mda.pl\/en\/#website\",\"url\":\"https:\/\/bdm-stg.mda.pl\/en\/\",\"name\":\"Budimex\",\"description\":\"\",\"potentialAction\":[{\"@type\":\"SearchAction\",\"target\":{\"@type\":\"EntryPoint\",\"urlTemplate\":\"https:\/\/bdm-stg.mda.pl\/en\/?s={search_term_string}\"},\"query-input\":\"required name=search_term_string\"}],\"inLanguage\":\"en-US\"}]}<\/script>\n<!-- \/ Yoast SEO plugin. -->","yoast_head_json":{"title":"Budimex \u2013 section of the A1 motorway commissioned ahead of schedule - Budimex","robots":{"index":"noindex","follow":"follow","max-snippet":"max-snippet:-1","max-image-preview":"max-image-preview:large","max-video-preview":"max-video-preview:-1"},"og_locale":"en_US","og_type":"article","og_title":"Budimex \u2013 section of the A1 motorway commissioned ahead of schedule - Budimex","og_description":"On 1 July, the key section of the A1 motorway Stryk\u00f3w - the \"Tuszyn\" junction was officially opened, under which Budimex SA was the contractor for section III. The new section of the motorway will enable a quick bypass of \u0141\u00f3d\u017a, which will translate into improved conditions of road transport and travel in central Poland. ...","og_url":"https:\/\/bdm-stg.mda.pl\/en\/press\/budimex-section-of-the-a1-motorway-commissioned-ahead-of-schedule\/","og_site_name":"Budimex","article_modified_time":"2024-06-07T12:08:39+00:00","twitter_card":"summary_large_image","schema":{"@context":"https:\/\/schema.org","@graph":[{"@type":"WebPage","@id":"https:\/\/bdm-stg.mda.pl\/en\/press\/budimex-section-of-the-a1-motorway-commissioned-ahead-of-schedule\/","url":"https:\/\/bdm-stg.mda.pl\/en\/press\/budimex-section-of-the-a1-motorway-commissioned-ahead-of-schedule\/","name":"Budimex \u2013 section of the A1 motorway commissioned ahead of schedule - Budimex","isPartOf":{"@id":"https:\/\/bdm-stg.mda.pl\/en\/#website"},"primaryImageOfPage":{"@id":"https:\/\/bdm-stg.mda.pl\/en\/press\/budimex-section-of-the-a1-motorway-commissioned-ahead-of-schedule\/#primaryimage"},"image":{"@id":"https:\/\/bdm-stg.mda.pl\/en\/press\/budimex-section-of-the-a1-motorway-commissioned-ahead-of-schedule\/#primaryimage"},"thumbnailUrl":"https:\/\/bdm-stg.mda.pl\/app\/uploads\/2024\/06\/s-x-x-653.jpg","datePublished":"2016-07-01T08:35:08+00:00","dateModified":"2024-06-07T12:08:39+00:00","breadcrumb":{"@id":"https:\/\/bdm-stg.mda.pl\/en\/press\/budimex-section-of-the-a1-motorway-commissioned-ahead-of-schedule\/#breadcrumb"},"inLanguage":"en-US","potentialAction":[{"@type":"ReadAction","target":["https:\/\/bdm-stg.mda.pl\/en\/press\/budimex-section-of-the-a1-motorway-commissioned-ahead-of-schedule\/"]}]},{"@type":"ImageObject","inLanguage":"en-US","@id":"https:\/\/bdm-stg.mda.pl\/en\/press\/budimex-section-of-the-a1-motorway-commissioned-ahead-of-schedule\/#primaryimage","url":"https:\/\/bdm-stg.mda.pl\/app\/uploads\/2024\/06\/s-x-x-653.jpg","contentUrl":"https:\/\/bdm-stg.mda.pl\/app\/uploads\/2024\/06\/s-x-x-653.jpg","width":213,"height":160},{"@type":"BreadcrumbList","@id":"https:\/\/bdm-stg.mda.pl\/en\/press\/budimex-section-of-the-a1-motorway-commissioned-ahead-of-schedule\/#breadcrumb","itemListElement":[{"@type":"ListItem","position":1,"name":"Home","item":"https:\/\/bdm-stg.mda.pl\/en\/"},{"@type":"ListItem","position":2,"name":"Budimex \u2013 section of the A1 motorway commissioned ahead of schedule"}]},{"@type":"WebSite","@id":"https:\/\/bdm-stg.mda.pl\/en\/#website","url":"https:\/\/bdm-stg.mda.pl\/en\/","name":"Budimex","description":"","potentialAction":[{"@type":"SearchAction","target":{"@type":"EntryPoint","urlTemplate":"https:\/\/bdm-stg.mda.pl\/en\/?s={search_term_string}"},"query-input":"required name=search_term_string"}],"inLanguage":"en-US"}]}},"_links":{"self":[{"href":"https:\/\/bdm-stg.mda.pl\/en\/wp-json\/wp\/v2\/press\/156028"}],"collection":[{"href":"https:\/\/bdm-stg.mda.pl\/en\/wp-json\/wp\/v2\/press"}],"about":[{"href":"https:\/\/bdm-stg.mda.pl\/en\/wp-json\/wp\/v2\/types\/press"}],"version-history":[{"count":2,"href":"https:\/\/bdm-stg.mda.pl\/en\/wp-json\/wp\/v2\/press\/156028\/revisions"}],"predecessor-version":[{"id":156032,"href":"https:\/\/bdm-stg.mda.pl\/en\/wp-json\/wp\/v2\/press\/156028\/revisions\/156032"}],"wp:featuredmedia":[{"embeddable":true,"href":"https:\/\/bdm-stg.mda.pl\/en\/wp-json\/wp\/v2\/media\/154018"}],"wp:attachment":[{"href":"https:\/\/bdm-stg.mda.pl\/en\/wp-json\/wp\/v2\/media?parent=156028"}],"wp:term":[{"taxonomy":"press_type","embeddable":true,"href":"https:\/\/bdm-stg.mda.pl\/en\/wp-json\/wp\/v2\/press_type?post=156028"}],"curies":[{"name":"wp","href":"https:\/\/api.w.org\/{rel}","templated":true}]}}