{"id":311395,"date":"2026-03-02T09:16:10","date_gmt":"2026-03-02T09:16:10","guid":{"rendered":"https:\/\/bdm-stg.mda.pl\/informacje-prasowe\/budimex-mobility-new-price-list-and-promotions-for-the-start\/"},"modified":"2026-03-03T11:02:59","modified_gmt":"2026-03-03T11:02:59","slug":"budimex-mobility-new-price-list-and-promotions-for-the-start","status":"publish","type":"press","link":"https:\/\/bdm-stg.mda.pl\/en\/press\/budimex-mobility-new-price-list-and-promotions-for-the-start\/","title":{"rendered":"Budimex Mobility &ndash; new price list and promotions for the start"},"content":{"rendered":"\n<section id=\"block_1a88fc352769c7807538b9abbdd16b59\" class=\"text-block   -hide-dots section-margin-120\">\n    <div class=\"container\">\n        <div class=\"row\">\n            <div class=\"col-24 col-lg-16\">\n                                    <p class=\"typo-18 under-p-medium color-gray-120 text-block__date\">02.03.2026<\/p>\n                                                    <div class=\"text-block__top-texts under-h2\">\n                        <h2 class=\"text-block__title under-p-big\">Budimex Mobility \u2013 new price list and promotions for the start<\/h2>\n                                                    <p class=\"typo-18 under-p-medium color-gray-120\">\n                                \n<div class=\"card-share card-share--flex\">\n    <div class=\"card-share__inner\">\n        <p class=\"card-share__title typo-18\">Share article<\/p>\n        <div class=\"card-share__links\">\n            <div class=\"card-share__link card-share__link--facebook\">\n                <a href=\"https:\/\/www.facebook.com\/sharer\/sharer.php?u=https:\/\/bdm-stg.mda.pl\/en\/press\/budimex-mobility-new-price-list-and-promotions-for-the-start\/\" target=\"_blank\">\n                    <span class=\"card-share__linkIcon icon icon-facebook d-flex\"><\/span>\n                <\/a>\n            <\/div>\n            <div class=\"card-share__link card-share__link--linkedin\">\n                <a href=\"https:\/\/www.linkedin.com\/shareArticle?mini=true&#038;url=https:\/\/bdm-stg.mda.pl\/en\/press\/budimex-mobility-new-price-list-and-promotions-for-the-start\/\" target=\"_blank\" rel=\"nofollow\">\n                    <span class=\"card-share__linkIcon icon icon-linkedin\"><\/span>\n                <\/a>\n            <\/div>\n            <div class=\"card-share__link card-share__link--twitter\">\n                <a href=\"https:\/\/twitter.com\/intent\/tweet?url=https%3A%2F%2Fbdm-stg.mda.pl%2Fen%2Fpress%2Fbudimex-mobility-new-price-list-and-promotions-for-the-start%2F\" target=\"_blank\" rel=\"nofollow\">\n                    <span class=\"card-share__linkIcon icon icon-x\"><\/span>\n                <\/a>\n            <\/div>\n        <\/div>\n    <\/div>\n<\/div>                            <\/p>\n                                            <\/div>\n                                                                                    <div class=\"text-block__text text-editor\"><p><p><strong>Budimex Mobility is updating the price list of electric vehicle charging services. The new rates will come into force from 2 March 2026 at\u00a0all of the operator&#8217;s stations in\u00a0Poland. At\u00a0the same time, the company is introducing a\u00a0special offer for users of newly opened locations, who will benefit from preferential pricing conditions for the first week after the launch of the station.<\/strong><\/p><p>The new rates apply to\u00a0all publicly accessible Budimex Mobility stations and will come into force on\u00a0Monday, 2 March 2026. Information about current openings and stations covered by\u00a0promotional prices can be\u00a0found here: <a href=\"https:\/\/budimexmobility.pl\/nowy-cennik-ladowania-budimex-mobility\/\" rel=\"noopener\">https:\/\/budimexmobility.pl\/nowy-cennik-ladowania-budimex-mobility\/<\/a>.<\/p><p>&#8221; <em>Electromobility in\u00a0Poland is growing very dynamically, and with it expectations regarding the availability of stations and predictable charging costs.&nbsp; Today, electric car drivers expect not only fast charging, but also simple rules and convenient payment. Therefore, from 2 March 2026, we\u00a0are introducing an updated price list at\u00a0all Budimex Mobility stations in\u00a0Poland, and for newly opened locations we\u00a0have prepared a\u00a0&#8220;Start Promotion&#8221; \u2013 for 7 days from the launch of the station, charging will be\u00a0available on\u00a0preferential terms <\/em>,&#8221; says Monika Krzemie\u0144, Member of the Management Board of Budimex Mobility SA.<\/p><p>New Budimex Mobility price list<\/p><table style=\"width:643px\" width=\"456\"><tbody><tr><td style=\"width:57.7969px;width:57.7969px\"><p><strong>STATION<\/strong><\/p><\/td><td style=\"width:57.9375px;width:57.9375px\"><p><strong>POWER kW<\/strong><\/p><\/td><td style=\"width:53.7188px;width:53.7188px\"><p><strong>Pricing* <\/strong><\/p><\/td><td style=\"width:309.547px;width:309.547px\"><p><strong>START PROMOTION*<\/strong><\/p><\/td><\/tr><tr><td style=\"width:57.7969px;width:57.7969px\"><p><em>AC<\/em><\/p><\/td><td style=\"width:57.9375px;width:57.9375px\"><p><em>22 kWh \/ 44 kW<\/em><\/p><\/td><td style=\"width:53.7188px;width:53.7188px\"><p><em>1.96 PLN\/kWh<\/em><\/p><\/td><td style=\"width:309.547px;width:309.547px\"><p><strong><em>1.78 PLN\/kWh<\/em><\/strong><\/p><\/td><\/tr><tr><td style=\"width:57.7969px;width:57.7969px\"><p><em>DC<\/em><\/p><\/td><td style=\"width:57.9375px;width:57.9375px\"><p><em>up to\u00a060 kW<\/em><\/p><\/td><td style=\"width:53.7188px;width:53.7188px\"><p><em>2.35 PLN\/kWh<\/em><\/p><\/td><td style=\"width:309.547px;width:309.547px\"><p><strong><em>2.35 PLN\/kWh<\/em><\/strong><\/p><\/td><\/tr><tr><td style=\"width:57.7969px;width:57.7969px\"><p><em>DC<\/em><\/p><\/td><td style=\"width:57.9375px;width:57.9375px\"><p><em>from 61 kW to\u00a0150 kW<\/em><\/p><\/td><td style=\"width:53.7188px;width:53.7188px\"><p><em>2.45 PLN\/kWh<\/em><\/p><\/td><td style=\"width:309.547px;width:309.547px\"><p><strong><em>2.35 PLN\/kWh<\/em><\/strong><\/p><\/td><\/tr><tr><td style=\"width:57.7969px;width:57.7969px\"><p><em>DC<\/em><\/p><\/td><td style=\"width:57.9375px;width:57.9375px\"><p><em>above 150 kW<\/em><\/p><\/td><td style=\"width:53.7188px;width:53.7188px\"><p><em>2.66 PLN\/kWh<\/em><\/p><\/td><td style=\"width:309.547px;width:309.547px\"><p><strong><em>2.35 PLN\/kWh<\/em><\/strong><\/p><\/td><\/tr><\/tbody><\/table><p>* Gross prices<\/p><p>* The promotion for the start is valid for 7 days from the launch of the newly opened charging station<\/p><p><strong>Fast charging and intuitive payments at\u00a0Budimex stations<\/strong><\/p><p>The Budimex Mobility network already includes about 200 stations, i.e. over 400 charging points throughout the country \u2013 from Manufaktura in\u00a0\u0141\u00f3d\u017a, through the Ar\u0142am\u00f3w Hotel, to\u00a0Jakuszyce and Zakopane. However, the company is not slowing down. The strategic goal is 500 charging points, with priority for DC fast chargers. Soon, other locations will join the map, m.in.\u00a0in\u00a0Chorz\u00f3w and Ciechan\u00f3w. All stations operate 24\/7, guaranteeing drivers full availability at\u00a0any time of the day or\u00a0night.<\/p><p>In order to\u00a0meet the needs of users, the company focuses on\u00a0maximum convenience of service:<\/p><ul><li>Intuitive payments: at\u00a0most new stations, you can pay directly with a\u00a0payment card without the need to\u00a0register, and for users who prefer to\u00a0manage their session from a\u00a0smartphone, the Elocity app is available.<\/li><li>Easy route planning: All locations are visible in\u00a0Google Maps, allowing you to\u00a0find the nearest point in\u00a0no\u00a0time.<\/li><\/ul><p>The full list of stations is available at: Electric car charging stations \u2013 Budimex Mobility.<\/p><p><strong>We support the development of electromobility in\u00a0Poland<\/strong><\/p><p>The development of efficient and easily accessible infrastructure is crucial for the future of electromobility in\u00a0Poland. According to\u00a0data from the Polish Automotive Industry Association and the Polish New Mobility Association, at\u00a0the end of 2025, there were 237.6 thousand electric passenger cars on\u00a0Polish roads, and the number of publicly available charging points increased to\u00a011,762, of which 37% were DC fast chargers. This is a\u00a0clear signal of the growing demand for fast, easily accessible charging and greater availability of points \u2013 especially along key transport arteries. Budimex Mobility&#8217;s investments are a\u00a0direct response to\u00a0this growing demand.<\/p><p><strong>About Budimex Mobility<\/strong><\/p><p>Budimex Mobility SA is a\u00a0company belonging to\u00a0the Budimex Group, whose goal is to\u00a0create, build, service and operate a\u00a0network of publicly accessible electric vehicle charging stations throughout the country. The Company is a\u00a0registered operator of charging stations in\u00a0the Alternative Fuels Infrastructure Register (EIPA). The transfer of tasks related to\u00a0the construction of a\u00a0network of charging stations to\u00a0the company was a\u00a0response to\u00a0the growing expectations of the market and consumers in\u00a0the field of infrastructure and modern solutions in\u00a0the field of electromobility.<\/p><\/p><\/div>\n                            <\/div>\n                                                                                                                                <\/div>\n    <\/div>\n<\/section> \n    <section id=\"block_afd7347a147fcdc43a3e930836eece08\" class=\"gallery-section section-margin-120\" data-per-page=\"8\" data-per-row=\"4\" data-type=\"zdjecia\">\n        <div class=\"container\">\n            <div class=\"row\">\n                                    <div class=\"col-24\">\n                        <h2 class=\"gallery-section__title under-h2\">Gallery<\/h2>\n                    <\/div>\n                            <\/div>\n            <div class=\"row\">\n                <div class=\"col-24\">\n                                                                        <div class=\"gallery-section__grid gallery-section__grid--4\">\n                                \n                        <div class=\"gallery-section__image gallery-section__image--single\">\n                <a href=\"https:\/\/bdm-stg.mda.pl\/app\/uploads\/2026\/03\/dsc0972-32.jpg\">\n                                        <img loading=\"lazy\" decoding=\"async\" width=\"1400\" height=\"933\" src=\"https:\/\/bdm-stg.mda.pl\/app\/uploads\/2026\/03\/dsc0972-32.jpg\" class=\"attachment-full size-full\" alt=\"\" \/>                                    <\/a>\n                            <\/div>\n                                <div class=\"gallery-section__image gallery-section__image--single\">\n                <a href=\"https:\/\/bdm-stg.mda.pl\/app\/uploads\/2026\/03\/20230711_125623-32-scaled.jpg\">\n                                        <img loading=\"lazy\" decoding=\"async\" width=\"2560\" height=\"1920\" src=\"https:\/\/bdm-stg.mda.pl\/app\/uploads\/2026\/03\/20230711_125623-32-scaled.jpg\" class=\"attachment-full size-full\" alt=\"\" \/>                                    <\/a>\n                            <\/div>\n                                <div class=\"gallery-section__image gallery-section__image--single\">\n                <a href=\"https:\/\/bdm-stg.mda.pl\/app\/uploads\/2026\/03\/dsc0815-32-scaled.jpg\">\n                                        <img loading=\"lazy\" decoding=\"async\" width=\"2560\" height=\"1707\" src=\"https:\/\/bdm-stg.mda.pl\/app\/uploads\/2026\/03\/dsc0815-32-scaled.jpg\" class=\"attachment-full size-full\" alt=\"\" \/>                                    <\/a>\n                            <\/div>\n                                <div class=\"gallery-section__image gallery-section__image--single\">\n                <a href=\"https:\/\/bdm-stg.mda.pl\/app\/uploads\/2026\/03\/bx_mobility_1-32.jpg\">\n                                        <img loading=\"lazy\" decoding=\"async\" width=\"1920\" height=\"1200\" src=\"https:\/\/bdm-stg.mda.pl\/app\/uploads\/2026\/03\/bx_mobility_1-32.jpg\" class=\"attachment-full size-full\" alt=\"\" \/>                                    <\/a>\n                            <\/div>\n            \n                            <\/div>\n                                                                                        <\/div>\n            <\/div>\n        <\/div>\n    <\/section>\n ","protected":false},"excerpt":{"rendered":"","protected":false},"featured_media":0,"parent":0,"template":"","press_type":[],"acf":[],"yoast_head":"<!-- This site is optimized with the Yoast SEO plugin v22.5 - https:\/\/yoast.com\/wordpress\/plugins\/seo\/ -->\n<title>Budimex Mobility &ndash; new price list and promotions for the start - Budimex<\/title>\n<meta name=\"robots\" content=\"noindex, follow, max-snippet:-1, max-image-preview:large, max-video-preview:-1\" \/>\n<meta property=\"og:locale\" content=\"en_US\" \/>\n<meta property=\"og:type\" content=\"article\" \/>\n<meta property=\"og:title\" content=\"Budimex Mobility &ndash; new price list and promotions for the start - Budimex\" \/>\n<meta property=\"og:url\" content=\"https:\/\/bdm-stg.mda.pl\/en\/press\/budimex-mobility-new-price-list-and-promotions-for-the-start\/\" \/>\n<meta property=\"og:site_name\" content=\"Budimex\" \/>\n<meta property=\"article:modified_time\" content=\"2026-03-03T11:02:59+00:00\" \/>\n<meta name=\"twitter:card\" content=\"summary_large_image\" \/>\n<script type=\"application\/ld+json\" class=\"yoast-schema-graph\">{\"@context\":\"https:\/\/schema.org\",\"@graph\":[{\"@type\":\"WebPage\",\"@id\":\"https:\/\/bdm-stg.mda.pl\/en\/press\/budimex-mobility-new-price-list-and-promotions-for-the-start\/\",\"url\":\"https:\/\/bdm-stg.mda.pl\/en\/press\/budimex-mobility-new-price-list-and-promotions-for-the-start\/\",\"name\":\"Budimex Mobility &ndash; new price list and promotions for the start - Budimex\",\"isPartOf\":{\"@id\":\"https:\/\/bdm-stg.mda.pl\/en\/#website\"},\"datePublished\":\"2026-03-02T09:16:10+00:00\",\"dateModified\":\"2026-03-03T11:02:59+00:00\",\"breadcrumb\":{\"@id\":\"https:\/\/bdm-stg.mda.pl\/en\/press\/budimex-mobility-new-price-list-and-promotions-for-the-start\/#breadcrumb\"},\"inLanguage\":\"en-US\",\"potentialAction\":[{\"@type\":\"ReadAction\",\"target\":[\"https:\/\/bdm-stg.mda.pl\/en\/press\/budimex-mobility-new-price-list-and-promotions-for-the-start\/\"]}]},{\"@type\":\"BreadcrumbList\",\"@id\":\"https:\/\/bdm-stg.mda.pl\/en\/press\/budimex-mobility-new-price-list-and-promotions-for-the-start\/#breadcrumb\",\"itemListElement\":[{\"@type\":\"ListItem\",\"position\":1,\"name\":\"Home\",\"item\":\"https:\/\/bdm-stg.mda.pl\/en\/\"},{\"@type\":\"ListItem\",\"position\":2,\"name\":\"Budimex Mobility &ndash; new price list and promotions for the start\"}]},{\"@type\":\"WebSite\",\"@id\":\"https:\/\/bdm-stg.mda.pl\/en\/#website\",\"url\":\"https:\/\/bdm-stg.mda.pl\/en\/\",\"name\":\"Budimex\",\"description\":\"\",\"potentialAction\":[{\"@type\":\"SearchAction\",\"target\":{\"@type\":\"EntryPoint\",\"urlTemplate\":\"https:\/\/bdm-stg.mda.pl\/en\/?s={search_term_string}\"},\"query-input\":\"required name=search_term_string\"}],\"inLanguage\":\"en-US\"}]}<\/script>\n<!-- \/ Yoast SEO plugin. -->","yoast_head_json":{"title":"Budimex Mobility &ndash; new price list and promotions for the start - Budimex","robots":{"index":"noindex","follow":"follow","max-snippet":"max-snippet:-1","max-image-preview":"max-image-preview:large","max-video-preview":"max-video-preview:-1"},"og_locale":"en_US","og_type":"article","og_title":"Budimex Mobility &ndash; new price list and promotions for the start - Budimex","og_url":"https:\/\/bdm-stg.mda.pl\/en\/press\/budimex-mobility-new-price-list-and-promotions-for-the-start\/","og_site_name":"Budimex","article_modified_time":"2026-03-03T11:02:59+00:00","twitter_card":"summary_large_image","schema":{"@context":"https:\/\/schema.org","@graph":[{"@type":"WebPage","@id":"https:\/\/bdm-stg.mda.pl\/en\/press\/budimex-mobility-new-price-list-and-promotions-for-the-start\/","url":"https:\/\/bdm-stg.mda.pl\/en\/press\/budimex-mobility-new-price-list-and-promotions-for-the-start\/","name":"Budimex Mobility &ndash; new price list and promotions for the start - Budimex","isPartOf":{"@id":"https:\/\/bdm-stg.mda.pl\/en\/#website"},"datePublished":"2026-03-02T09:16:10+00:00","dateModified":"2026-03-03T11:02:59+00:00","breadcrumb":{"@id":"https:\/\/bdm-stg.mda.pl\/en\/press\/budimex-mobility-new-price-list-and-promotions-for-the-start\/#breadcrumb"},"inLanguage":"en-US","potentialAction":[{"@type":"ReadAction","target":["https:\/\/bdm-stg.mda.pl\/en\/press\/budimex-mobility-new-price-list-and-promotions-for-the-start\/"]}]},{"@type":"BreadcrumbList","@id":"https:\/\/bdm-stg.mda.pl\/en\/press\/budimex-mobility-new-price-list-and-promotions-for-the-start\/#breadcrumb","itemListElement":[{"@type":"ListItem","position":1,"name":"Home","item":"https:\/\/bdm-stg.mda.pl\/en\/"},{"@type":"ListItem","position":2,"name":"Budimex Mobility &ndash; new price list and promotions for the start"}]},{"@type":"WebSite","@id":"https:\/\/bdm-stg.mda.pl\/en\/#website","url":"https:\/\/bdm-stg.mda.pl\/en\/","name":"Budimex","description":"","potentialAction":[{"@type":"SearchAction","target":{"@type":"EntryPoint","urlTemplate":"https:\/\/bdm-stg.mda.pl\/en\/?s={search_term_string}"},"query-input":"required name=search_term_string"}],"inLanguage":"en-US"}]}},"_links":{"self":[{"href":"https:\/\/bdm-stg.mda.pl\/en\/wp-json\/wp\/v2\/press\/311395"}],"collection":[{"href":"https:\/\/bdm-stg.mda.pl\/en\/wp-json\/wp\/v2\/press"}],"about":[{"href":"https:\/\/bdm-stg.mda.pl\/en\/wp-json\/wp\/v2\/types\/press"}],"version-history":[{"count":3,"href":"https:\/\/bdm-stg.mda.pl\/en\/wp-json\/wp\/v2\/press\/311395\/revisions"}],"predecessor-version":[{"id":312701,"href":"https:\/\/bdm-stg.mda.pl\/en\/wp-json\/wp\/v2\/press\/311395\/revisions\/312701"}],"wp:attachment":[{"href":"https:\/\/bdm-stg.mda.pl\/en\/wp-json\/wp\/v2\/media?parent=311395"}],"wp:term":[{"taxonomy":"press_type","embeddable":true,"href":"https:\/\/bdm-stg.mda.pl\/en\/wp-json\/wp\/v2\/press_type?post=311395"}],"curies":[{"name":"wp","href":"https:\/\/api.w.org\/{rel}","templated":true}]}}