{"id":176589,"date":"2024-11-07T12:02:29","date_gmt":"2024-11-07T12:02:29","guid":{"rendered":""},"modified":"2024-11-12T08:09:39","modified_gmt":"2024-11-12T08:09:39","slug":"fbserwis-grupas-strategisko-iespeju-parskatianas-procesa-uzsakana","status":"publish","type":"press","link":"https:\/\/bdm-stg.mda.pl\/lv\/informacje-prasowe\/fbserwis-grupas-strategisko-iespeju-parskatianas-procesa-uzsakana\/","title":{"rendered":"FBSerwis grupas strat\u0113\u0123isko iesp\u0113ju p\u0101rskat\u012b&scaron;anas procesa uzs\u0101k&scaron;ana"},"content":{"rendered":"\n<section id=\"block_34bb05729ad9d0ddb785b41b9138fc12\" class=\"text-block   -hide-dots section-margin-120\">\n    <div class=\"container\">\n        <div class=\"row\">\n            <div class=\"col-24 col-lg-16\">\n                                    <p class=\"typo-18 under-p-medium color-gray-120 text-block__date\">07.11.2024<\/p>\n                                                    <div class=\"text-block__top-texts under-h2\">\n                        <h2 class=\"text-block__title under-p-big\">FBSerwis grupas strat\u0113\u0123isko iesp\u0113ju p\u0101rskat\u012b\u0161anas procesa uzs\u0101k\u0161ana<\/h2>\n                                                    <p class=\"typo-18 under-p-medium color-gray-120\">\n                                \n<div class=\"card-share card-share--flex\">\n    <div class=\"card-share__inner\">\n        <p class=\"card-share__title typo-18\">Udost\u0119pnij artyku\u0142<\/p>\n        <div class=\"card-share__links\">\n            <div class=\"card-share__link card-share__link--facebook\">\n                <a href=\"https:\/\/www.facebook.com\/sharer\/sharer.php?u=https:\/\/bdm-stg.mda.pl\/lv\/informacje-prasowe\/fbserwis-grupas-strategisko-iespeju-parskatianas-procesa-uzsakana\/\" target=\"_blank\">\n                    <span class=\"card-share__linkIcon icon icon-facebook d-flex\"><\/span>\n                <\/a>\n            <\/div>\n            <div class=\"card-share__link card-share__link--linkedin\">\n                <a href=\"https:\/\/www.linkedin.com\/shareArticle?mini=true&#038;url=https:\/\/bdm-stg.mda.pl\/lv\/informacje-prasowe\/fbserwis-grupas-strategisko-iespeju-parskatianas-procesa-uzsakana\/\" target=\"_blank\" rel=\"nofollow\">\n                    <span class=\"card-share__linkIcon icon icon-linkedin\"><\/span>\n                <\/a>\n            <\/div>\n            <div class=\"card-share__link card-share__link--twitter\">\n                <a href=\"https:\/\/twitter.com\/intent\/tweet?url=https%3A%2F%2Fbdm-stg.mda.pl%2Flv%2Finformacje-prasowe%2Ffbserwis-grupas-strategisko-iespeju-parskatianas-procesa-uzsakana%2F\" target=\"_blank\" rel=\"nofollow\">\n                    <span class=\"card-share__linkIcon icon icon-x\"><\/span>\n                <\/a>\n            <\/div>\n        <\/div>\n    <\/div>\n<\/div>                            <\/p>\n                                            <\/div>\n                                                                                    <div class=\"text-block__text text-editor\"><p><p>SA &#8220;Budimex&#8221; valde inform\u0113, ka\u00a02024. gada 7. novembr\u012b t\u0101 nol\u0113ma s\u0101kt FBSerwis grupas strat\u0113\u0123isko iesp\u0113ju p\u0101rskat\u012b\u0161anas procesu.<\/p><p>P\u0101rskat\u012b\u0161anas ietvaros Budimex pl\u0101no analiz\u0113t scen\u0101rijus kop\u0101 ar\u00a0FBSerwis Group m\u0101tesuz\u0146\u0113muma FBSerwis SA valdi, cita starp\u0101 piesaistot noz\u012bm\u012bgu investoru vai investorus&nbsp; FBSerwis grupai (gan maz\u0101kumam, gan vair\u0101kumam), nosl\u0113dzot strat\u0113\u0123isku aliansi ar\u00a0citu uz\u0146\u0113mumu, iepaz\u012bstinot uz\u0146\u0113mumu ar\u00a0Var\u0161avas Fondu bir\u017eu. Ir\u00a0j\u0101analiz\u0113 ar\u012b iesp\u0113ja da\u017e\u0101dot FBSerwis grupas darb\u012bbu. Iepriek\u0161 min\u0113tais scen\u0101riju saraksts nav izsme\u013co\u0161s un neizsl\u0113dz iesp\u0113ju apsv\u0113r\u0161anu, kas nav uzskait\u012btas iepriek\u0161, ja\u00a0t\u0101das rodas p\u0101rskat\u012b\u0161anas rezult\u0101t\u0101, tostarp akt\u012bvu atsavin\u0101\u0161anu.<\/p><p>Budimex ir\u00a0nol\u0113mis pievienoties \u0101r\u0113j\u0101 konsultanta atlases procesam no\u00a0cien\u012bjamu uz\u0146\u0113mumu vidus, kura uzdevums b\u016bs atbalst\u012bt valdi strat\u0113\u0123isko iesp\u0113ju p\u0101rskat\u012b\u0161anas proces\u0101.<\/p><p>Strat\u0113\u0123isko iesp\u0113ju p\u0101rskat\u012b\u0161anas procesa ietvaros tiks veikta tirgus anal\u012bze un identific\u0113ta potenci\u0101lo investoru interese. Pamatojoties uz iepriek\u0161 min\u0113to darb\u012bbu rezult\u0101tiem, Budimex lems par turpm\u0101kaj\u0101m darb\u012bb\u0101m procesa ietvaros, kam j\u0101notiek l\u012bdz 2025. gada 30. apr\u012blim.<\/p><p>Nor\u0101d\u012btie datumi ir\u00a0apl\u0113ses, un tie ir\u00a0noteikti pa\u0161reiz\u0113jos tirgus un ekonomiskajos apst\u0101k\u013cos.<\/p><p>Procesa rezult\u0101ts var b\u016bt ar\u012b l\u0113mums pie\u0146emt jaunu att\u012bst\u012bbas strat\u0113\u0123iju FBSerwis grupai Budimex grupas ietvaros.<\/p><p>Budimex nol\u0113ma iepriek\u0161 min\u0113to inform\u0101ciju dar\u012bt zin\u0101mu atkl\u0101t\u012bbai, \u0146emot v\u0113r\u0101 t\u0101s noz\u012bmi Budimex SA darb\u012bb\u0101, jo \u012bpa\u0161i uz\u0146\u0113m\u0113jdarb\u012bbas jom\u0101.<\/p><\/p><\/div>\n                            <\/div>\n                                                                                                                                <\/div>\n    <\/div>\n<\/section> \n    <section id=\"block_4de123991b8e38f61f3699f3b6629a25\" class=\"gallery-section section-margin-120\" data-per-page=\"8\" data-per-row=\"4\" data-type=\"zdjecia\">\n        <div class=\"container\">\n            <div class=\"row\">\n                                    <div class=\"col-24\">\n                        <h2 class=\"gallery-section__title under-h2\">Galerija<\/h2>\n                    <\/div>\n                            <\/div>\n            <div class=\"row\">\n                <div class=\"col-24\">\n                                                                        <div class=\"gallery-section__grid gallery-section__grid--4\">\n                                \n                        <div class=\"gallery-section__image gallery-section__image--single\">\n                <a href=\"https:\/\/bdm-stg.mda.pl\/app\/uploads\/2024\/11\/gospodarka_odpadami_5_-24-scaled.jpg\">\n                                        <img loading=\"lazy\" decoding=\"async\" width=\"2560\" height=\"1707\" src=\"https:\/\/bdm-stg.mda.pl\/app\/uploads\/2024\/11\/gospodarka_odpadami_5_-24-scaled.jpg\" class=\"attachment-full size-full\" alt=\"\" \/>                                    <\/a>\n                            <\/div>\n            \n                            <\/div>\n                                                                                        <\/div>\n            <\/div>\n        <\/div>\n    <\/section>\n ","protected":false},"excerpt":{"rendered":"","protected":false},"featured_media":176567,"parent":0,"template":"","press_type":[],"acf":[],"yoast_head":"<!-- This site is optimized with the Yoast SEO plugin v22.5 - https:\/\/yoast.com\/wordpress\/plugins\/seo\/ -->\n<title>FBSerwis grupas strat\u0113\u0123isko iesp\u0113ju p\u0101rskat\u012b&scaron;anas procesa uzs\u0101k&scaron;ana - Budimex<\/title>\n<meta name=\"robots\" content=\"noindex, follow, max-snippet:-1, max-image-preview:large, max-video-preview:-1\" \/>\n<meta property=\"og:locale\" content=\"lv_LV\" \/>\n<meta property=\"og:type\" content=\"article\" \/>\n<meta property=\"og:title\" content=\"FBSerwis grupas strat\u0113\u0123isko iesp\u0113ju p\u0101rskat\u012b&scaron;anas procesa uzs\u0101k&scaron;ana - Budimex\" \/>\n<meta property=\"og:url\" content=\"https:\/\/bdm-stg.mda.pl\/lv\/informacje-prasowe\/fbserwis-grupas-strategisko-iespeju-parskatianas-procesa-uzsakana\/\" \/>\n<meta property=\"og:site_name\" content=\"Budimex\" \/>\n<meta property=\"article:modified_time\" content=\"2024-11-12T08:09:39+00:00\" \/>\n<meta name=\"twitter:card\" content=\"summary_large_image\" \/>\n<script type=\"application\/ld+json\" class=\"yoast-schema-graph\">{\"@context\":\"https:\/\/schema.org\",\"@graph\":[{\"@type\":\"WebPage\",\"@id\":\"https:\/\/bdm-stg.mda.pl\/lv\/informacje-prasowe\/fbserwis-grupas-strategisko-iespeju-parskatianas-procesa-uzsakana\/\",\"url\":\"https:\/\/bdm-stg.mda.pl\/lv\/informacje-prasowe\/fbserwis-grupas-strategisko-iespeju-parskatianas-procesa-uzsakana\/\",\"name\":\"FBSerwis grupas strat\u0113\u0123isko iesp\u0113ju p\u0101rskat\u012b&scaron;anas procesa uzs\u0101k&scaron;ana - Budimex\",\"isPartOf\":{\"@id\":\"https:\/\/bdm-stg.mda.pl\/lv\/#website\"},\"primaryImageOfPage\":{\"@id\":\"https:\/\/bdm-stg.mda.pl\/lv\/informacje-prasowe\/fbserwis-grupas-strategisko-iespeju-parskatianas-procesa-uzsakana\/#primaryimage\"},\"image\":{\"@id\":\"https:\/\/bdm-stg.mda.pl\/lv\/informacje-prasowe\/fbserwis-grupas-strategisko-iespeju-parskatianas-procesa-uzsakana\/#primaryimage\"},\"thumbnailUrl\":\"https:\/\/bdm-stg.mda.pl\/app\/uploads\/2024\/11\/s-x-x-69-scaled.jpg\",\"datePublished\":\"2024-11-07T12:02:29+00:00\",\"dateModified\":\"2024-11-12T08:09:39+00:00\",\"breadcrumb\":{\"@id\":\"https:\/\/bdm-stg.mda.pl\/lv\/informacje-prasowe\/fbserwis-grupas-strategisko-iespeju-parskatianas-procesa-uzsakana\/#breadcrumb\"},\"inLanguage\":\"lv-LV\",\"potentialAction\":[{\"@type\":\"ReadAction\",\"target\":[\"https:\/\/bdm-stg.mda.pl\/lv\/informacje-prasowe\/fbserwis-grupas-strategisko-iespeju-parskatianas-procesa-uzsakana\/\"]}]},{\"@type\":\"ImageObject\",\"inLanguage\":\"lv-LV\",\"@id\":\"https:\/\/bdm-stg.mda.pl\/lv\/informacje-prasowe\/fbserwis-grupas-strategisko-iespeju-parskatianas-procesa-uzsakana\/#primaryimage\",\"url\":\"https:\/\/bdm-stg.mda.pl\/app\/uploads\/2024\/11\/s-x-x-69-scaled.jpg\",\"contentUrl\":\"https:\/\/bdm-stg.mda.pl\/app\/uploads\/2024\/11\/s-x-x-69-scaled.jpg\",\"width\":2560,\"height\":1707},{\"@type\":\"BreadcrumbList\",\"@id\":\"https:\/\/bdm-stg.mda.pl\/lv\/informacje-prasowe\/fbserwis-grupas-strategisko-iespeju-parskatianas-procesa-uzsakana\/#breadcrumb\",\"itemListElement\":[{\"@type\":\"ListItem\",\"position\":1,\"name\":\"Strona g\u0142\u00f3wna\",\"item\":\"https:\/\/bdm-stg.mda.pl\/lv\/\"},{\"@type\":\"ListItem\",\"position\":2,\"name\":\"FBSerwis grupas strat\u0113\u0123isko iesp\u0113ju p\u0101rskat\u012b&scaron;anas procesa uzs\u0101k&scaron;ana\"}]},{\"@type\":\"WebSite\",\"@id\":\"https:\/\/bdm-stg.mda.pl\/lv\/#website\",\"url\":\"https:\/\/bdm-stg.mda.pl\/lv\/\",\"name\":\"Budimex\",\"description\":\"\",\"potentialAction\":[{\"@type\":\"SearchAction\",\"target\":{\"@type\":\"EntryPoint\",\"urlTemplate\":\"https:\/\/bdm-stg.mda.pl\/lv\/?s={search_term_string}\"},\"query-input\":\"required name=search_term_string\"}],\"inLanguage\":\"lv-LV\"}]}<\/script>\n<!-- \/ Yoast SEO plugin. -->","yoast_head_json":{"title":"FBSerwis grupas strat\u0113\u0123isko iesp\u0113ju p\u0101rskat\u012b&scaron;anas procesa uzs\u0101k&scaron;ana - Budimex","robots":{"index":"noindex","follow":"follow","max-snippet":"max-snippet:-1","max-image-preview":"max-image-preview:large","max-video-preview":"max-video-preview:-1"},"og_locale":"lv_LV","og_type":"article","og_title":"FBSerwis grupas strat\u0113\u0123isko iesp\u0113ju p\u0101rskat\u012b&scaron;anas procesa uzs\u0101k&scaron;ana - Budimex","og_url":"https:\/\/bdm-stg.mda.pl\/lv\/informacje-prasowe\/fbserwis-grupas-strategisko-iespeju-parskatianas-procesa-uzsakana\/","og_site_name":"Budimex","article_modified_time":"2024-11-12T08:09:39+00:00","twitter_card":"summary_large_image","schema":{"@context":"https:\/\/schema.org","@graph":[{"@type":"WebPage","@id":"https:\/\/bdm-stg.mda.pl\/lv\/informacje-prasowe\/fbserwis-grupas-strategisko-iespeju-parskatianas-procesa-uzsakana\/","url":"https:\/\/bdm-stg.mda.pl\/lv\/informacje-prasowe\/fbserwis-grupas-strategisko-iespeju-parskatianas-procesa-uzsakana\/","name":"FBSerwis grupas strat\u0113\u0123isko iesp\u0113ju p\u0101rskat\u012b&scaron;anas procesa uzs\u0101k&scaron;ana - Budimex","isPartOf":{"@id":"https:\/\/bdm-stg.mda.pl\/lv\/#website"},"primaryImageOfPage":{"@id":"https:\/\/bdm-stg.mda.pl\/lv\/informacje-prasowe\/fbserwis-grupas-strategisko-iespeju-parskatianas-procesa-uzsakana\/#primaryimage"},"image":{"@id":"https:\/\/bdm-stg.mda.pl\/lv\/informacje-prasowe\/fbserwis-grupas-strategisko-iespeju-parskatianas-procesa-uzsakana\/#primaryimage"},"thumbnailUrl":"https:\/\/bdm-stg.mda.pl\/app\/uploads\/2024\/11\/s-x-x-69-scaled.jpg","datePublished":"2024-11-07T12:02:29+00:00","dateModified":"2024-11-12T08:09:39+00:00","breadcrumb":{"@id":"https:\/\/bdm-stg.mda.pl\/lv\/informacje-prasowe\/fbserwis-grupas-strategisko-iespeju-parskatianas-procesa-uzsakana\/#breadcrumb"},"inLanguage":"lv-LV","potentialAction":[{"@type":"ReadAction","target":["https:\/\/bdm-stg.mda.pl\/lv\/informacje-prasowe\/fbserwis-grupas-strategisko-iespeju-parskatianas-procesa-uzsakana\/"]}]},{"@type":"ImageObject","inLanguage":"lv-LV","@id":"https:\/\/bdm-stg.mda.pl\/lv\/informacje-prasowe\/fbserwis-grupas-strategisko-iespeju-parskatianas-procesa-uzsakana\/#primaryimage","url":"https:\/\/bdm-stg.mda.pl\/app\/uploads\/2024\/11\/s-x-x-69-scaled.jpg","contentUrl":"https:\/\/bdm-stg.mda.pl\/app\/uploads\/2024\/11\/s-x-x-69-scaled.jpg","width":2560,"height":1707},{"@type":"BreadcrumbList","@id":"https:\/\/bdm-stg.mda.pl\/lv\/informacje-prasowe\/fbserwis-grupas-strategisko-iespeju-parskatianas-procesa-uzsakana\/#breadcrumb","itemListElement":[{"@type":"ListItem","position":1,"name":"Strona g\u0142\u00f3wna","item":"https:\/\/bdm-stg.mda.pl\/lv\/"},{"@type":"ListItem","position":2,"name":"FBSerwis grupas strat\u0113\u0123isko iesp\u0113ju p\u0101rskat\u012b&scaron;anas procesa uzs\u0101k&scaron;ana"}]},{"@type":"WebSite","@id":"https:\/\/bdm-stg.mda.pl\/lv\/#website","url":"https:\/\/bdm-stg.mda.pl\/lv\/","name":"Budimex","description":"","potentialAction":[{"@type":"SearchAction","target":{"@type":"EntryPoint","urlTemplate":"https:\/\/bdm-stg.mda.pl\/lv\/?s={search_term_string}"},"query-input":"required name=search_term_string"}],"inLanguage":"lv-LV"}]}},"_links":{"self":[{"href":"https:\/\/bdm-stg.mda.pl\/lv\/wp-json\/wp\/v2\/press\/176589"}],"collection":[{"href":"https:\/\/bdm-stg.mda.pl\/lv\/wp-json\/wp\/v2\/press"}],"about":[{"href":"https:\/\/bdm-stg.mda.pl\/lv\/wp-json\/wp\/v2\/types\/press"}],"version-history":[{"count":3,"href":"https:\/\/bdm-stg.mda.pl\/lv\/wp-json\/wp\/v2\/press\/176589\/revisions"}],"predecessor-version":[{"id":179671,"href":"https:\/\/bdm-stg.mda.pl\/lv\/wp-json\/wp\/v2\/press\/176589\/revisions\/179671"}],"wp:featuredmedia":[{"embeddable":true,"href":"https:\/\/bdm-stg.mda.pl\/lv\/wp-json\/wp\/v2\/media\/176567"}],"wp:attachment":[{"href":"https:\/\/bdm-stg.mda.pl\/lv\/wp-json\/wp\/v2\/media?parent=176589"}],"wp:term":[{"taxonomy":"press_type","embeddable":true,"href":"https:\/\/bdm-stg.mda.pl\/lv\/wp-json\/wp\/v2\/press_type?post=176589"}],"curies":[{"name":"wp","href":"https:\/\/api.w.org\/{rel}","templated":true}]}}