{"id":307575,"date":"2026-02-12T09:45:32","date_gmt":"2026-02-12T09:45:32","guid":{"rendered":"https:\/\/bdm-stg.mda.pl\/informacje-prasowe\/budimex-iegust-jaunu-ligumu-ar-gaz-system-buves-gazes-kompresoru-staciju-lwwek\/"},"modified":"2026-02-13T11:10:50","modified_gmt":"2026-02-13T11:10:50","slug":"budimex-iegust-jaunu-ligumu-ar-gaz-system-buves-gazes-kompresoru-staciju-lwwek","status":"publish","type":"press","link":"https:\/\/bdm-stg.mda.pl\/lv\/informacje-prasowe\/budimex-iegust-jaunu-ligumu-ar-gaz-system-buves-gazes-kompresoru-staciju-lwwek\/","title":{"rendered":"Budimex ieg\u016bst jaunu l\u012bgumu ar GAZ-SYSTEM &ndash; b\u016bv\u0113s g\u0101zes kompresoru staciju Lw&oacute;wek"},"content":{"rendered":"\n<section id=\"block_8a7cd142329918786622fafbddf5767f\" class=\"text-block   -hide-dots section-margin-120\">\n    <div class=\"container\">\n        <div class=\"row\">\n            <div class=\"col-24 col-lg-16\">\n                                    <p class=\"typo-18 under-p-medium color-gray-120 text-block__date\">12.02.2026<\/p>\n                                                    <div class=\"text-block__top-texts under-h2\">\n                        <h2 class=\"text-block__title under-p-big\">Budimex ieg\u016bst jaunu l\u012bgumu ar\u00a0GAZ-SYSTEM \u2013 b\u016bv\u0113s g\u0101zes kompresoru staciju Lw\u00f3wek<\/h2>\n                                                    <p class=\"typo-18 under-p-medium color-gray-120\">\n                                \n<div class=\"card-share card-share--flex\">\n    <div class=\"card-share__inner\">\n        <p class=\"card-share__title typo-18\">Udost\u0119pnij artyku\u0142<\/p>\n        <div class=\"card-share__links\">\n            <div class=\"card-share__link card-share__link--facebook\">\n                <a href=\"https:\/\/www.facebook.com\/sharer\/sharer.php?u=https:\/\/bdm-stg.mda.pl\/lv\/informacje-prasowe\/budimex-iegust-jaunu-ligumu-ar-gaz-system-buves-gazes-kompresoru-staciju-lwwek\/\" target=\"_blank\">\n                    <span class=\"card-share__linkIcon icon icon-facebook d-flex\"><\/span>\n                <\/a>\n            <\/div>\n            <div class=\"card-share__link card-share__link--linkedin\">\n                <a href=\"https:\/\/www.linkedin.com\/shareArticle?mini=true&#038;url=https:\/\/bdm-stg.mda.pl\/lv\/informacje-prasowe\/budimex-iegust-jaunu-ligumu-ar-gaz-system-buves-gazes-kompresoru-staciju-lwwek\/\" target=\"_blank\" rel=\"nofollow\">\n                    <span class=\"card-share__linkIcon icon icon-linkedin\"><\/span>\n                <\/a>\n            <\/div>\n            <div class=\"card-share__link card-share__link--twitter\">\n                <a href=\"https:\/\/twitter.com\/intent\/tweet?url=https%3A%2F%2Fbdm-stg.mda.pl%2Flv%2Finformacje-prasowe%2Fbudimex-iegust-jaunu-ligumu-ar-gaz-system-buves-gazes-kompresoru-staciju-lwwek%2F\" target=\"_blank\" rel=\"nofollow\">\n                    <span class=\"card-share__linkIcon icon icon-x\"><\/span>\n                <\/a>\n            <\/div>\n        <\/div>\n    <\/div>\n<\/div>                            <\/p>\n                                            <\/div>\n                                                                                    <div class=\"text-block__text text-editor\"><p><p style=\"text-align:justify\"><strong>Budimex ir\u00a0parakst\u012bjis l\u012bgumu ar\u00a0g\u0101zes p\u0101rvades operatoru GAZ-SYSTEM S.A. par Polijas energoapg\u0101des dro\u0161\u012bbai b\u016btisku invest\u012bciju \u012bsteno\u0161anu. L\u012bgums paredz modernas g\u0101zes kompresoru stacijas b\u016bvniec\u012bbu \u013bvovek\u0101 (Lielpolijas provinc\u0113) un eso\u0161\u0101 p\u0101rvades mezgla papla\u0161in\u0101\u0161anu un moderniz\u0101ciju. Jaun\u0101 infrastrukt\u016bra \u013caus uztur\u0113t stabilu spiedienu g\u0101zes cauru\u013cvados, nodro\u0161inot g\u0101zes pieg\u0101des nep\u0101rtraukt\u012bbu un dro\u0161\u012bbu strat\u0113\u0123isk\u0101m tautsaimniec\u012bbas nozar\u0113m.<\/strong><\/p><p style=\"text-align:justify\">Invest\u012bcijas, kuru maksim\u0101l\u0101 neto v\u0113rt\u012bba ir\u00a0481,2 miljoni PLN, ir\u00a0j\u0101pabeidz 23 m\u0113ne\u0161u laik\u0101 p\u0113c l\u012bguma parakst\u012b\u0161anas. Darba apjoms cita starp\u0101 ietver:<\/p><ul style=\"text-align:justify\"><li>tr\u012bs kompresoru bloku b\u016bvniec\u012bba ar\u00a0kop\u0113jo jaudu aptuveni 24 MW (3 x\u00a08 MW) ar\u00a0papildu infrastrukt\u016bru,<\/li><li>DN 1000 MOP 8,4 MPa savienojuma bloku izb\u016bve ar\u00a0ZZU Z\u0119bowo uz SGT DN1400,<\/li><li>ZZU DN1400 g\u0101zes cauru\u013cvada moderniz\u0101cija kop\u0101 ar\u00a0line\u0101r\u0101 v\u0101rsta nomai\u0146u,<\/li><li>divu DN 1000 MOP 8,4 MPa savienojuma g\u0101zes cauru\u013cvadu izb\u016bve ar\u00a0virziena komut\u0101cijas sist\u0113mu,<\/li><li>m\u0113r\u012b\u0161anas un regul\u0113\u0161anas stacijas SGT izb\u016bve,<\/li><li>g\u0101zes infrastrukt\u016bras nojauk\u0161ana, papla\u0161in\u0101\u0161ana un rekonstrukcija, kas \u013cauj projekt\u0113tos elementus savienot ar\u00a0eso\u0161o p\u0101rvades infrastrukt\u016bru,<\/li><li>divvirzienu KSP m\u0113r\u012b\u0161anas stacijas b\u016bvniec\u012bba.<\/li><\/ul><p style=\"text-align:justify\">Lw\u00f3wek g\u0101zes kompresoru stacijas b\u016bvniec\u012bbas pirm\u0101 posma \u012bsteno\u0161ana ir\u00a0v\u0113l viens Budimex izr\u0101viens g\u0101zes infrastrukt\u016bras jom\u0101 un piektais kopprojekts ar\u00a0GAZ-SYSTEM S.A. Laika posm\u0101 no\u00a02016. l\u012bdz 2025 &nbsp;. gadam Polijas b\u016bvniec\u012bbas tirgus l\u012bderis bija atbild\u012bgs par:<\/p><p style=\"text-align:justify\">&#8211; DN1000 Strachocina \u2013 Polijas robe\u017ea (Polija-Slov\u0101kija) g\u0101zes cauru\u013cvads aptuveni 61 kilometra garum\u0101,<\/p><p style=\"text-align:justify\">&#8211; DN1000 Czesz\u00f3w \u2013 Kie\u0142cz\u00f3w g\u0101zes cauru\u013cvads ar\u00a0garumu aptuveni 32,5 km<\/p><p style=\"text-align:justify\">&#8211; DN1000 Goleni\u00f3w \u2013 Ciecierzyce g\u0101zes cauru\u013cvads aptuveni 122 km garum\u0101<\/p><p style=\"text-align:justify\">&#8211; DN700 Rembelszczyzna \u2013 Mory g\u0101zes cauru\u013cvads ar\u00a0garumu aptuveni 28,5 km<\/p><p style=\"text-align:justify\">\u0160o projektu kop\u0113j\u0101 v\u0113rt\u012bba p\u0101rsniedz 1 miljardu PLN.<\/p><p style=\"text-align:justify\">&#8221; <em>Esam priec\u012bgi, ka\u00a0kop\u0101 ar\u00a0uz\u0146\u0113mumu, kas ir\u00a0strat\u0113\u0123iski svar\u012bgs Polijas ekonomikai, varam \u012bstenot v\u0113l vienu projektu. Atgrie\u0161an\u0101s sadarb\u012bb\u0101 ar\u00a0Gaz System par \u0161o ieguld\u012bjumu mums ir\u00a0apstiprin\u0101jums, ka\u00a0izstr\u0101d\u0101tais darb\u012bbas modelis un savstarp\u0113j\u0101 uztic\u0113\u0161an\u0101s noz\u012bm\u0113 augstu \u012bsteno\u0161anas kvalit\u0101ti. M\u016bsu pieredze g\u0101zes, ener\u0123\u0113tikas un r\u016bpniecisko invest\u012bciju jom\u0101 \u013cauj mums uz\u0146emties atbild\u012bga partnera lomu \u0161\u0101da veida projektos, efekt\u012bvi izmantot resursus un patie\u0161\u0101m stiprin\u0101t valsts&nbsp;energoapg\u0101des dro\u0161\u012bbu<\/em>,&#8221; saka Maciej Olek, Budimex SA valdes loceklis, dzelzce\u013ca, ener\u0123\u0113tikas un r\u016bpniecisk\u0101s b\u016bvniec\u012bbas galvenais operat\u012bvais direktors.<\/p><p style=\"text-align:justify\">Budimex ir\u00a0daudzu gadu pieredze sare\u017e\u0123\u012btu ener\u0123\u0113tikas un r\u016bpniec\u012bbas projektu \u012bsteno\u0161an\u0101. Uz\u0146\u0113mums jau gadiem ilgi \u012bsteno invest\u012bcijas, kas prasa visaugst\u0101kos dro\u0161\u012bbas standartus, kas apliecina t\u0101 kompetenci \u012bstenot tautsaimniec\u012bbai un kritiskajai infrastrukt\u016brai strat\u0113\u0123iski noz\u012bm\u012bgus projektus.<\/p><\/p><\/div>\n                            <\/div>\n                                                                                                                                <\/div>\n    <\/div>\n<\/section> \n    <section id=\"block_092302ee7d28ddcac7653f266b140d2c\" class=\"gallery-section section-margin-120\" data-per-page=\"8\" data-per-row=\"4\" data-type=\"zdjecia\">\n        <div class=\"container\">\n            <div class=\"row\">\n                                    <div class=\"col-24\">\n                        <h2 class=\"gallery-section__title under-h2\">Galerija<\/h2>\n                    <\/div>\n                            <\/div>\n            <div class=\"row\">\n                <div class=\"col-24\">\n                                                                        <div class=\"gallery-section__grid gallery-section__grid--4\">\n                                \n                        <div class=\"gallery-section__image gallery-section__image--single\">\n                <a href=\"https:\/\/bdm-stg.mda.pl\/app\/uploads\/2026\/02\/gazociag-32.png\">\n                                        <img loading=\"lazy\" decoding=\"async\" width=\"757\" height=\"561\" src=\"https:\/\/bdm-stg.mda.pl\/app\/uploads\/2026\/02\/gazociag-32.png\" class=\"attachment-full size-full\" alt=\"\" \/>                                    <\/a>\n                            <\/div>\n                                <div class=\"gallery-section__image gallery-section__image--single\">\n                <a href=\"https:\/\/bdm-stg.mda.pl\/app\/uploads\/2026\/02\/1000003177-32-scaled.jpg\">\n                                        <img loading=\"lazy\" decoding=\"async\" width=\"2560\" height=\"2013\" src=\"https:\/\/bdm-stg.mda.pl\/app\/uploads\/2026\/02\/1000003177-32-scaled.jpg\" class=\"attachment-full size-full\" alt=\"\" \/>                                    <\/a>\n                            <\/div>\n            \n                            <\/div>\n                                                                                        <\/div>\n            <\/div>\n        <\/div>\n    <\/section>\n ","protected":false},"excerpt":{"rendered":"","protected":false},"featured_media":0,"parent":0,"template":"","press_type":[],"acf":[],"yoast_head":"<!-- This site is optimized with the Yoast SEO plugin v22.5 - https:\/\/yoast.com\/wordpress\/plugins\/seo\/ -->\n<title>Budimex ieg\u016bst jaunu l\u012bgumu ar GAZ-SYSTEM &ndash; b\u016bv\u0113s g\u0101zes kompresoru staciju Lw&oacute;wek - Budimex<\/title>\n<meta name=\"robots\" content=\"noindex, follow, max-snippet:-1, max-image-preview:large, max-video-preview:-1\" \/>\n<meta property=\"og:locale\" content=\"lv_LV\" \/>\n<meta property=\"og:type\" content=\"article\" \/>\n<meta property=\"og:title\" content=\"Budimex ieg\u016bst jaunu l\u012bgumu ar GAZ-SYSTEM &ndash; b\u016bv\u0113s g\u0101zes kompresoru staciju Lw&oacute;wek - Budimex\" \/>\n<meta property=\"og:url\" content=\"https:\/\/bdm-stg.mda.pl\/lv\/informacje-prasowe\/budimex-iegust-jaunu-ligumu-ar-gaz-system-buves-gazes-kompresoru-staciju-lwwek\/\" \/>\n<meta property=\"og:site_name\" content=\"Budimex\" \/>\n<meta property=\"article:modified_time\" content=\"2026-02-13T11:10:50+00:00\" \/>\n<meta name=\"twitter:card\" content=\"summary_large_image\" \/>\n<script type=\"application\/ld+json\" class=\"yoast-schema-graph\">{\"@context\":\"https:\/\/schema.org\",\"@graph\":[{\"@type\":\"WebPage\",\"@id\":\"https:\/\/bdm-stg.mda.pl\/lv\/informacje-prasowe\/budimex-iegust-jaunu-ligumu-ar-gaz-system-buves-gazes-kompresoru-staciju-lwwek\/\",\"url\":\"https:\/\/bdm-stg.mda.pl\/lv\/informacje-prasowe\/budimex-iegust-jaunu-ligumu-ar-gaz-system-buves-gazes-kompresoru-staciju-lwwek\/\",\"name\":\"Budimex ieg\u016bst jaunu l\u012bgumu ar GAZ-SYSTEM &ndash; b\u016bv\u0113s g\u0101zes kompresoru staciju Lw&oacute;wek - Budimex\",\"isPartOf\":{\"@id\":\"https:\/\/bdm-stg.mda.pl\/lv\/#website\"},\"datePublished\":\"2026-02-12T09:45:32+00:00\",\"dateModified\":\"2026-02-13T11:10:50+00:00\",\"breadcrumb\":{\"@id\":\"https:\/\/bdm-stg.mda.pl\/lv\/informacje-prasowe\/budimex-iegust-jaunu-ligumu-ar-gaz-system-buves-gazes-kompresoru-staciju-lwwek\/#breadcrumb\"},\"inLanguage\":\"lv-LV\",\"potentialAction\":[{\"@type\":\"ReadAction\",\"target\":[\"https:\/\/bdm-stg.mda.pl\/lv\/informacje-prasowe\/budimex-iegust-jaunu-ligumu-ar-gaz-system-buves-gazes-kompresoru-staciju-lwwek\/\"]}]},{\"@type\":\"BreadcrumbList\",\"@id\":\"https:\/\/bdm-stg.mda.pl\/lv\/informacje-prasowe\/budimex-iegust-jaunu-ligumu-ar-gaz-system-buves-gazes-kompresoru-staciju-lwwek\/#breadcrumb\",\"itemListElement\":[{\"@type\":\"ListItem\",\"position\":1,\"name\":\"Strona g\u0142\u00f3wna\",\"item\":\"https:\/\/bdm-stg.mda.pl\/lv\/\"},{\"@type\":\"ListItem\",\"position\":2,\"name\":\"Budimex ieg\u016bst jaunu l\u012bgumu ar GAZ-SYSTEM &ndash; b\u016bv\u0113s g\u0101zes kompresoru staciju Lw&oacute;wek\"}]},{\"@type\":\"WebSite\",\"@id\":\"https:\/\/bdm-stg.mda.pl\/lv\/#website\",\"url\":\"https:\/\/bdm-stg.mda.pl\/lv\/\",\"name\":\"Budimex\",\"description\":\"\",\"potentialAction\":[{\"@type\":\"SearchAction\",\"target\":{\"@type\":\"EntryPoint\",\"urlTemplate\":\"https:\/\/bdm-stg.mda.pl\/lv\/?s={search_term_string}\"},\"query-input\":\"required name=search_term_string\"}],\"inLanguage\":\"lv-LV\"}]}<\/script>\n<!-- \/ Yoast SEO plugin. -->","yoast_head_json":{"title":"Budimex ieg\u016bst jaunu l\u012bgumu ar GAZ-SYSTEM &ndash; b\u016bv\u0113s g\u0101zes kompresoru staciju Lw&oacute;wek - Budimex","robots":{"index":"noindex","follow":"follow","max-snippet":"max-snippet:-1","max-image-preview":"max-image-preview:large","max-video-preview":"max-video-preview:-1"},"og_locale":"lv_LV","og_type":"article","og_title":"Budimex ieg\u016bst jaunu l\u012bgumu ar GAZ-SYSTEM &ndash; b\u016bv\u0113s g\u0101zes kompresoru staciju Lw&oacute;wek - Budimex","og_url":"https:\/\/bdm-stg.mda.pl\/lv\/informacje-prasowe\/budimex-iegust-jaunu-ligumu-ar-gaz-system-buves-gazes-kompresoru-staciju-lwwek\/","og_site_name":"Budimex","article_modified_time":"2026-02-13T11:10:50+00:00","twitter_card":"summary_large_image","schema":{"@context":"https:\/\/schema.org","@graph":[{"@type":"WebPage","@id":"https:\/\/bdm-stg.mda.pl\/lv\/informacje-prasowe\/budimex-iegust-jaunu-ligumu-ar-gaz-system-buves-gazes-kompresoru-staciju-lwwek\/","url":"https:\/\/bdm-stg.mda.pl\/lv\/informacje-prasowe\/budimex-iegust-jaunu-ligumu-ar-gaz-system-buves-gazes-kompresoru-staciju-lwwek\/","name":"Budimex ieg\u016bst jaunu l\u012bgumu ar GAZ-SYSTEM &ndash; b\u016bv\u0113s g\u0101zes kompresoru staciju Lw&oacute;wek - Budimex","isPartOf":{"@id":"https:\/\/bdm-stg.mda.pl\/lv\/#website"},"datePublished":"2026-02-12T09:45:32+00:00","dateModified":"2026-02-13T11:10:50+00:00","breadcrumb":{"@id":"https:\/\/bdm-stg.mda.pl\/lv\/informacje-prasowe\/budimex-iegust-jaunu-ligumu-ar-gaz-system-buves-gazes-kompresoru-staciju-lwwek\/#breadcrumb"},"inLanguage":"lv-LV","potentialAction":[{"@type":"ReadAction","target":["https:\/\/bdm-stg.mda.pl\/lv\/informacje-prasowe\/budimex-iegust-jaunu-ligumu-ar-gaz-system-buves-gazes-kompresoru-staciju-lwwek\/"]}]},{"@type":"BreadcrumbList","@id":"https:\/\/bdm-stg.mda.pl\/lv\/informacje-prasowe\/budimex-iegust-jaunu-ligumu-ar-gaz-system-buves-gazes-kompresoru-staciju-lwwek\/#breadcrumb","itemListElement":[{"@type":"ListItem","position":1,"name":"Strona g\u0142\u00f3wna","item":"https:\/\/bdm-stg.mda.pl\/lv\/"},{"@type":"ListItem","position":2,"name":"Budimex ieg\u016bst jaunu l\u012bgumu ar GAZ-SYSTEM &ndash; b\u016bv\u0113s g\u0101zes kompresoru staciju Lw&oacute;wek"}]},{"@type":"WebSite","@id":"https:\/\/bdm-stg.mda.pl\/lv\/#website","url":"https:\/\/bdm-stg.mda.pl\/lv\/","name":"Budimex","description":"","potentialAction":[{"@type":"SearchAction","target":{"@type":"EntryPoint","urlTemplate":"https:\/\/bdm-stg.mda.pl\/lv\/?s={search_term_string}"},"query-input":"required name=search_term_string"}],"inLanguage":"lv-LV"}]}},"_links":{"self":[{"href":"https:\/\/bdm-stg.mda.pl\/lv\/wp-json\/wp\/v2\/press\/307575"}],"collection":[{"href":"https:\/\/bdm-stg.mda.pl\/lv\/wp-json\/wp\/v2\/press"}],"about":[{"href":"https:\/\/bdm-stg.mda.pl\/lv\/wp-json\/wp\/v2\/types\/press"}],"version-history":[{"count":3,"href":"https:\/\/bdm-stg.mda.pl\/lv\/wp-json\/wp\/v2\/press\/307575\/revisions"}],"predecessor-version":[{"id":308443,"href":"https:\/\/bdm-stg.mda.pl\/lv\/wp-json\/wp\/v2\/press\/307575\/revisions\/308443"}],"wp:attachment":[{"href":"https:\/\/bdm-stg.mda.pl\/lv\/wp-json\/wp\/v2\/media?parent=307575"}],"wp:term":[{"taxonomy":"press_type","embeddable":true,"href":"https:\/\/bdm-stg.mda.pl\/lv\/wp-json\/wp\/v2\/press_type?post=307575"}],"curies":[{"name":"wp","href":"https:\/\/api.w.org\/{rel}","templated":true}]}}