{"id":308503,"date":"2026-02-17T10:35:55","date_gmt":"2026-02-17T10:35:55","guid":{"rendered":"https:\/\/bdm-stg.mda.pl\/informacje-prasowe\/budimex-ir-buvniecibas-tirgus-lideris-polija-saskana-ar-deloitte-2025-zinojumu\/"},"modified":"2026-02-19T15:30:59","modified_gmt":"2026-02-19T15:30:59","slug":"budimex-ir-buvniecibas-tirgus-lideris-polija-saskana-ar-deloitte-2025-zinojumu","status":"publish","type":"press","link":"https:\/\/bdm-stg.mda.pl\/lv\/informacje-prasowe\/budimex-ir-buvniecibas-tirgus-lideris-polija-saskana-ar-deloitte-2025-zinojumu\/","title":{"rendered":"Budimex ir b\u016bvniec\u012bbas tirgus l\u012bderis Polij\u0101 saska\u0146\u0101 ar Deloitte 2025 zi\u0146ojumu"},"content":{"rendered":"\n<section id=\"block_95b7786060f97f0e68ce44ebbf20af07\" class=\"text-block   -hide-dots section-margin-120\">\n    <div class=\"container\">\n        <div class=\"row\">\n            <div class=\"col-24 col-lg-16\">\n                                    <p class=\"typo-18 under-p-medium color-gray-120 text-block__date\">17.02.2026<\/p>\n                                                    <div class=\"text-block__top-texts under-h2\">\n                        <h2 class=\"text-block__title under-p-big\">Budimex ir\u00a0b\u016bvniec\u012bbas tirgus l\u012bderis Polij\u0101 saska\u0146\u0101 ar\u00a0Deloitte 2025 zi\u0146ojumu<\/h2>\n                                                    <p class=\"typo-18 under-p-medium color-gray-120\">\n                                \n<div class=\"card-share card-share--flex\">\n    <div class=\"card-share__inner\">\n        <p class=\"card-share__title typo-18\">Udost\u0119pnij artyku\u0142<\/p>\n        <div class=\"card-share__links\">\n            <div class=\"card-share__link card-share__link--facebook\">\n                <a href=\"https:\/\/www.facebook.com\/sharer\/sharer.php?u=https:\/\/bdm-stg.mda.pl\/lv\/informacje-prasowe\/budimex-ir-buvniecibas-tirgus-lideris-polija-saskana-ar-deloitte-2025-zinojumu\/\" target=\"_blank\">\n                    <span class=\"card-share__linkIcon icon icon-facebook d-flex\"><\/span>\n                <\/a>\n            <\/div>\n            <div class=\"card-share__link card-share__link--linkedin\">\n                <a href=\"https:\/\/www.linkedin.com\/shareArticle?mini=true&#038;url=https:\/\/bdm-stg.mda.pl\/lv\/informacje-prasowe\/budimex-ir-buvniecibas-tirgus-lideris-polija-saskana-ar-deloitte-2025-zinojumu\/\" target=\"_blank\" rel=\"nofollow\">\n                    <span class=\"card-share__linkIcon icon icon-linkedin\"><\/span>\n                <\/a>\n            <\/div>\n            <div class=\"card-share__link card-share__link--twitter\">\n                <a href=\"https:\/\/twitter.com\/intent\/tweet?url=https%3A%2F%2Fbdm-stg.mda.pl%2Flv%2Finformacje-prasowe%2Fbudimex-ir-buvniecibas-tirgus-lideris-polija-saskana-ar-deloitte-2025-zinojumu%2F\" target=\"_blank\" rel=\"nofollow\">\n                    <span class=\"card-share__linkIcon icon icon-x\"><\/span>\n                <\/a>\n            <\/div>\n        <\/div>\n    <\/div>\n<\/div>                            <\/p>\n                                            <\/div>\n                                                                                    <div class=\"text-block__text text-editor\"><p><p><strong>Budimex grupa v\u0113lreiz ir\u00a0apstiprin\u0101jusi savu poz\u012bciju k\u0101 Polijas b\u016bvniec\u012bbas tirgus l\u012bderis. Zi\u0146ojums &#8220;Polijas b\u016bvniec\u012bbas uz\u0146\u0113mumi 2025. Svar\u012bg\u0101kie sp\u0113l\u0113t\u0101ji, galvenie izaugsmes faktori un nozares att\u012bst\u012bbas perspekt\u012bvas&#8221;, ko\u00a0public\u0113 Deloitte, liecina, ka\u00a0Budimex ie\u0146em pirmo vietu galvenajos nozaru reitingos \u2013 ie\u0146\u0113mumu, p\u0101rdo\u0161anas rezult\u0101tu, neto rezult\u0101ta un tirgus v\u0113rt\u012bbas zi\u0146\u0101.<\/strong><\/p><p>2024. gad\u0101 piecpadsmit liel\u0101ko Polijas b\u016bvniec\u012bbas uz\u0146\u0113mumu ie\u0146\u0113mumi sasniedza nedaudz vair\u0101k nek\u0101 47 miljardus PLN, kas noz\u012bm\u0113 0,7% pieaugumu sal\u012bdzin\u0101jum\u0101 ar\u00a0iepriek\u0161\u0113jo gadu. T\u0101pat k\u0101 iepriek\u0161\u0113jos gados, Budimex bija reitinga l\u012bderis ar\u00a0ie\u0146\u0113mumiem, kas p\u0101rsniedza 9,1 miljardu PLN.<\/p><p><strong>Stabils rezult\u0101ts, neskatoties uz sare\u017e\u0123\u012btajiem tirgus apst\u0101k\u013ciem<\/strong><\/p><p>2024. gad\u0101 Grupa sasniedza augst\u0101ko rezult\u0101tu nozar\u0113 no\u00a0p\u0101rdo\u0161anas apjoma, kas tiek saprasts k\u0101 starp\u012bba starp pamatdarb\u012bbas ie\u0146\u0113mumiem un p\u0101rdo\u0161anas izmaks\u0101m. Tas sasniedza gandr\u012bz 1,2 miljardus PLN, kas nep\u0101rprotami apsteidza n\u0101kam\u0101s vien\u012bbas sarakst\u0101. Sal\u012bdzin\u0101jumam, otrais uz\u0146\u0113mums \u0161aj\u0101 rang\u0101 sasniedza 308 miljonus PLN. Lai gan 15 liel\u0101ko b\u016bvniec\u012bbas uz\u0146\u0113mumu vid\u0113j\u0101 darb\u012bbas pe\u013c\u0146a 2024. gad\u0101 samazin\u0101j\u0101s par 0,2% sal\u012bdzin\u0101jum\u0101 ar\u00a02023. gadu, kas liecina par izmaksu spiedienu nozar\u0113, Budimex bija viens no\u00a0uz\u0146\u0113mumiem ar\u00a0visliel\u0101ko darb\u012bbas rentabilit\u0101ti \u2013 grupas darb\u012bbas pe\u013c\u0146a bija 12,75%, kas noz\u012bm\u0113 pieaugumu par 1,27 procentpunktiem sal\u012bdzin\u0101jum\u0101 ar\u00a02023. gadu.<\/p><p><strong>Augst\u0101kais neto rezult\u0101ts \u2013 astotais gads p\u0113c k\u0101rtas<\/strong><\/p><p>Neto rezult\u0101ta zi\u0146\u0101 Budimex grupa astoto gadu p\u0113c k\u0101rtas ie\u0146\u0113ma pirmo vietu, 2024. gad\u0101 sasniedzot neto pe\u013c\u0146u 623,6 miljonu PLN apm\u0113r\u0101. Neskatoties uz to, ka\u00a0Budimex re\u0123istr\u0113ja t\u012br\u0101s pe\u013c\u0146as samazin\u0101jumu par 122,5 miljoniem PLN, t.i., par 16,4% sal\u012bdzin\u0101jum\u0101 ar\u00a0iepriek\u0161\u0113jo gadu, tas saglab\u0101ja skaidru priek\u0161roc\u012bbu sal\u012bdzin\u0101jum\u0101 ar\u00a0n\u0101kamaj\u0101m ranga vien\u012bb\u0101m.<\/p><p>&#8220;<em>Deloitte zi\u0146ojuma rezult\u0101ti par\u0101da m\u016bsu darb\u012bbas m\u0113rogu un stabilit\u0101ti sare\u017e\u0123\u012bt\u0101 tirgus vid\u0113. M\u0113s koncentr\u0113jamies uz prognoz\u0113jamu finan\u0161u rezult\u0101tu saglab\u0101\u0161anu, ie\u0146\u0113mumu avotu diversifik\u0101ciju un darb\u012bbas efektivit\u0101tes stiprin\u0101\u0161anu. Mums ir\u00a0svar\u012bgi ar\u012b att\u012bst\u012bt jaunas biznesa jomas un atbild\u012bgi p\u0101rvald\u012bt invest\u012bcijas, lai rea\u0123\u0113tu uz main\u012bgo tirgus dinamiku un vajadz\u012bb\u0101m<\/em>,&#8221; <strong>saka Cezary \u0141ysenko, Budimex SA infrastrukt\u016bras un visp\u0101r\u0113j\u0101s b\u016bvniec\u012bbas vad\u012bt\u0101js.<\/strong><\/p><p><strong>Kapit\u0101la izdevumu l\u012bderis<\/strong><\/p><p>2024. gad\u0101 l\u012bderis kapit\u0101lo izdevumu nomin\u0101lv\u0113rt\u012bbas zi\u0146\u0101 bija Budimex grupa. Kop\u0113jie izdevumi sasniedza vair\u0101k nek\u0101 343,8 miljonus PLN un bija par vair\u0101k nek\u0101 101,5 miljoniem PLN liel\u0101ki nek\u0101 2023. gad\u0101. Invest\u012bciju apjoms apliecina konsekventu koncerna darb\u012bbas un tehnolo\u0123isk\u0101 potenci\u0101la veido\u0161anu.<\/p><p>Budimex ir\u00a0l\u012bderis ar\u012b nomin\u0101lo ie\u0146\u0113mumu zi\u0146\u0101 no\u00a0darb\u012bb\u0101m, kas nav saist\u012btas ar\u00a0b\u016bvniec\u012bbu. 2024. gad\u0101 tie sasniedza aptuveni 1,0 miljardus PLN. Tie galvenok\u0101rt ietver pakalpojumu darb\u012bbas sadz\u012bves atkritumu apsaimnieko\u0161anas jom\u0101, visaptvero\u0161u ce\u013cu uztur\u0113\u0161anu, \u0113ku tehnisko apkopi un projektu izstr\u0101di atjaunojamo energoresursu jom\u0101.<\/p><p><strong>Augst\u0101k\u0101 kapitaliz\u0101cija WSE<\/strong><\/p><p>Kop\u0161 2011. gada Budimex joproj\u0101m ir\u00a0l\u012bderis tirgus v\u0113rt\u012bbas zi\u0146\u0101 starp Var\u0161avas bir\u017e\u0101 kot\u0113tajiem b\u016bvniec\u012bbas uz\u0146\u0113mumiem. 2024. gada beig\u0101s uz\u0146\u0113muma kapitaliz\u0101cija sasniedza aptuveni 11,9 miljardus PLN, kas noz\u012bm\u0113 samazin\u0101jumu par 25,5% sal\u012bdzin\u0101jum\u0101 ar\u00a02023. gadu, vienlaikus saglab\u0101jot savu poz\u012bciju k\u0101 v\u0113rt\u012bg\u0101kais b\u016bvniec\u012bbas uz\u0146\u0113mums publiskaj\u0101 tirg\u016b.<\/p><p>Budimex sp\u0113c\u012bgo poz\u012bciju tirg\u016b papildina t\u0101 ieguld\u012bjums valsts finans\u0113s. Uz\u0146\u0113mums joproj\u0101m ir\u00a0liel\u0101kais UIN maks\u0101t\u0101js b\u016bvniec\u012bbas nozar\u0113 \u2013 saska\u0146\u0101 ar\u00a0Finan\u0161u ministrijas datiem p\u0113d\u0113jo desmit gadu laik\u0101 tas ir\u00a0p\u0101rskait\u012bjis valsts bud\u017eet\u0101 vair\u0101k nek\u0101 1,5 miljardus PLN. Samaks\u0101to nodok\u013cu apjoms apstiprina Budimex past\u0101v\u012bgo iesak\u0146o\u0161anos valsts ekonomik\u0101 un t\u0101 k\u0101 viena no\u00a0Polijas b\u016bvniec\u012bbas nozares p\u012bl\u0101riem.<\/p><\/p><\/div>\n                            <\/div>\n                                                                                                                                <\/div>\n    <\/div>\n<\/section> \n    <section id=\"block_28da666dc4c10b129212f5940d7fd736\" class=\"gallery-section section-margin-120\" data-per-page=\"8\" data-per-row=\"4\" data-type=\"zdjecia\">\n        <div class=\"container\">\n            <div class=\"row\">\n                                    <div class=\"col-24\">\n                        <h2 class=\"gallery-section__title under-h2\">Galerija<\/h2>\n                    <\/div>\n                            <\/div>\n            <div class=\"row\">\n                <div class=\"col-24\">\n                                                                        <div class=\"gallery-section__grid gallery-section__grid--4\">\n                                \n                        <div class=\"gallery-section__image gallery-section__image--single\">\n                <a href=\"https:\/\/bdm-stg.mda.pl\/app\/uploads\/2026\/02\/deloitte-65.png\">\n                                        <img loading=\"lazy\" decoding=\"async\" width=\"1020\" height=\"677\" src=\"https:\/\/bdm-stg.mda.pl\/app\/uploads\/2026\/02\/deloitte-65.png\" class=\"attachment-full size-full\" alt=\"\" \/>                                    <\/a>\n                            <\/div>\n            \n                            <\/div>\n                                                                                        <\/div>\n            <\/div>\n        <\/div>\n    <\/section>\n ","protected":false},"excerpt":{"rendered":"","protected":false},"featured_media":0,"parent":0,"template":"","press_type":[],"acf":[],"yoast_head":"<!-- This site is optimized with the Yoast SEO plugin v22.5 - https:\/\/yoast.com\/wordpress\/plugins\/seo\/ -->\n<title>Budimex ir b\u016bvniec\u012bbas tirgus l\u012bderis Polij\u0101 saska\u0146\u0101 ar Deloitte 2025 zi\u0146ojumu - Budimex<\/title>\n<meta name=\"robots\" content=\"noindex, follow, max-snippet:-1, max-image-preview:large, max-video-preview:-1\" \/>\n<meta property=\"og:locale\" content=\"lv_LV\" \/>\n<meta property=\"og:type\" content=\"article\" \/>\n<meta property=\"og:title\" content=\"Budimex ir b\u016bvniec\u012bbas tirgus l\u012bderis Polij\u0101 saska\u0146\u0101 ar Deloitte 2025 zi\u0146ojumu - Budimex\" \/>\n<meta property=\"og:url\" content=\"https:\/\/bdm-stg.mda.pl\/lv\/informacje-prasowe\/budimex-ir-buvniecibas-tirgus-lideris-polija-saskana-ar-deloitte-2025-zinojumu\/\" \/>\n<meta property=\"og:site_name\" content=\"Budimex\" \/>\n<meta property=\"article:modified_time\" content=\"2026-02-19T15:30:59+00:00\" \/>\n<meta name=\"twitter:card\" content=\"summary_large_image\" \/>\n<script type=\"application\/ld+json\" class=\"yoast-schema-graph\">{\"@context\":\"https:\/\/schema.org\",\"@graph\":[{\"@type\":\"WebPage\",\"@id\":\"https:\/\/bdm-stg.mda.pl\/lv\/informacje-prasowe\/budimex-ir-buvniecibas-tirgus-lideris-polija-saskana-ar-deloitte-2025-zinojumu\/\",\"url\":\"https:\/\/bdm-stg.mda.pl\/lv\/informacje-prasowe\/budimex-ir-buvniecibas-tirgus-lideris-polija-saskana-ar-deloitte-2025-zinojumu\/\",\"name\":\"Budimex ir b\u016bvniec\u012bbas tirgus l\u012bderis Polij\u0101 saska\u0146\u0101 ar Deloitte 2025 zi\u0146ojumu - Budimex\",\"isPartOf\":{\"@id\":\"https:\/\/bdm-stg.mda.pl\/lv\/#website\"},\"datePublished\":\"2026-02-17T10:35:55+00:00\",\"dateModified\":\"2026-02-19T15:30:59+00:00\",\"breadcrumb\":{\"@id\":\"https:\/\/bdm-stg.mda.pl\/lv\/informacje-prasowe\/budimex-ir-buvniecibas-tirgus-lideris-polija-saskana-ar-deloitte-2025-zinojumu\/#breadcrumb\"},\"inLanguage\":\"lv-LV\",\"potentialAction\":[{\"@type\":\"ReadAction\",\"target\":[\"https:\/\/bdm-stg.mda.pl\/lv\/informacje-prasowe\/budimex-ir-buvniecibas-tirgus-lideris-polija-saskana-ar-deloitte-2025-zinojumu\/\"]}]},{\"@type\":\"BreadcrumbList\",\"@id\":\"https:\/\/bdm-stg.mda.pl\/lv\/informacje-prasowe\/budimex-ir-buvniecibas-tirgus-lideris-polija-saskana-ar-deloitte-2025-zinojumu\/#breadcrumb\",\"itemListElement\":[{\"@type\":\"ListItem\",\"position\":1,\"name\":\"Strona g\u0142\u00f3wna\",\"item\":\"https:\/\/bdm-stg.mda.pl\/lv\/\"},{\"@type\":\"ListItem\",\"position\":2,\"name\":\"Budimex ir b\u016bvniec\u012bbas tirgus l\u012bderis Polij\u0101 saska\u0146\u0101 ar Deloitte 2025 zi\u0146ojumu\"}]},{\"@type\":\"WebSite\",\"@id\":\"https:\/\/bdm-stg.mda.pl\/lv\/#website\",\"url\":\"https:\/\/bdm-stg.mda.pl\/lv\/\",\"name\":\"Budimex\",\"description\":\"\",\"potentialAction\":[{\"@type\":\"SearchAction\",\"target\":{\"@type\":\"EntryPoint\",\"urlTemplate\":\"https:\/\/bdm-stg.mda.pl\/lv\/?s={search_term_string}\"},\"query-input\":\"required name=search_term_string\"}],\"inLanguage\":\"lv-LV\"}]}<\/script>\n<!-- \/ Yoast SEO plugin. -->","yoast_head_json":{"title":"Budimex ir b\u016bvniec\u012bbas tirgus l\u012bderis Polij\u0101 saska\u0146\u0101 ar Deloitte 2025 zi\u0146ojumu - Budimex","robots":{"index":"noindex","follow":"follow","max-snippet":"max-snippet:-1","max-image-preview":"max-image-preview:large","max-video-preview":"max-video-preview:-1"},"og_locale":"lv_LV","og_type":"article","og_title":"Budimex ir b\u016bvniec\u012bbas tirgus l\u012bderis Polij\u0101 saska\u0146\u0101 ar Deloitte 2025 zi\u0146ojumu - Budimex","og_url":"https:\/\/bdm-stg.mda.pl\/lv\/informacje-prasowe\/budimex-ir-buvniecibas-tirgus-lideris-polija-saskana-ar-deloitte-2025-zinojumu\/","og_site_name":"Budimex","article_modified_time":"2026-02-19T15:30:59+00:00","twitter_card":"summary_large_image","schema":{"@context":"https:\/\/schema.org","@graph":[{"@type":"WebPage","@id":"https:\/\/bdm-stg.mda.pl\/lv\/informacje-prasowe\/budimex-ir-buvniecibas-tirgus-lideris-polija-saskana-ar-deloitte-2025-zinojumu\/","url":"https:\/\/bdm-stg.mda.pl\/lv\/informacje-prasowe\/budimex-ir-buvniecibas-tirgus-lideris-polija-saskana-ar-deloitte-2025-zinojumu\/","name":"Budimex ir b\u016bvniec\u012bbas tirgus l\u012bderis Polij\u0101 saska\u0146\u0101 ar Deloitte 2025 zi\u0146ojumu - Budimex","isPartOf":{"@id":"https:\/\/bdm-stg.mda.pl\/lv\/#website"},"datePublished":"2026-02-17T10:35:55+00:00","dateModified":"2026-02-19T15:30:59+00:00","breadcrumb":{"@id":"https:\/\/bdm-stg.mda.pl\/lv\/informacje-prasowe\/budimex-ir-buvniecibas-tirgus-lideris-polija-saskana-ar-deloitte-2025-zinojumu\/#breadcrumb"},"inLanguage":"lv-LV","potentialAction":[{"@type":"ReadAction","target":["https:\/\/bdm-stg.mda.pl\/lv\/informacje-prasowe\/budimex-ir-buvniecibas-tirgus-lideris-polija-saskana-ar-deloitte-2025-zinojumu\/"]}]},{"@type":"BreadcrumbList","@id":"https:\/\/bdm-stg.mda.pl\/lv\/informacje-prasowe\/budimex-ir-buvniecibas-tirgus-lideris-polija-saskana-ar-deloitte-2025-zinojumu\/#breadcrumb","itemListElement":[{"@type":"ListItem","position":1,"name":"Strona g\u0142\u00f3wna","item":"https:\/\/bdm-stg.mda.pl\/lv\/"},{"@type":"ListItem","position":2,"name":"Budimex ir b\u016bvniec\u012bbas tirgus l\u012bderis Polij\u0101 saska\u0146\u0101 ar Deloitte 2025 zi\u0146ojumu"}]},{"@type":"WebSite","@id":"https:\/\/bdm-stg.mda.pl\/lv\/#website","url":"https:\/\/bdm-stg.mda.pl\/lv\/","name":"Budimex","description":"","potentialAction":[{"@type":"SearchAction","target":{"@type":"EntryPoint","urlTemplate":"https:\/\/bdm-stg.mda.pl\/lv\/?s={search_term_string}"},"query-input":"required name=search_term_string"}],"inLanguage":"lv-LV"}]}},"_links":{"self":[{"href":"https:\/\/bdm-stg.mda.pl\/lv\/wp-json\/wp\/v2\/press\/308503"}],"collection":[{"href":"https:\/\/bdm-stg.mda.pl\/lv\/wp-json\/wp\/v2\/press"}],"about":[{"href":"https:\/\/bdm-stg.mda.pl\/lv\/wp-json\/wp\/v2\/types\/press"}],"version-history":[{"count":3,"href":"https:\/\/bdm-stg.mda.pl\/lv\/wp-json\/wp\/v2\/press\/308503\/revisions"}],"predecessor-version":[{"id":310531,"href":"https:\/\/bdm-stg.mda.pl\/lv\/wp-json\/wp\/v2\/press\/308503\/revisions\/310531"}],"wp:attachment":[{"href":"https:\/\/bdm-stg.mda.pl\/lv\/wp-json\/wp\/v2\/media?parent=308503"}],"wp:term":[{"taxonomy":"press_type","embeddable":true,"href":"https:\/\/bdm-stg.mda.pl\/lv\/wp-json\/wp\/v2\/press_type?post=308503"}],"curies":[{"name":"wp","href":"https:\/\/api.w.org\/{rel}","templated":true}]}}