{"id":311407,"date":"2026-03-02T09:16:10","date_gmt":"2026-03-02T09:16:10","guid":{"rendered":"https:\/\/bdm-stg.mda.pl\/informacje-prasowe\/budimex-mobility-jauns-cenradis-un-akcijas-sakumam\/"},"modified":"2026-03-03T11:03:05","modified_gmt":"2026-03-03T11:03:05","slug":"budimex-mobility-jauns-cenradis-un-akcijas-sakumam","status":"publish","type":"press","link":"https:\/\/bdm-stg.mda.pl\/lv\/informacje-prasowe\/budimex-mobility-jauns-cenradis-un-akcijas-sakumam\/","title":{"rendered":"Budimex Mobility &ndash; jauns cenr\u0101dis un akcijas s\u0101kumam"},"content":{"rendered":"\n<section id=\"block_69aef94071c5d8184e86d9713f8b6092\" class=\"text-block   -hide-dots section-margin-120\">\n    <div class=\"container\">\n        <div class=\"row\">\n            <div class=\"col-24 col-lg-16\">\n                                    <p class=\"typo-18 under-p-medium color-gray-120 text-block__date\">02.03.2026<\/p>\n                                                    <div class=\"text-block__top-texts under-h2\">\n                        <h2 class=\"text-block__title under-p-big\">Budimex Mobility \u2013 jauns cenr\u0101dis un akcijas s\u0101kumam<\/h2>\n                                                    <p class=\"typo-18 under-p-medium color-gray-120\">\n                                \n<div class=\"card-share card-share--flex\">\n    <div class=\"card-share__inner\">\n        <p class=\"card-share__title typo-18\">Udost\u0119pnij artyku\u0142<\/p>\n        <div class=\"card-share__links\">\n            <div class=\"card-share__link card-share__link--facebook\">\n                <a href=\"https:\/\/www.facebook.com\/sharer\/sharer.php?u=https:\/\/bdm-stg.mda.pl\/lv\/informacje-prasowe\/budimex-mobility-jauns-cenradis-un-akcijas-sakumam\/\" target=\"_blank\">\n                    <span class=\"card-share__linkIcon icon icon-facebook d-flex\"><\/span>\n                <\/a>\n            <\/div>\n            <div class=\"card-share__link card-share__link--linkedin\">\n                <a href=\"https:\/\/www.linkedin.com\/shareArticle?mini=true&#038;url=https:\/\/bdm-stg.mda.pl\/lv\/informacje-prasowe\/budimex-mobility-jauns-cenradis-un-akcijas-sakumam\/\" target=\"_blank\" rel=\"nofollow\">\n                    <span class=\"card-share__linkIcon icon icon-linkedin\"><\/span>\n                <\/a>\n            <\/div>\n            <div class=\"card-share__link card-share__link--twitter\">\n                <a href=\"https:\/\/twitter.com\/intent\/tweet?url=https%3A%2F%2Fbdm-stg.mda.pl%2Flv%2Finformacje-prasowe%2Fbudimex-mobility-jauns-cenradis-un-akcijas-sakumam%2F\" target=\"_blank\" rel=\"nofollow\">\n                    <span class=\"card-share__linkIcon icon icon-x\"><\/span>\n                <\/a>\n            <\/div>\n        <\/div>\n    <\/div>\n<\/div>                            <\/p>\n                                            <\/div>\n                                                                                    <div class=\"text-block__text text-editor\"><p><p><strong>Budimex Mobility atjaunina elektrisko transportl\u012bdzek\u013cu uzl\u0101des pakalpojumu cenr\u0101di. Jaunie tarifi st\u0101sies sp\u0113k\u0101 no\u00a02026. gada 2. marta vis\u0101s operatora stacij\u0101s Polij\u0101. Taj\u0101 pa\u0161\u0101 laik\u0101 uz\u0146\u0113mums ievie\u0161 \u012bpa\u0161u pied\u0101v\u0101jumu jaunatv\u0113rto vietu lietot\u0101jiem, kuri g\u016bs labumu no\u00a0preferenci\u0101liem cenu nosac\u012bjumiem pirmaj\u0101 ned\u0113\u013c\u0101 p\u0113c stacijas atkl\u0101\u0161anas.<\/strong><\/p><p>Jaunie tarifi attiecas uz vis\u0101m publiski pieejam\u0101m Budimex mobilit\u0101tes stacij\u0101m un st\u0101sies sp\u0113k\u0101 pirmdien, 2. gada 2026. mart\u0101. Inform\u0101cija par aktu\u0101laj\u0101m vakc\u012bn\u0101m un stacij\u0101m, uz kur\u0101m attiecas akcijas cenas, atrodama \u0161eit: <a href=\"https:\/\/budimexmobility.pl\/nowy-cennik-ladowania-budimex-mobility\/\" rel=\"noopener\">https:\/\/budimexmobility.pl\/nowy-cennik-ladowania-budimex-mobility\/<\/a>.<\/p><p>&#8221; <em>Elektromobilit\u0101te Polij\u0101 aug \u013coti dinamiski, un l\u012bdz ar\u00a0to\u00a0ar\u012b cer\u012bbas uz staciju pieejam\u012bbu un paredzam\u0101m uzl\u0101des izmaks\u0101m.&nbsp; M\u016bsdien\u0101s elektroauto vad\u012bt\u0101ji sagaida ne\u00a0tikai \u0101tru uzl\u0101di, bet ar\u012b vienk\u0101r\u0161us noteikumus un \u0113rtu samaksu. T\u0101p\u0113c no\u00a02026. gada 2. marta m\u0113s ievie\u0161am atjaunin\u0101tu cenr\u0101di vis\u0101s Budimex Mobility stacij\u0101s Polij\u0101, un jaunatv\u0113rtaj\u0101m viet\u0101m esam sagatavoju\u0161i &#8220;Start Promotion&#8221; \u2013 7 dienas no\u00a0stacijas atkl\u0101\u0161anas uzl\u0101de b\u016bs pieejama ar\u00a0atvieglotiem nosac\u012bjumiem <\/em>,&#8221; saka Monika Krzemie\u0144, Budimex Mobility SA valdes locekle.<\/p><p>Jaunais Budimex Mobility cenr\u0101dis<\/p><table style=\"width:643px\" width=\"456\"><tbody><tr><td style=\"width:57.7969px;width:57.7969px\"><p><strong>STACIJA<\/strong><\/p><\/td><td style=\"width:57.9375px;width:57.9375px\"><p><strong>JAUDA kW<\/strong><\/p><\/td><td style=\"width:53.7188px;width:53.7188px\"><p><strong>Cenas* <\/strong><\/p><\/td><td style=\"width:309.547px;width:309.547px\"><p><strong>S\u0100KT AKCIJU*<\/strong><\/p><\/td><\/tr><tr><td style=\"width:57.7969px;width:57.7969px\"><p><em>Mai\u0146str\u0101vas<\/em><\/p><\/td><td style=\"width:57.9375px;width:57.9375px\"><p><em>22 kWh \/ 44 kW<\/em><\/p><\/td><td style=\"width:53.7188px;width:53.7188px\"><p><em>1.96 PLN\/kWh<\/em><\/p><\/td><td style=\"width:309.547px;width:309.547px\"><p><strong><em>1.78 PLN\/kWh<\/em><\/strong><\/p><\/td><\/tr><tr><td style=\"width:57.7969px;width:57.7969px\"><p><em>DC<\/em><\/p><\/td><td style=\"width:57.9375px;width:57.9375px\"><p><em>l\u012bdz 60 kW<\/em><\/p><\/td><td style=\"width:53.7188px;width:53.7188px\"><p><em>2.35 PLN\/kWh<\/em><\/p><\/td><td style=\"width:309.547px;width:309.547px\"><p><strong><em>2.35 PLN\/kWh<\/em><\/strong><\/p><\/td><\/tr><tr><td style=\"width:57.7969px;width:57.7969px\"><p><em>DC<\/em><\/p><\/td><td style=\"width:57.9375px;width:57.9375px\"><p><em>no 61 kW l\u012bdz 150 kW<\/em><\/p><\/td><td style=\"width:53.7188px;width:53.7188px\"><p><em>2.45 PLN\/kWh<\/em><\/p><\/td><td style=\"width:309.547px;width:309.547px\"><p><strong><em>2.35 PLN\/kWh<\/em><\/strong><\/p><\/td><\/tr><tr><td style=\"width:57.7969px;width:57.7969px\"><p><em>DC<\/em><\/p><\/td><td style=\"width:57.9375px;width:57.9375px\"><p><em>virs 150 kW<\/em><\/p><\/td><td style=\"width:53.7188px;width:53.7188px\"><p><em>2.66 PLN\/kWh<\/em><\/p><\/td><td style=\"width:309.547px;width:309.547px\"><p><strong><em>2.35 PLN\/kWh<\/em><\/strong><\/p><\/td><\/tr><\/tbody><\/table><p>* Bruto cenas<\/p><p>* Akcija startam ir\u00a0sp\u0113k\u0101 7 dienas no\u00a0jaunatv\u0113rt\u0101s uzl\u0101des stacijas palai\u0161anas br\u012b\u017ea<\/p><p><strong>\u0100tra uzl\u0101de un intuit\u012bvi maks\u0101jumi Budimex stacij\u0101s<\/strong><\/p><p>Budimex Mobility t\u012bkl\u0101 jau ir\u00a0aptuveni 200 staciju, t.i., vair\u0101k nek\u0101 400 uzl\u0101des punktu vis\u0101 valst\u012b \u2013 no\u00a0Manufaktura Lodz\u0101, caur viesn\u012bcu Ar\u0142am\u00f3w l\u012bdz Jakuszyce un Zakopanei. Tom\u0113r uz\u0146\u0113mums nepal\u0113nin\u0101s. Strat\u0113\u0123iskais m\u0113r\u0137is ir\u00a0500 uzl\u0101des punkti, priek\u0161roku dodot l\u012bdzstr\u0101vas \u0101trajiem l\u0101d\u0113t\u0101jiem. Dr\u012bz kartei pievienosies citas vietas, m.in.\u00a0Chorz\u00f3w un Ciechan\u00f3w. Visas stacijas darbojas 24\/7, garant\u0113jot autovad\u012bt\u0101jiem piln\u012bgu pieejam\u012bbu jebkur\u0101 diennakts laik\u0101.<\/p><p>Lai apmierin\u0101tu lietot\u0101ju vajadz\u012bbas, uz\u0146\u0113mums koncentr\u0113jas uz maksim\u0101lu pakalpojumu \u0113rt\u012bbu:<\/p><ul><li>Intuit\u012bvi maks\u0101jumi: liel\u0101kaj\u0101 da\u013c\u0101 jauno staciju j\u016bs varat nor\u0113\u0137in\u0101ties tie\u0161i ar\u00a0maks\u0101jumu karti bez\u00a0re\u0123istr\u0101cijas, un lietot\u0101jiem, kuri v\u0113las p\u0101rvald\u012bt savu sesiju no\u00a0viedt\u0101lru\u0146a, ir\u00a0pieejama Elocity lietotne.<\/li><li>Vienk\u0101r\u0161a mar\u0161ruta pl\u0101no\u0161ana: visas atra\u0161an\u0101s vietas ir\u00a0redzamas Google Maps, \u013caujot \u0101tri atrast tuv\u0101ko punktu.<\/li><\/ul><p>Pilns staciju saraksts ir\u00a0pieejams: Elektroauto uzl\u0101des stacijas \u2013 Budimex Mobility.<\/p><p><strong>M\u0113s atbalst\u0101m elektromobilit\u0101tes att\u012bst\u012bbu Polij\u0101<\/strong><\/p><p>Efekt\u012bvas un viegli pieejamas infrastrukt\u016bras att\u012bst\u012bba ir\u00a0iz\u0161\u0137iro\u0161a elektromobilit\u0101tes n\u0101kotnei Polij\u0101. Saska\u0146\u0101 ar\u00a0Polijas Automobi\u013cu r\u016bpniec\u012bbas asoci\u0101cijas un Polijas Jaun\u0101s mobilit\u0101tes asoci\u0101cijas datiem 2025. gada beig\u0101s uz Polijas ce\u013ciem bija 237,6 t\u016bksto\u0161i elektrisko vieglo automobi\u013cu, un publiski pieejamo uzl\u0101des punktu skaits palielin\u0101j\u0101s l\u012bdz 11 762, no\u00a0kuriem 37% bija l\u012bdzstr\u0101vas \u0101trie l\u0101d\u0113t\u0101ji. Tas ir\u00a0skaidrs sign\u0101ls par pieaugo\u0161o piepras\u012bjumu p\u0113c \u0101tras, viegli pieejamas uzl\u0101des un liel\u0101kas punktu pieejam\u012bbas, jo \u012bpa\u0161i gar galvenaj\u0101m transporta art\u0113rij\u0101m. Budimex Mobility invest\u012bcijas ir\u00a0tie\u0161a atbilde uz \u0161o pieaugo\u0161o piepras\u012bjumu.<\/p><p><strong>Par Budimex mobilit\u0101ti<\/strong><\/p><p>Budimex Mobility SA ir\u00a0Budimex grupai piedero\u0161s uz\u0146\u0113mums, kura m\u0113r\u0137is ir\u00a0izveidot, b\u016bv\u0113t, apkalpot un ekspluat\u0113t publiski pieejamu elektrisko transportl\u012bdzek\u013cu uzl\u0101des staciju t\u012bklu vis\u0101 valst\u012b. Uz\u0146\u0113mums ir\u00a0re\u0123istr\u0113ts uzl\u0101des staciju operators Alternat\u012bvo degvielu infrastrukt\u016bras re\u0123istr\u0101 (EIPA). Ar\u00a0uzl\u0101des staciju t\u012bkla izb\u016bvi saist\u012bto uzdevumu nodo\u0161ana uz\u0146\u0113mumam bija atbilde uz pieaugo\u0161aj\u0101m tirgus un pat\u0113r\u0113t\u0101ju v\u0113lm\u0113m infrastrukt\u016bras un m\u016bsdien\u012bgu risin\u0101jumu jom\u0101 elektromobilit\u0101tes jom\u0101.<\/p><\/p><\/div>\n                            <\/div>\n                                                                                                                                <\/div>\n    <\/div>\n<\/section> \n    <section id=\"block_8520c732490f2bb5bf41edd54365bf88\" class=\"gallery-section section-margin-120\" data-per-page=\"8\" data-per-row=\"4\" data-type=\"zdjecia\">\n        <div class=\"container\">\n            <div class=\"row\">\n                                    <div class=\"col-24\">\n                        <h2 class=\"gallery-section__title under-h2\">Galerija<\/h2>\n                    <\/div>\n                            <\/div>\n            <div class=\"row\">\n                <div class=\"col-24\">\n                                                                        <div class=\"gallery-section__grid gallery-section__grid--4\">\n                                \n                        <div class=\"gallery-section__image gallery-section__image--single\">\n                <a href=\"https:\/\/bdm-stg.mda.pl\/app\/uploads\/2026\/03\/dsc0972-32.jpg\">\n                                        <img loading=\"lazy\" decoding=\"async\" width=\"1400\" height=\"933\" src=\"https:\/\/bdm-stg.mda.pl\/app\/uploads\/2026\/03\/dsc0972-32.jpg\" class=\"attachment-full size-full\" alt=\"\" \/>                                    <\/a>\n                            <\/div>\n                                <div class=\"gallery-section__image gallery-section__image--single\">\n                <a href=\"https:\/\/bdm-stg.mda.pl\/app\/uploads\/2026\/03\/20230711_125623-32-scaled.jpg\">\n                                        <img loading=\"lazy\" decoding=\"async\" width=\"2560\" height=\"1920\" src=\"https:\/\/bdm-stg.mda.pl\/app\/uploads\/2026\/03\/20230711_125623-32-scaled.jpg\" class=\"attachment-full size-full\" alt=\"\" \/>                                    <\/a>\n                            <\/div>\n                                <div class=\"gallery-section__image gallery-section__image--single\">\n                <a href=\"https:\/\/bdm-stg.mda.pl\/app\/uploads\/2026\/03\/dsc0815-32-scaled.jpg\">\n                                        <img loading=\"lazy\" decoding=\"async\" width=\"2560\" height=\"1707\" src=\"https:\/\/bdm-stg.mda.pl\/app\/uploads\/2026\/03\/dsc0815-32-scaled.jpg\" class=\"attachment-full size-full\" alt=\"\" \/>                                    <\/a>\n                            <\/div>\n                                <div class=\"gallery-section__image gallery-section__image--single\">\n                <a href=\"https:\/\/bdm-stg.mda.pl\/app\/uploads\/2026\/03\/bx_mobility_1-32.jpg\">\n                                        <img loading=\"lazy\" decoding=\"async\" width=\"1920\" height=\"1200\" src=\"https:\/\/bdm-stg.mda.pl\/app\/uploads\/2026\/03\/bx_mobility_1-32.jpg\" class=\"attachment-full size-full\" alt=\"\" \/>                                    <\/a>\n                            <\/div>\n            \n                            <\/div>\n                                                                                        <\/div>\n            <\/div>\n        <\/div>\n    <\/section>\n ","protected":false},"excerpt":{"rendered":"","protected":false},"featured_media":0,"parent":0,"template":"","press_type":[],"acf":[],"yoast_head":"<!-- This site is optimized with the Yoast SEO plugin v22.5 - https:\/\/yoast.com\/wordpress\/plugins\/seo\/ -->\n<title>Budimex Mobility &ndash; jauns cenr\u0101dis un akcijas s\u0101kumam - Budimex<\/title>\n<meta name=\"robots\" content=\"noindex, follow, max-snippet:-1, max-image-preview:large, max-video-preview:-1\" \/>\n<meta property=\"og:locale\" content=\"lv_LV\" \/>\n<meta property=\"og:type\" content=\"article\" \/>\n<meta property=\"og:title\" content=\"Budimex Mobility &ndash; jauns cenr\u0101dis un akcijas s\u0101kumam - Budimex\" \/>\n<meta property=\"og:url\" content=\"https:\/\/bdm-stg.mda.pl\/lv\/informacje-prasowe\/budimex-mobility-jauns-cenradis-un-akcijas-sakumam\/\" \/>\n<meta property=\"og:site_name\" content=\"Budimex\" \/>\n<meta property=\"article:modified_time\" content=\"2026-03-03T11:03:05+00:00\" \/>\n<meta name=\"twitter:card\" content=\"summary_large_image\" \/>\n<script type=\"application\/ld+json\" class=\"yoast-schema-graph\">{\"@context\":\"https:\/\/schema.org\",\"@graph\":[{\"@type\":\"WebPage\",\"@id\":\"https:\/\/bdm-stg.mda.pl\/lv\/informacje-prasowe\/budimex-mobility-jauns-cenradis-un-akcijas-sakumam\/\",\"url\":\"https:\/\/bdm-stg.mda.pl\/lv\/informacje-prasowe\/budimex-mobility-jauns-cenradis-un-akcijas-sakumam\/\",\"name\":\"Budimex Mobility &ndash; jauns cenr\u0101dis un akcijas s\u0101kumam - Budimex\",\"isPartOf\":{\"@id\":\"https:\/\/bdm-stg.mda.pl\/lv\/#website\"},\"datePublished\":\"2026-03-02T09:16:10+00:00\",\"dateModified\":\"2026-03-03T11:03:05+00:00\",\"breadcrumb\":{\"@id\":\"https:\/\/bdm-stg.mda.pl\/lv\/informacje-prasowe\/budimex-mobility-jauns-cenradis-un-akcijas-sakumam\/#breadcrumb\"},\"inLanguage\":\"lv-LV\",\"potentialAction\":[{\"@type\":\"ReadAction\",\"target\":[\"https:\/\/bdm-stg.mda.pl\/lv\/informacje-prasowe\/budimex-mobility-jauns-cenradis-un-akcijas-sakumam\/\"]}]},{\"@type\":\"BreadcrumbList\",\"@id\":\"https:\/\/bdm-stg.mda.pl\/lv\/informacje-prasowe\/budimex-mobility-jauns-cenradis-un-akcijas-sakumam\/#breadcrumb\",\"itemListElement\":[{\"@type\":\"ListItem\",\"position\":1,\"name\":\"Strona g\u0142\u00f3wna\",\"item\":\"https:\/\/bdm-stg.mda.pl\/lv\/\"},{\"@type\":\"ListItem\",\"position\":2,\"name\":\"Budimex Mobility &ndash; jauns cenr\u0101dis un akcijas s\u0101kumam\"}]},{\"@type\":\"WebSite\",\"@id\":\"https:\/\/bdm-stg.mda.pl\/lv\/#website\",\"url\":\"https:\/\/bdm-stg.mda.pl\/lv\/\",\"name\":\"Budimex\",\"description\":\"\",\"potentialAction\":[{\"@type\":\"SearchAction\",\"target\":{\"@type\":\"EntryPoint\",\"urlTemplate\":\"https:\/\/bdm-stg.mda.pl\/lv\/?s={search_term_string}\"},\"query-input\":\"required name=search_term_string\"}],\"inLanguage\":\"lv-LV\"}]}<\/script>\n<!-- \/ Yoast SEO plugin. -->","yoast_head_json":{"title":"Budimex Mobility &ndash; jauns cenr\u0101dis un akcijas s\u0101kumam - Budimex","robots":{"index":"noindex","follow":"follow","max-snippet":"max-snippet:-1","max-image-preview":"max-image-preview:large","max-video-preview":"max-video-preview:-1"},"og_locale":"lv_LV","og_type":"article","og_title":"Budimex Mobility &ndash; jauns cenr\u0101dis un akcijas s\u0101kumam - Budimex","og_url":"https:\/\/bdm-stg.mda.pl\/lv\/informacje-prasowe\/budimex-mobility-jauns-cenradis-un-akcijas-sakumam\/","og_site_name":"Budimex","article_modified_time":"2026-03-03T11:03:05+00:00","twitter_card":"summary_large_image","schema":{"@context":"https:\/\/schema.org","@graph":[{"@type":"WebPage","@id":"https:\/\/bdm-stg.mda.pl\/lv\/informacje-prasowe\/budimex-mobility-jauns-cenradis-un-akcijas-sakumam\/","url":"https:\/\/bdm-stg.mda.pl\/lv\/informacje-prasowe\/budimex-mobility-jauns-cenradis-un-akcijas-sakumam\/","name":"Budimex Mobility &ndash; jauns cenr\u0101dis un akcijas s\u0101kumam - Budimex","isPartOf":{"@id":"https:\/\/bdm-stg.mda.pl\/lv\/#website"},"datePublished":"2026-03-02T09:16:10+00:00","dateModified":"2026-03-03T11:03:05+00:00","breadcrumb":{"@id":"https:\/\/bdm-stg.mda.pl\/lv\/informacje-prasowe\/budimex-mobility-jauns-cenradis-un-akcijas-sakumam\/#breadcrumb"},"inLanguage":"lv-LV","potentialAction":[{"@type":"ReadAction","target":["https:\/\/bdm-stg.mda.pl\/lv\/informacje-prasowe\/budimex-mobility-jauns-cenradis-un-akcijas-sakumam\/"]}]},{"@type":"BreadcrumbList","@id":"https:\/\/bdm-stg.mda.pl\/lv\/informacje-prasowe\/budimex-mobility-jauns-cenradis-un-akcijas-sakumam\/#breadcrumb","itemListElement":[{"@type":"ListItem","position":1,"name":"Strona g\u0142\u00f3wna","item":"https:\/\/bdm-stg.mda.pl\/lv\/"},{"@type":"ListItem","position":2,"name":"Budimex Mobility &ndash; jauns cenr\u0101dis un akcijas s\u0101kumam"}]},{"@type":"WebSite","@id":"https:\/\/bdm-stg.mda.pl\/lv\/#website","url":"https:\/\/bdm-stg.mda.pl\/lv\/","name":"Budimex","description":"","potentialAction":[{"@type":"SearchAction","target":{"@type":"EntryPoint","urlTemplate":"https:\/\/bdm-stg.mda.pl\/lv\/?s={search_term_string}"},"query-input":"required name=search_term_string"}],"inLanguage":"lv-LV"}]}},"_links":{"self":[{"href":"https:\/\/bdm-stg.mda.pl\/lv\/wp-json\/wp\/v2\/press\/311407"}],"collection":[{"href":"https:\/\/bdm-stg.mda.pl\/lv\/wp-json\/wp\/v2\/press"}],"about":[{"href":"https:\/\/bdm-stg.mda.pl\/lv\/wp-json\/wp\/v2\/types\/press"}],"version-history":[{"count":3,"href":"https:\/\/bdm-stg.mda.pl\/lv\/wp-json\/wp\/v2\/press\/311407\/revisions"}],"predecessor-version":[{"id":312710,"href":"https:\/\/bdm-stg.mda.pl\/lv\/wp-json\/wp\/v2\/press\/311407\/revisions\/312710"}],"wp:attachment":[{"href":"https:\/\/bdm-stg.mda.pl\/lv\/wp-json\/wp\/v2\/media?parent=311407"}],"wp:term":[{"taxonomy":"press_type","embeddable":true,"href":"https:\/\/bdm-stg.mda.pl\/lv\/wp-json\/wp\/v2\/press_type?post=311407"}],"curies":[{"name":"wp","href":"https:\/\/api.w.org\/{rel}","templated":true}]}}