{"id":312872,"date":"2026-03-03T12:03:03","date_gmt":"2026-03-03T12:03:03","guid":{"rendered":"https:\/\/bdm-stg.mda.pl\/informacje-prasowe\/tiek-uzsakta-budimex-prakses-programma-2026-gandriz-400-vietas-gaida-studentus-un-tehniskos-skolenus-no-visas-polijas\/"},"modified":"2026-03-04T14:00:39","modified_gmt":"2026-03-04T14:00:39","slug":"tiek-uzsakta-budimex-prakses-programma-2026-gandriz-400-vietas-gaida-studentus-un-tehniskos-skolenus-no-visas-polijas","status":"publish","type":"press","link":"https:\/\/bdm-stg.mda.pl\/lv\/informacje-prasowe\/tiek-uzsakta-budimex-prakses-programma-2026-gandriz-400-vietas-gaida-studentus-un-tehniskos-skolenus-no-visas-polijas\/","title":{"rendered":"Tiek uzs\u0101kta Budimex prakses programma 2026 &ndash; gandr\u012bz 400 vietas gaida studentus un tehniskos skol\u0113nus no visas Polijas"},"content":{"rendered":"\n<section id=\"block_8f49a970d5fe3fd3aa4eaedc4e47d1bb\" class=\"text-block   -hide-dots section-margin-120\">\n    <div class=\"container\">\n        <div class=\"row\">\n            <div class=\"col-24 col-lg-16\">\n                                    <p class=\"typo-18 under-p-medium color-gray-120 text-block__date\">03.03.2026<\/p>\n                                                    <div class=\"text-block__top-texts under-h2\">\n                        <h2 class=\"text-block__title under-p-big\">Tiek uzs\u0101kta Budimex prakses programma 2026 \u2013 gandr\u012bz 400 vietas gaida studentus un tehniskos skol\u0113nus no\u00a0visas Polijas<\/h2>\n                                                    <p class=\"typo-18 under-p-medium color-gray-120\">\n                                \n<div class=\"card-share card-share--flex\">\n    <div class=\"card-share__inner\">\n        <p class=\"card-share__title typo-18\">Udost\u0119pnij artyku\u0142<\/p>\n        <div class=\"card-share__links\">\n            <div class=\"card-share__link card-share__link--facebook\">\n                <a href=\"https:\/\/www.facebook.com\/sharer\/sharer.php?u=https:\/\/bdm-stg.mda.pl\/lv\/informacje-prasowe\/tiek-uzsakta-budimex-prakses-programma-2026-gandriz-400-vietas-gaida-studentus-un-tehniskos-skolenus-no-visas-polijas\/\" target=\"_blank\">\n                    <span class=\"card-share__linkIcon icon icon-facebook d-flex\"><\/span>\n                <\/a>\n            <\/div>\n            <div class=\"card-share__link card-share__link--linkedin\">\n                <a href=\"https:\/\/www.linkedin.com\/shareArticle?mini=true&#038;url=https:\/\/bdm-stg.mda.pl\/lv\/informacje-prasowe\/tiek-uzsakta-budimex-prakses-programma-2026-gandriz-400-vietas-gaida-studentus-un-tehniskos-skolenus-no-visas-polijas\/\" target=\"_blank\" rel=\"nofollow\">\n                    <span class=\"card-share__linkIcon icon icon-linkedin\"><\/span>\n                <\/a>\n            <\/div>\n            <div class=\"card-share__link card-share__link--twitter\">\n                <a href=\"https:\/\/twitter.com\/intent\/tweet?url=https%3A%2F%2Fbdm-stg.mda.pl%2Flv%2Finformacje-prasowe%2Ftiek-uzsakta-budimex-prakses-programma-2026-gandriz-400-vietas-gaida-studentus-un-tehniskos-skolenus-no-visas-polijas%2F\" target=\"_blank\" rel=\"nofollow\">\n                    <span class=\"card-share__linkIcon icon icon-x\"><\/span>\n                <\/a>\n            <\/div>\n        <\/div>\n    <\/div>\n<\/div>                            <\/p>\n                                            <\/div>\n                                                                                    <div class=\"text-block__text text-editor\"><p><p><strong>Tiek uzs\u0101kta rekordliela Budimex akad\u0113mijas prakses programma, kas \u013cauj jaunie\u0161iem g\u016bt pieredzi strat\u0113\u0123isko b\u016bvniec\u012bbas invest\u012bciju \u012bsteno\u0161an\u0101 vis\u0101 Polij\u0101. \u0160ogad uz\u0146\u0113mums ir\u00a0sagatavojis vair\u0101k nek\u0101 300 maksas vietas studentiem un desmitiem pied\u0101v\u0101jumu tehniskajiem studentiem 75 viet\u0101s vis\u0101 valst\u012b. Pie\u0146em\u0161ana darb\u0101 s\u0101kas 2&nbsp;. mart\u0101 un ilgs l\u012bdz j\u016bnija beig\u0101m.<\/strong><\/p><p>Budimex akad\u0113mijas prakses programma ir\u00a0viena no\u00a0liel\u0101kaj\u0101m izgl\u012bt\u012bbas iniciat\u012bv\u0101m&nbsp;b\u016bvniec\u012bbas nozar\u0113 Polij\u0101. \u0160ogad studenti str\u0101d\u0101s b\u016bvlaukumos un uz\u0146\u0113muma birojos 75 viet\u0101s 14 provinc\u0113s, k\u0101 ar\u012b pirmo reizi \u0101rzem\u0113s \u2013 Tallin\u0101, Igaunij\u0101. Programma ilgs no\u00a0marta l\u012bdz septembra beig\u0101m, lai gan liel\u0101k\u0101 da\u013ca prakses ir\u00a0pl\u0101notas vasaras period\u0101, lai t\u0101s netrauc\u0113tu nodarb\u012bb\u0101m akad\u0113misk\u0101 gada laik\u0101. Pieteikumus dal\u012bbai programm\u0101 var iesniegt <a href=\"http:\/\/www.akademiabudimex.pl\" rel=\"noopener\">, izmantojot www.akademiabudimex.pl<\/a> vietni.&nbsp;<\/p><p>&#8221; <em>M\u0113s ieejam desmit gadu milz\u012bg\u0101s invest\u012bcij\u0101s infrastrukt\u016br\u0101 Polij\u0101, kas pras\u012bs t\u016bksto\u0161iem labi sagatavotu speci\u0101listu. Budimex m\u0113s ne\u00a0tikai nov\u0113rojam \u0161\u012bs izmai\u0146as, bet ar\u012b akt\u012bvi atbalst\u0101m n\u0101kotnes darbinieku att\u012bst\u012bbu. M\u016bsu prakses programma ir\u00a0\u012bsts s\u0101kums jaunie\u0161iem nozar\u0113, kas \u0161odien ir\u00a0viena no\u00a0inovat\u012bv\u0101kaj\u0101m un visstrauj\u0101k augo\u0161aj\u0101m ekonomikas nozar\u0113m<\/em> ,&#8221; saka Anna Kary\u015b-Sosi\u0144ska, Budimex SA valdes locekle, Cilv\u0113kresursu vad\u012bbas noda\u013cas direktore.<br><br><\/p><p><strong>Prakse Budimex \u2013 iesp\u0113ja uzs\u0101kt karjeru ne\u00a0tikai in\u017eenieriem<\/strong><\/p><p>Budimex akad\u0113mijas prakses programma ir\u00a0paredz\u0113ta ne\u00a0tikai in\u017eenierzin\u0101t\u0146u un saist\u012bto jomu studentiem, bet ar\u012b cilv\u0113kiem, kurus interes\u0113 karjera&nbsp;t\u0101d\u0101s jom\u0101s k\u0101 cilv\u0113kresursi, finanses, ties\u012bbas, vesel\u012bba un dro\u0161\u012bba, IT un inov\u0101cijas. M\u0101cek\u013ci var g\u016bt pieredzi gan b\u016bvlaukumos, gan b\u016bvniec\u012bbas uz\u0146\u0113mumu ekonomiskajos birojos vis\u0101 Polij\u0101, k\u0101 ar\u012b uz\u0146\u0113muma galvenaj\u0101 m\u012btn\u0113 \u2013 m.in IT biroj\u0101, Finan\u0161u noda\u013c\u0101, Juridiskaj\u0101 biroj\u0101, Tehniskaj\u0101 biroj\u0101, Inov\u0101ciju noda\u013c\u0101 vai Garantijas noda\u013c\u0101s. K\u0101 katru gadu, visas prakses tiek apmaks\u0101tas.<\/p><p><em>&#8220;Dal\u012bbnieki gadiem ilgi ir\u00a0\u013coti augstu nov\u0113rt\u0113ju\u0161i m\u016bsu programmu. Studenti \u012bpa\u0161i nov\u0113rt\u0113 ievie\u0161anas procesu, darba atmosf\u0113ru, sadarb\u012bbu ar\u00a0vad\u012bt\u0101ju un komandu, k\u0101 ar\u012b ambiciozus, att\u012bsto\u0161us uzdevumus. Gandr\u012bz 60% dal\u012bbnieku pazi\u0146o par v\u0113lmi turpin\u0101t str\u0101d\u0101t uz\u0146\u0113mum\u0101, un vair\u0101k nek\u0101 20% m\u0101cek\u013cu paliek Budimex past\u0101v\u012bgi vai atgrie\u017eas n\u0101kamaj\u0101 programmas izdevum\u0101 <\/em>\u2013 <strong>piebilst<\/strong> <strong>Anna Kary\u015b-Sosi\u0144ska<\/strong>.<\/p><p><strong><br>Prakse tehnikuma audz\u0113k\u0146iem \u2013 ieguld\u012bjums jaun\u0101kajos talantos<\/strong><\/p><p>Taj\u0101 pa\u0161\u0101 laik\u0101 Budimex izstr\u0101d\u0101 m\u0101cekl\u012bbas programmu b\u016bvtehni\u0137u studentiem, kurai \u0161ogad b\u016bs piektais izdevums. Vair\u0101kiem desmitiem jaunie\u0161u b\u016bs iesp\u0113ja ieg\u016bt re\u0101lu profesion\u0101lo pieredzi, att\u012bst\u012bt gan tehnisk\u0101s, gan visp\u0101r\u012bg\u0101s kompetences \u012bpa\u0161a pasniedz\u0113ja uzraudz\u012bb\u0101 un izveidot nozares kontaktu t\u012bklu. Studenti var piedal\u012bties ar\u012b papildu integr\u0101cijas iniciat\u012bv\u0101s un konkursos, un lab\u0101kie no\u00a0vi\u0146iem sa\u0146ems finan\u0161u stipendiju. Kopum\u0101 l\u012bdz \u0161im \u010detros programmas izdevumos jau ir\u00a0piedal\u012bju\u0161ies 213 studenti.<br><br><\/p><p>&nbsp;<\/p><p><strong>Budimex konsekventi iegulda jauno talantu att\u012bst\u012bb\u0101<\/strong><\/p><p>Budimex akad\u0113mijas ietvaros veikt\u0101s aktivit\u0101tes ir\u00a0da\u013ca no\u00a0uz\u0146\u0113muma ilgtermi\u0146a strat\u0113\u0123ijas, kas v\u0113rsta uz topo\u0161o b\u016bvniec\u012bbas nozares darbinieku kompeten\u010du veido\u0161anu. Jau vair\u0101kus gadus uz\u0146\u0113mums att\u012bsta sadarb\u012bbu ar\u00a0tehniskaj\u0101m un ekonomiskaj\u0101m augstskol\u0101m, iesaistoties p\u0113tniec\u012bbas un att\u012bst\u012bbas projektos un iniciat\u012bv\u0101s, kas atbalsta studentu praktisko iema\u0146u att\u012bst\u012bbu.<\/p><p>Budimex rada ar\u012b m\u016bsdien\u012bgas telpas, kas veicina m\u0101c\u012b\u0161anos un integr\u0101ciju. Budimex zonas tika izveidotas, m.in, Stanis\u0142aw Noakowski Arhitekt\u016bras un b\u016bvniec\u012bbas tehniskaj\u0101 skol\u0101 Var\u0161av\u0101 un Bjalistokas Tehnolo\u0123iju universit\u0101t\u0113.<\/p><p>Uz\u0146\u0113mums ir\u00a0nosl\u0113dzis 27 sadarb\u012bbas l\u012bgumus ar\u00a0universit\u0101t\u0113m un izveidojis strat\u0113\u0123iskas partner\u012bbas ar\u00a053 skol\u0101m vis\u0101 valst\u012b. Pateicoties Budimex izgl\u012bt\u012bbas un partneru programm\u0101m, piem\u0113ram, Budimex akad\u0113mijai vai V\u0113stnieku programmai, vair\u0101k nek\u0101 3,000 jaunie\u0161u jau ir\u00a0ieguvu\u0161i savu pirmo profesion\u0101lo pieredzi b\u016bvniec\u012bbas nozar\u0113.<\/p><\/p><\/div>\n                            <\/div>\n                                                                                                                                <\/div>\n    <\/div>\n<\/section> \n    <section id=\"block_e12dda44b5b1eb4ae19e0c7940615976\" class=\"gallery-section section-margin-120\" data-per-page=\"8\" data-per-row=\"4\" data-type=\"zdjecia\">\n        <div class=\"container\">\n            <div class=\"row\">\n                                    <div class=\"col-24\">\n                        <h2 class=\"gallery-section__title under-h2\">Galerija<\/h2>\n                    <\/div>\n                            <\/div>\n            <div class=\"row\">\n                <div class=\"col-24\">\n                                                                        <div class=\"gallery-section__grid gallery-section__grid--4\">\n                                \n                        <div class=\"gallery-section__image gallery-section__image--single\">\n                <a href=\"https:\/\/bdm-stg.mda.pl\/app\/uploads\/2026\/03\/large_02_budimex_kariera_fb_mapa_targi_pracy_v2-32.png\">\n                                        <img loading=\"lazy\" decoding=\"async\" width=\"1080\" height=\"1080\" src=\"https:\/\/bdm-stg.mda.pl\/app\/uploads\/2026\/03\/large_02_budimex_kariera_fb_mapa_targi_pracy_v2-32.png\" class=\"attachment-full size-full\" alt=\"\" \/>                                    <\/a>\n                            <\/div>\n                                <div class=\"gallery-section__image gallery-section__image--single\">\n                <a href=\"https:\/\/bdm-stg.mda.pl\/app\/uploads\/2026\/03\/plakat_-32-scaled.jpg\">\n                                        <img loading=\"lazy\" decoding=\"async\" width=\"1811\" height=\"2560\" src=\"https:\/\/bdm-stg.mda.pl\/app\/uploads\/2026\/03\/plakat_-32-scaled.jpg\" class=\"attachment-full size-full\" alt=\"\" \/>                                    <\/a>\n                            <\/div>\n                                <div class=\"gallery-section__image gallery-section__image--single\">\n                <a href=\"https:\/\/bdm-stg.mda.pl\/app\/uploads\/2026\/03\/ulotka_iinformacja_prasowa-32.jpg\">\n                                        <img loading=\"lazy\" decoding=\"async\" width=\"2382\" height=\"1124\" src=\"https:\/\/bdm-stg.mda.pl\/app\/uploads\/2026\/03\/ulotka_iinformacja_prasowa-32.jpg\" class=\"attachment-full size-full\" alt=\"\" \/>                                    <\/a>\n                            <\/div>\n                                <div class=\"gallery-section__image gallery-section__image--single\">\n                <a href=\"https:\/\/bdm-stg.mda.pl\/app\/uploads\/2026\/03\/ulotka_informacja_prasowa-32.png\">\n                                        <img loading=\"lazy\" decoding=\"async\" width=\"2382\" height=\"1124\" src=\"https:\/\/bdm-stg.mda.pl\/app\/uploads\/2026\/03\/ulotka_informacja_prasowa-32.png\" class=\"attachment-full size-full\" alt=\"\" \/>                                    <\/a>\n                            <\/div>\n            \n                            <\/div>\n                                                                                        <\/div>\n            <\/div>\n        <\/div>\n    <\/section>\n ","protected":false},"excerpt":{"rendered":"","protected":false},"featured_media":0,"parent":0,"template":"","press_type":[],"acf":[],"yoast_head":"<!-- This site is optimized with the Yoast SEO plugin v22.5 - https:\/\/yoast.com\/wordpress\/plugins\/seo\/ -->\n<title>Tiek uzs\u0101kta Budimex prakses programma 2026 &ndash; gandr\u012bz 400 vietas gaida studentus un tehniskos skol\u0113nus no visas Polijas - Budimex<\/title>\n<meta name=\"robots\" content=\"noindex, follow, max-snippet:-1, max-image-preview:large, max-video-preview:-1\" \/>\n<meta property=\"og:locale\" content=\"lv_LV\" \/>\n<meta property=\"og:type\" content=\"article\" \/>\n<meta property=\"og:title\" content=\"Tiek uzs\u0101kta Budimex prakses programma 2026 &ndash; gandr\u012bz 400 vietas gaida studentus un tehniskos skol\u0113nus no visas Polijas - Budimex\" \/>\n<meta property=\"og:url\" content=\"https:\/\/bdm-stg.mda.pl\/lv\/informacje-prasowe\/tiek-uzsakta-budimex-prakses-programma-2026-gandriz-400-vietas-gaida-studentus-un-tehniskos-skolenus-no-visas-polijas\/\" \/>\n<meta property=\"og:site_name\" content=\"Budimex\" \/>\n<meta property=\"article:modified_time\" content=\"2026-03-04T14:00:39+00:00\" \/>\n<meta name=\"twitter:card\" content=\"summary_large_image\" \/>\n<script type=\"application\/ld+json\" class=\"yoast-schema-graph\">{\"@context\":\"https:\/\/schema.org\",\"@graph\":[{\"@type\":\"WebPage\",\"@id\":\"https:\/\/bdm-stg.mda.pl\/lv\/informacje-prasowe\/tiek-uzsakta-budimex-prakses-programma-2026-gandriz-400-vietas-gaida-studentus-un-tehniskos-skolenus-no-visas-polijas\/\",\"url\":\"https:\/\/bdm-stg.mda.pl\/lv\/informacje-prasowe\/tiek-uzsakta-budimex-prakses-programma-2026-gandriz-400-vietas-gaida-studentus-un-tehniskos-skolenus-no-visas-polijas\/\",\"name\":\"Tiek uzs\u0101kta Budimex prakses programma 2026 &ndash; gandr\u012bz 400 vietas gaida studentus un tehniskos skol\u0113nus no visas Polijas - Budimex\",\"isPartOf\":{\"@id\":\"https:\/\/bdm-stg.mda.pl\/lv\/#website\"},\"datePublished\":\"2026-03-03T12:03:03+00:00\",\"dateModified\":\"2026-03-04T14:00:39+00:00\",\"breadcrumb\":{\"@id\":\"https:\/\/bdm-stg.mda.pl\/lv\/informacje-prasowe\/tiek-uzsakta-budimex-prakses-programma-2026-gandriz-400-vietas-gaida-studentus-un-tehniskos-skolenus-no-visas-polijas\/#breadcrumb\"},\"inLanguage\":\"lv-LV\",\"potentialAction\":[{\"@type\":\"ReadAction\",\"target\":[\"https:\/\/bdm-stg.mda.pl\/lv\/informacje-prasowe\/tiek-uzsakta-budimex-prakses-programma-2026-gandriz-400-vietas-gaida-studentus-un-tehniskos-skolenus-no-visas-polijas\/\"]}]},{\"@type\":\"BreadcrumbList\",\"@id\":\"https:\/\/bdm-stg.mda.pl\/lv\/informacje-prasowe\/tiek-uzsakta-budimex-prakses-programma-2026-gandriz-400-vietas-gaida-studentus-un-tehniskos-skolenus-no-visas-polijas\/#breadcrumb\",\"itemListElement\":[{\"@type\":\"ListItem\",\"position\":1,\"name\":\"Strona g\u0142\u00f3wna\",\"item\":\"https:\/\/bdm-stg.mda.pl\/lv\/\"},{\"@type\":\"ListItem\",\"position\":2,\"name\":\"Tiek uzs\u0101kta Budimex prakses programma 2026 &ndash; gandr\u012bz 400 vietas gaida studentus un tehniskos skol\u0113nus no visas Polijas\"}]},{\"@type\":\"WebSite\",\"@id\":\"https:\/\/bdm-stg.mda.pl\/lv\/#website\",\"url\":\"https:\/\/bdm-stg.mda.pl\/lv\/\",\"name\":\"Budimex\",\"description\":\"\",\"potentialAction\":[{\"@type\":\"SearchAction\",\"target\":{\"@type\":\"EntryPoint\",\"urlTemplate\":\"https:\/\/bdm-stg.mda.pl\/lv\/?s={search_term_string}\"},\"query-input\":\"required name=search_term_string\"}],\"inLanguage\":\"lv-LV\"}]}<\/script>\n<!-- \/ Yoast SEO plugin. -->","yoast_head_json":{"title":"Tiek uzs\u0101kta Budimex prakses programma 2026 &ndash; gandr\u012bz 400 vietas gaida studentus un tehniskos skol\u0113nus no visas Polijas - Budimex","robots":{"index":"noindex","follow":"follow","max-snippet":"max-snippet:-1","max-image-preview":"max-image-preview:large","max-video-preview":"max-video-preview:-1"},"og_locale":"lv_LV","og_type":"article","og_title":"Tiek uzs\u0101kta Budimex prakses programma 2026 &ndash; gandr\u012bz 400 vietas gaida studentus un tehniskos skol\u0113nus no visas Polijas - Budimex","og_url":"https:\/\/bdm-stg.mda.pl\/lv\/informacje-prasowe\/tiek-uzsakta-budimex-prakses-programma-2026-gandriz-400-vietas-gaida-studentus-un-tehniskos-skolenus-no-visas-polijas\/","og_site_name":"Budimex","article_modified_time":"2026-03-04T14:00:39+00:00","twitter_card":"summary_large_image","schema":{"@context":"https:\/\/schema.org","@graph":[{"@type":"WebPage","@id":"https:\/\/bdm-stg.mda.pl\/lv\/informacje-prasowe\/tiek-uzsakta-budimex-prakses-programma-2026-gandriz-400-vietas-gaida-studentus-un-tehniskos-skolenus-no-visas-polijas\/","url":"https:\/\/bdm-stg.mda.pl\/lv\/informacje-prasowe\/tiek-uzsakta-budimex-prakses-programma-2026-gandriz-400-vietas-gaida-studentus-un-tehniskos-skolenus-no-visas-polijas\/","name":"Tiek uzs\u0101kta Budimex prakses programma 2026 &ndash; gandr\u012bz 400 vietas gaida studentus un tehniskos skol\u0113nus no visas Polijas - Budimex","isPartOf":{"@id":"https:\/\/bdm-stg.mda.pl\/lv\/#website"},"datePublished":"2026-03-03T12:03:03+00:00","dateModified":"2026-03-04T14:00:39+00:00","breadcrumb":{"@id":"https:\/\/bdm-stg.mda.pl\/lv\/informacje-prasowe\/tiek-uzsakta-budimex-prakses-programma-2026-gandriz-400-vietas-gaida-studentus-un-tehniskos-skolenus-no-visas-polijas\/#breadcrumb"},"inLanguage":"lv-LV","potentialAction":[{"@type":"ReadAction","target":["https:\/\/bdm-stg.mda.pl\/lv\/informacje-prasowe\/tiek-uzsakta-budimex-prakses-programma-2026-gandriz-400-vietas-gaida-studentus-un-tehniskos-skolenus-no-visas-polijas\/"]}]},{"@type":"BreadcrumbList","@id":"https:\/\/bdm-stg.mda.pl\/lv\/informacje-prasowe\/tiek-uzsakta-budimex-prakses-programma-2026-gandriz-400-vietas-gaida-studentus-un-tehniskos-skolenus-no-visas-polijas\/#breadcrumb","itemListElement":[{"@type":"ListItem","position":1,"name":"Strona g\u0142\u00f3wna","item":"https:\/\/bdm-stg.mda.pl\/lv\/"},{"@type":"ListItem","position":2,"name":"Tiek uzs\u0101kta Budimex prakses programma 2026 &ndash; gandr\u012bz 400 vietas gaida studentus un tehniskos skol\u0113nus no visas Polijas"}]},{"@type":"WebSite","@id":"https:\/\/bdm-stg.mda.pl\/lv\/#website","url":"https:\/\/bdm-stg.mda.pl\/lv\/","name":"Budimex","description":"","potentialAction":[{"@type":"SearchAction","target":{"@type":"EntryPoint","urlTemplate":"https:\/\/bdm-stg.mda.pl\/lv\/?s={search_term_string}"},"query-input":"required name=search_term_string"}],"inLanguage":"lv-LV"}]}},"_links":{"self":[{"href":"https:\/\/bdm-stg.mda.pl\/lv\/wp-json\/wp\/v2\/press\/312872"}],"collection":[{"href":"https:\/\/bdm-stg.mda.pl\/lv\/wp-json\/wp\/v2\/press"}],"about":[{"href":"https:\/\/bdm-stg.mda.pl\/lv\/wp-json\/wp\/v2\/types\/press"}],"version-history":[{"count":3,"href":"https:\/\/bdm-stg.mda.pl\/lv\/wp-json\/wp\/v2\/press\/312872\/revisions"}],"predecessor-version":[{"id":314092,"href":"https:\/\/bdm-stg.mda.pl\/lv\/wp-json\/wp\/v2\/press\/312872\/revisions\/314092"}],"wp:attachment":[{"href":"https:\/\/bdm-stg.mda.pl\/lv\/wp-json\/wp\/v2\/media?parent=312872"}],"wp:term":[{"taxonomy":"press_type","embeddable":true,"href":"https:\/\/bdm-stg.mda.pl\/lv\/wp-json\/wp\/v2\/press_type?post=312872"}],"curies":[{"name":"wp","href":"https:\/\/api.w.org\/{rel}","templated":true}]}}