{"id":324577,"date":"2026-03-26T13:36:50","date_gmt":"2026-03-26T13:36:50","guid":{"rendered":"https:\/\/bdm-stg.mda.pl\/informacje-prasowe\/budimex-ir-atveris-ceturto-zonu-studentiem-polija-valca-jau-darbojas-jauna-telpa-macibam-atputai-un-sanaksmem\/"},"modified":"2026-03-27T15:42:03","modified_gmt":"2026-03-27T15:42:03","slug":"budimex-ir-atveris-ceturto-zonu-studentiem-polija-valca-jau-darbojas-jauna-telpa-macibam-atputai-un-sanaksmem","status":"publish","type":"press","link":"https:\/\/bdm-stg.mda.pl\/lv\/informacje-prasowe\/budimex-ir-atveris-ceturto-zonu-studentiem-polija-valca-jau-darbojas-jauna-telpa-macibam-atputai-un-sanaksmem\/","title":{"rendered":"Budimex ir atv\u0113ris ceturto zonu studentiem Polij\u0101.Val\u010d\u0101 jau darbojas jauna telpa m\u0101c\u012bb\u0101m, atp\u016btai un san\u0101ksm\u0113m"},"content":{"rendered":"\n<section id=\"block_13a0e3f04d2d268fe08be4d39a1dd6b9\" class=\"text-block   -hide-dots section-margin-120\">\n    <div class=\"container\">\n        <div class=\"row\">\n            <div class=\"col-24 col-lg-16\">\n                                    <p class=\"typo-18 under-p-medium color-gray-120 text-block__date\">26.03.2026<\/p>\n                                                    <div class=\"text-block__top-texts under-h2\">\n                        <h2 class=\"text-block__title under-p-big\">Budimex ir\u00a0atv\u0113ris ceturto zonu studentiem Polij\u0101.Val\u010d\u0101 jau darbojas jauna telpa m\u0101c\u012bb\u0101m, atp\u016btai un san\u0101ksm\u0113m<\/h2>\n                                                    <p class=\"typo-18 under-p-medium color-gray-120\">\n                                \n<div class=\"card-share card-share--flex\">\n    <div class=\"card-share__inner\">\n        <p class=\"card-share__title typo-18\">Udost\u0119pnij artyku\u0142<\/p>\n        <div class=\"card-share__links\">\n            <div class=\"card-share__link card-share__link--facebook\">\n                <a href=\"https:\/\/www.facebook.com\/sharer\/sharer.php?u=https:\/\/bdm-stg.mda.pl\/lv\/informacje-prasowe\/budimex-ir-atveris-ceturto-zonu-studentiem-polija-valca-jau-darbojas-jauna-telpa-macibam-atputai-un-sanaksmem\/\" target=\"_blank\">\n                    <span class=\"card-share__linkIcon icon icon-facebook d-flex\"><\/span>\n                <\/a>\n            <\/div>\n            <div class=\"card-share__link card-share__link--linkedin\">\n                <a href=\"https:\/\/www.linkedin.com\/shareArticle?mini=true&#038;url=https:\/\/bdm-stg.mda.pl\/lv\/informacje-prasowe\/budimex-ir-atveris-ceturto-zonu-studentiem-polija-valca-jau-darbojas-jauna-telpa-macibam-atputai-un-sanaksmem\/\" target=\"_blank\" rel=\"nofollow\">\n                    <span class=\"card-share__linkIcon icon icon-linkedin\"><\/span>\n                <\/a>\n            <\/div>\n            <div class=\"card-share__link card-share__link--twitter\">\n                <a href=\"https:\/\/twitter.com\/intent\/tweet?url=https%3A%2F%2Fbdm-stg.mda.pl%2Flv%2Finformacje-prasowe%2Fbudimex-ir-atveris-ceturto-zonu-studentiem-polija-valca-jau-darbojas-jauna-telpa-macibam-atputai-un-sanaksmem%2F\" target=\"_blank\" rel=\"nofollow\">\n                    <span class=\"card-share__linkIcon icon icon-x\"><\/span>\n                <\/a>\n            <\/div>\n        <\/div>\n    <\/div>\n<\/div>                            <\/p>\n                                            <\/div>\n                                                                                    <div class=\"text-block__text text-editor\"><p><p><strong>Skola nav tikai nodarb\u012bbas, testi un m\u0101c\u012bbu programma. T\u0101 ir\u00a0ar\u012b vieta, kur jaunie\u0161i pavada lielu dienas da\u013cu, veido attiec\u012bbas, att\u012bsta intereses un s\u0101k dom\u0101t par savu profesion\u0101lo n\u0101kotni. \u0145emot v\u0113r\u0101 \u0161\u012bs vajadz\u012bbas, tika izveidota jaun\u0101 &#8220;Budimex zona&#8221;, kas tika izstr\u0101d\u0101ta Val\u010das rajona t\u0101l\u0101kizgl\u012bt\u012bbas un profesion\u0101l\u0101s izgl\u012bt\u012bbas centra un R\u016bpniec\u012bbas prasmju centra lab\u0101.<\/strong><\/p><p>Zonas svin\u012bg\u0101 atkl\u0101\u0161ana notika \u0161\u012b gada 24. mart\u0101, kas ir\u00a0ceturt\u0101 \u0161\u0101da veida telpa, ko\u00a0Budimex atkl\u0101ja Polij\u0101, un v\u0113l viens piem\u0113rs uz\u0146\u0113muma darb\u012bbai tehnisk\u0101s izgl\u012bt\u012bbas un n\u0101kotnes darbinieku att\u012bst\u012bb\u0101 b\u016bvniec\u012bbas nozar\u0113. &#8220;Budimex zona&#8221; ir\u00a0paredz\u0113ta skol\u0113niem katru dienu \u2013 k\u0101 vieta, kur m\u0101c\u012bties, atp\u016bsties un satikties starp nodarb\u012bb\u0101m. T\u0101 ir\u00a0draudz\u012bga un funkcion\u0101la vieta, kurai ir\u00a0j\u0101iedvesmo, j\u0101integr\u0113 un j\u0101veicina intere\u0161u att\u012bst\u012bba.<\/p><p>&#8221; <em>M\u0113s v\u0113lamies b\u016bt kl\u0101t tur, kur veidojas tirg\u016b nepiecie\u0161am\u0101s kompetences, un atbalst\u012bt studentus ne\u00a0tikai ar\u00a0praksi vai nodarb\u012bb\u0101m ar\u00a0ekspertiem, bet ar\u012b radot vietas, kas veicina m\u0101c\u012b\u0161anos, integr\u0101ciju un kaisl\u012bbu atkl\u0101\u0161anu. M\u0113s uzskat\u0101m, ka\u00a0sadarb\u012bba ar\u00a0profesion\u0101laj\u0101m skol\u0101m ir\u00a0re\u0101ls ieguld\u012bjums b\u016bvniec\u012bbas n\u0101kotn\u0113 un jaunie\u0161iem, kuri turpm\u0101kajos gados kop\u012bgi rad\u012bs \u0161o nozari. Budimex zona Val\u010d\u0101 ir\u00a0\u0161\u0101das pieejas izpausme \u2013 t\u0101 iedvesmo studentus un par\u0101da, ka\u00a0b\u016bvniec\u012bba var b\u016bt interesants un daudzsolo\u0161s karjeras ce\u013c\u0161 <\/em>\u2013 saka Pjotrs Mandziaks, Budimex SA l\u012bgumu vad\u012bt\u0101js.<\/p><p>Zonas atv\u0113r\u0161ana ir\u00a0turpin\u0101jums Budimex sadarb\u012bbai ar\u00a0rajona t\u0101l\u0101kizgl\u012bt\u012bbas un profesion\u0101l\u0101s izgl\u012bt\u012bbas centru Val\u010d\u0101. Pag\u0101ju\u0161\u0101 gada oktobr\u012b uz\u0146\u0113mums parakst\u012bja tr\u012bspus\u0113ju l\u012bgumu ar\u00a0skolu un Nozares prasmju centru b\u016bvdarbu jom\u0101. Partner\u012bbas m\u0113r\u0137is ir\u00a0pal\u012bdz\u0113t lab\u0101k sagatavot topo\u0161os profesion\u0101\u013cus ien\u0101k\u0161anai darba tirg\u016b un stiprin\u0101t profesion\u0101l\u0101s izgl\u012bt\u012bbas praktisko dimensiju.<\/p><p>Budimex konsekventi atbalsta jaun\u0101s paaudzes profesion\u0101lo kompeten\u010du stiprin\u0101\u0161anu, iesaistoties tehnisk\u0101s izgl\u012bt\u012bbas projektos. L\u012bdz \u0161im uz\u0146\u0113mums ir\u00a0parakst\u012bjis 27 sadarb\u012bbas l\u012bgumus ar\u00a0universit\u0101t\u0113m un 54 strat\u0113\u0123isk\u0101s partner\u012bbas ar\u00a0skol\u0101m vis\u0101 Polij\u0101.<\/p><p>M\u016bsdien\u0101s Val\u010da un t\u0101s apk\u0101rtne ir\u00a0viens no\u00a0svar\u012bg\u0101kajiem punktiem Budimex invest\u012bciju kart\u0113. Tie\u0161i \u0161aj\u0101 re\u0123ion\u0101 uz\u0146\u0113mums \u012bsteno S10 \u0101trgaitas posmus \u2013 mar\u0161rutu, kas n\u0101kotn\u0113 savienos \u0160\u010decinu ar\u00a0Var\u0161avu un main\u012bs Polijas zieme\u013crietumu transporta sist\u0113mu.<\/p><\/p><\/div>\n                            <\/div>\n                                                                                                                                <\/div>\n    <\/div>\n<\/section> \n    <section id=\"block_c6896f31169810393442ec3f0eb97c46\" class=\"gallery-section section-margin-120\" data-per-page=\"8\" data-per-row=\"4\" data-type=\"zdjecia\">\n        <div class=\"container\">\n            <div class=\"row\">\n                                    <div class=\"col-24\">\n                        <h2 class=\"gallery-section__title under-h2\">Galerija<\/h2>\n                    <\/div>\n                            <\/div>\n            <div class=\"row\">\n                <div class=\"col-24\">\n                                                                        <div class=\"gallery-section__grid gallery-section__grid--4\">\n                                \n                        <div class=\"gallery-section__image gallery-section__image--single\">\n                <a href=\"https:\/\/bdm-stg.mda.pl\/app\/uploads\/2026\/03\/dsc_0400-32-scaled.jpg\">\n                                        <img loading=\"lazy\" decoding=\"async\" width=\"2560\" height=\"1707\" src=\"https:\/\/bdm-stg.mda.pl\/app\/uploads\/2026\/03\/dsc_0400-32-scaled.jpg\" class=\"attachment-full size-full\" alt=\"\" \/>                                    <\/a>\n                            <\/div>\n                                <div class=\"gallery-section__image gallery-section__image--single\">\n                <a href=\"https:\/\/bdm-stg.mda.pl\/app\/uploads\/2026\/03\/dsc_0424-32-scaled.jpg\">\n                                        <img loading=\"lazy\" decoding=\"async\" width=\"2560\" height=\"1707\" src=\"https:\/\/bdm-stg.mda.pl\/app\/uploads\/2026\/03\/dsc_0424-32-scaled.jpg\" class=\"attachment-full size-full\" alt=\"\" \/>                                    <\/a>\n                            <\/div>\n                                <div class=\"gallery-section__image gallery-section__image--single\">\n                <a href=\"https:\/\/bdm-stg.mda.pl\/app\/uploads\/2026\/03\/dsc_0483-32-scaled.jpg\">\n                                        <img loading=\"lazy\" decoding=\"async\" width=\"2560\" height=\"1707\" src=\"https:\/\/bdm-stg.mda.pl\/app\/uploads\/2026\/03\/dsc_0483-32-scaled.jpg\" class=\"attachment-full size-full\" alt=\"\" \/>                                    <\/a>\n                            <\/div>\n                                <div class=\"gallery-section__image gallery-section__image--single\">\n                <a href=\"https:\/\/bdm-stg.mda.pl\/app\/uploads\/2026\/03\/dsc_0489-32-scaled.jpg\">\n                                        <img loading=\"lazy\" decoding=\"async\" width=\"2560\" height=\"1707\" src=\"https:\/\/bdm-stg.mda.pl\/app\/uploads\/2026\/03\/dsc_0489-32-scaled.jpg\" class=\"attachment-full size-full\" alt=\"\" \/>                                    <\/a>\n                            <\/div>\n            \n                            <\/div>\n                                                                                        <\/div>\n            <\/div>\n        <\/div>\n    <\/section>\n ","protected":false},"excerpt":{"rendered":"","protected":false},"featured_media":0,"parent":0,"template":"","press_type":[],"acf":[],"yoast_head":"<!-- This site is optimized with the Yoast SEO plugin v22.5 - https:\/\/yoast.com\/wordpress\/plugins\/seo\/ -->\n<title>Budimex ir atv\u0113ris ceturto zonu studentiem Polij\u0101.Val\u010d\u0101 jau darbojas jauna telpa m\u0101c\u012bb\u0101m, atp\u016btai un san\u0101ksm\u0113m - Budimex<\/title>\n<meta name=\"robots\" content=\"noindex, follow, max-snippet:-1, max-image-preview:large, max-video-preview:-1\" \/>\n<meta property=\"og:locale\" content=\"lv_LV\" \/>\n<meta property=\"og:type\" content=\"article\" \/>\n<meta property=\"og:title\" content=\"Budimex ir atv\u0113ris ceturto zonu studentiem Polij\u0101.Val\u010d\u0101 jau darbojas jauna telpa m\u0101c\u012bb\u0101m, atp\u016btai un san\u0101ksm\u0113m - Budimex\" \/>\n<meta property=\"og:url\" content=\"https:\/\/bdm-stg.mda.pl\/lv\/informacje-prasowe\/budimex-ir-atveris-ceturto-zonu-studentiem-polija-valca-jau-darbojas-jauna-telpa-macibam-atputai-un-sanaksmem\/\" \/>\n<meta property=\"og:site_name\" content=\"Budimex\" \/>\n<meta property=\"article:modified_time\" content=\"2026-03-27T15:42:03+00:00\" \/>\n<meta name=\"twitter:card\" content=\"summary_large_image\" \/>\n<script type=\"application\/ld+json\" class=\"yoast-schema-graph\">{\"@context\":\"https:\/\/schema.org\",\"@graph\":[{\"@type\":\"WebPage\",\"@id\":\"https:\/\/bdm-stg.mda.pl\/lv\/informacje-prasowe\/budimex-ir-atveris-ceturto-zonu-studentiem-polija-valca-jau-darbojas-jauna-telpa-macibam-atputai-un-sanaksmem\/\",\"url\":\"https:\/\/bdm-stg.mda.pl\/lv\/informacje-prasowe\/budimex-ir-atveris-ceturto-zonu-studentiem-polija-valca-jau-darbojas-jauna-telpa-macibam-atputai-un-sanaksmem\/\",\"name\":\"Budimex ir atv\u0113ris ceturto zonu studentiem Polij\u0101.Val\u010d\u0101 jau darbojas jauna telpa m\u0101c\u012bb\u0101m, atp\u016btai un san\u0101ksm\u0113m - Budimex\",\"isPartOf\":{\"@id\":\"https:\/\/bdm-stg.mda.pl\/lv\/#website\"},\"datePublished\":\"2026-03-26T13:36:50+00:00\",\"dateModified\":\"2026-03-27T15:42:03+00:00\",\"breadcrumb\":{\"@id\":\"https:\/\/bdm-stg.mda.pl\/lv\/informacje-prasowe\/budimex-ir-atveris-ceturto-zonu-studentiem-polija-valca-jau-darbojas-jauna-telpa-macibam-atputai-un-sanaksmem\/#breadcrumb\"},\"inLanguage\":\"lv-LV\",\"potentialAction\":[{\"@type\":\"ReadAction\",\"target\":[\"https:\/\/bdm-stg.mda.pl\/lv\/informacje-prasowe\/budimex-ir-atveris-ceturto-zonu-studentiem-polija-valca-jau-darbojas-jauna-telpa-macibam-atputai-un-sanaksmem\/\"]}]},{\"@type\":\"BreadcrumbList\",\"@id\":\"https:\/\/bdm-stg.mda.pl\/lv\/informacje-prasowe\/budimex-ir-atveris-ceturto-zonu-studentiem-polija-valca-jau-darbojas-jauna-telpa-macibam-atputai-un-sanaksmem\/#breadcrumb\",\"itemListElement\":[{\"@type\":\"ListItem\",\"position\":1,\"name\":\"Strona g\u0142\u00f3wna\",\"item\":\"https:\/\/bdm-stg.mda.pl\/lv\/\"},{\"@type\":\"ListItem\",\"position\":2,\"name\":\"Budimex ir atv\u0113ris ceturto zonu studentiem Polij\u0101.Val\u010d\u0101 jau darbojas jauna telpa m\u0101c\u012bb\u0101m, atp\u016btai un san\u0101ksm\u0113m\"}]},{\"@type\":\"WebSite\",\"@id\":\"https:\/\/bdm-stg.mda.pl\/lv\/#website\",\"url\":\"https:\/\/bdm-stg.mda.pl\/lv\/\",\"name\":\"Budimex\",\"description\":\"\",\"potentialAction\":[{\"@type\":\"SearchAction\",\"target\":{\"@type\":\"EntryPoint\",\"urlTemplate\":\"https:\/\/bdm-stg.mda.pl\/lv\/?s={search_term_string}\"},\"query-input\":\"required name=search_term_string\"}],\"inLanguage\":\"lv-LV\"}]}<\/script>\n<!-- \/ Yoast SEO plugin. -->","yoast_head_json":{"title":"Budimex ir atv\u0113ris ceturto zonu studentiem Polij\u0101.Val\u010d\u0101 jau darbojas jauna telpa m\u0101c\u012bb\u0101m, atp\u016btai un san\u0101ksm\u0113m - Budimex","robots":{"index":"noindex","follow":"follow","max-snippet":"max-snippet:-1","max-image-preview":"max-image-preview:large","max-video-preview":"max-video-preview:-1"},"og_locale":"lv_LV","og_type":"article","og_title":"Budimex ir atv\u0113ris ceturto zonu studentiem Polij\u0101.Val\u010d\u0101 jau darbojas jauna telpa m\u0101c\u012bb\u0101m, atp\u016btai un san\u0101ksm\u0113m - Budimex","og_url":"https:\/\/bdm-stg.mda.pl\/lv\/informacje-prasowe\/budimex-ir-atveris-ceturto-zonu-studentiem-polija-valca-jau-darbojas-jauna-telpa-macibam-atputai-un-sanaksmem\/","og_site_name":"Budimex","article_modified_time":"2026-03-27T15:42:03+00:00","twitter_card":"summary_large_image","schema":{"@context":"https:\/\/schema.org","@graph":[{"@type":"WebPage","@id":"https:\/\/bdm-stg.mda.pl\/lv\/informacje-prasowe\/budimex-ir-atveris-ceturto-zonu-studentiem-polija-valca-jau-darbojas-jauna-telpa-macibam-atputai-un-sanaksmem\/","url":"https:\/\/bdm-stg.mda.pl\/lv\/informacje-prasowe\/budimex-ir-atveris-ceturto-zonu-studentiem-polija-valca-jau-darbojas-jauna-telpa-macibam-atputai-un-sanaksmem\/","name":"Budimex ir atv\u0113ris ceturto zonu studentiem Polij\u0101.Val\u010d\u0101 jau darbojas jauna telpa m\u0101c\u012bb\u0101m, atp\u016btai un san\u0101ksm\u0113m - Budimex","isPartOf":{"@id":"https:\/\/bdm-stg.mda.pl\/lv\/#website"},"datePublished":"2026-03-26T13:36:50+00:00","dateModified":"2026-03-27T15:42:03+00:00","breadcrumb":{"@id":"https:\/\/bdm-stg.mda.pl\/lv\/informacje-prasowe\/budimex-ir-atveris-ceturto-zonu-studentiem-polija-valca-jau-darbojas-jauna-telpa-macibam-atputai-un-sanaksmem\/#breadcrumb"},"inLanguage":"lv-LV","potentialAction":[{"@type":"ReadAction","target":["https:\/\/bdm-stg.mda.pl\/lv\/informacje-prasowe\/budimex-ir-atveris-ceturto-zonu-studentiem-polija-valca-jau-darbojas-jauna-telpa-macibam-atputai-un-sanaksmem\/"]}]},{"@type":"BreadcrumbList","@id":"https:\/\/bdm-stg.mda.pl\/lv\/informacje-prasowe\/budimex-ir-atveris-ceturto-zonu-studentiem-polija-valca-jau-darbojas-jauna-telpa-macibam-atputai-un-sanaksmem\/#breadcrumb","itemListElement":[{"@type":"ListItem","position":1,"name":"Strona g\u0142\u00f3wna","item":"https:\/\/bdm-stg.mda.pl\/lv\/"},{"@type":"ListItem","position":2,"name":"Budimex ir atv\u0113ris ceturto zonu studentiem Polij\u0101.Val\u010d\u0101 jau darbojas jauna telpa m\u0101c\u012bb\u0101m, atp\u016btai un san\u0101ksm\u0113m"}]},{"@type":"WebSite","@id":"https:\/\/bdm-stg.mda.pl\/lv\/#website","url":"https:\/\/bdm-stg.mda.pl\/lv\/","name":"Budimex","description":"","potentialAction":[{"@type":"SearchAction","target":{"@type":"EntryPoint","urlTemplate":"https:\/\/bdm-stg.mda.pl\/lv\/?s={search_term_string}"},"query-input":"required name=search_term_string"}],"inLanguage":"lv-LV"}]}},"_links":{"self":[{"href":"https:\/\/bdm-stg.mda.pl\/lv\/wp-json\/wp\/v2\/press\/324577"}],"collection":[{"href":"https:\/\/bdm-stg.mda.pl\/lv\/wp-json\/wp\/v2\/press"}],"about":[{"href":"https:\/\/bdm-stg.mda.pl\/lv\/wp-json\/wp\/v2\/types\/press"}],"version-history":[{"count":3,"href":"https:\/\/bdm-stg.mda.pl\/lv\/wp-json\/wp\/v2\/press\/324577\/revisions"}],"predecessor-version":[{"id":325795,"href":"https:\/\/bdm-stg.mda.pl\/lv\/wp-json\/wp\/v2\/press\/324577\/revisions\/325795"}],"wp:attachment":[{"href":"https:\/\/bdm-stg.mda.pl\/lv\/wp-json\/wp\/v2\/media?parent=324577"}],"wp:term":[{"taxonomy":"press_type","embeddable":true,"href":"https:\/\/bdm-stg.mda.pl\/lv\/wp-json\/wp\/v2\/press_type?post=324577"}],"curies":[{"name":"wp","href":"https:\/\/api.w.org\/{rel}","templated":true}]}}