{"id":339334,"date":"2026-04-27T07:34:17","date_gmt":"2026-04-27T07:34:17","guid":{"rendered":"https:\/\/bdm-stg.mda.pl\/informacje-prasowe\/budimex-ir-pabeidzis-fabryczna-kameras-buvniecibu-lodza-kas-ir-svarigs-solis-atrgaitas-dzelzcelam-un-visam-polijas-ostas-projektam\/"},"modified":"2026-04-28T10:14:57","modified_gmt":"2026-04-28T10:14:57","slug":"budimex-ir-pabeidzis-fabryczna-kameras-buvniecibu-lodza-kas-ir-svarigs-solis-atrgaitas-dzelzcelam-un-visam-polijas-ostas-projektam","status":"publish","type":"press","link":"https:\/\/bdm-stg.mda.pl\/lv\/informacje-prasowe\/budimex-ir-pabeidzis-fabryczna-kameras-buvniecibu-lodza-kas-ir-svarigs-solis-atrgaitas-dzelzcelam-un-visam-polijas-ostas-projektam\/","title":{"rendered":"Budimex ir pabeidzis &quot;Fabryczna&quot; kameras b\u016bvniec\u012bbu Lodz\u0101, kas ir svar\u012bgs solis \u0101trgaitas dzelzce\u013cam un visam Polijas ostas projektam"},"content":{"rendered":"\n<section id=\"block_88aec2ae9a70f96fdca22dc9259c2325\" class=\"text-block   -hide-dots section-margin-120\">\n    <div class=\"container\">\n        <div class=\"row\">\n            <div class=\"col-24 col-lg-16\">\n                                    <p class=\"typo-18 under-p-medium color-gray-120 text-block__date\">27.04.2026<\/p>\n                                                    <div class=\"text-block__top-texts under-h2\">\n                        <h2 class=\"text-block__title under-p-big\">Budimex ir\u00a0pabeidzis &#8220;Fabryczna&#8221; kameras b\u016bvniec\u012bbu Lodz\u0101, kas ir\u00a0svar\u012bgs solis \u0101trgaitas dzelzce\u013cam un visam Polijas ostas projektam<\/h2>\n                                                    <p class=\"typo-18 under-p-medium color-gray-120\">\n                                \n<div class=\"card-share card-share--flex\">\n    <div class=\"card-share__inner\">\n        <p class=\"card-share__title typo-18\">Udost\u0119pnij artyku\u0142<\/p>\n        <div class=\"card-share__links\">\n            <div class=\"card-share__link card-share__link--facebook\">\n                <a href=\"https:\/\/www.facebook.com\/sharer\/sharer.php?u=https:\/\/bdm-stg.mda.pl\/lv\/informacje-prasowe\/budimex-ir-pabeidzis-fabryczna-kameras-buvniecibu-lodza-kas-ir-svarigs-solis-atrgaitas-dzelzcelam-un-visam-polijas-ostas-projektam\/\" target=\"_blank\">\n                    <span class=\"card-share__linkIcon icon icon-facebook d-flex\"><\/span>\n                <\/a>\n            <\/div>\n            <div class=\"card-share__link card-share__link--linkedin\">\n                <a href=\"https:\/\/www.linkedin.com\/shareArticle?mini=true&#038;url=https:\/\/bdm-stg.mda.pl\/lv\/informacje-prasowe\/budimex-ir-pabeidzis-fabryczna-kameras-buvniecibu-lodza-kas-ir-svarigs-solis-atrgaitas-dzelzcelam-un-visam-polijas-ostas-projektam\/\" target=\"_blank\" rel=\"nofollow\">\n                    <span class=\"card-share__linkIcon icon icon-linkedin\"><\/span>\n                <\/a>\n            <\/div>\n            <div class=\"card-share__link card-share__link--twitter\">\n                <a href=\"https:\/\/twitter.com\/intent\/tweet?url=https%3A%2F%2Fbdm-stg.mda.pl%2Flv%2Finformacje-prasowe%2Fbudimex-ir-pabeidzis-fabryczna-kameras-buvniecibu-lodza-kas-ir-svarigs-solis-atrgaitas-dzelzcelam-un-visam-polijas-ostas-projektam%2F\" target=\"_blank\" rel=\"nofollow\">\n                    <span class=\"card-share__linkIcon icon icon-x\"><\/span>\n                <\/a>\n            <\/div>\n        <\/div>\n    <\/div>\n<\/div>                            <\/p>\n                                            <\/div>\n                                                                                    <div class=\"text-block__text text-editor\"><p><p style=\"text-align:justify\"><strong>Budimex SA ir\u00a0pabeidzis galvenos darbus pie &#8220;Fabryczna&#8221; pie\u0146em\u0161anas kameras b\u016bvniec\u012bbas, kas ir\u00a0viens no\u00a0galvenajiem infrastrukt\u016bras elementiem, kas pavada t\u0101lsatiksmes tune\u013ca b\u016bvniec\u012bbu Lodz\u0101 gar dzelzce\u013ca l\u012bniju Nr.\u00a085. \u0160\u012b posma pabeig\u0161ana paver ce\u013cu turpm\u0101ko darbu uzs\u0101k\u0161anai, kas saist\u012bti ar\u00a0&#8220;Fabryczna&#8221; p\u0101rmiju kameras b\u016bvniec\u012bbu, kuru pl\u0101nots s\u0101kt 2026. gada j\u016blij\u0101.<\/strong><\/p><p style=\"text-align:justify\">&#8220;Fabryczna&#8221; uztver\u0161anas kamera, kas tika \u012bstenota pa\u0161\u0101 Lodzas centr\u0101, Lodzas Fabryczna stacijas un Lodzas kult\u016bras centra tuvum\u0101, tika veikta projekta &#8220;Retkinia kameras un Fabryczna p\u0101rejas kameras atbalsta konstrukcijas b\u016bvniec\u012bba&#8221;, kas tika veikta p\u0113c Centr\u0101l\u0101s sakaru ostas piepras\u012bjuma. Uzdevumu Budimex veic kop\u0161 2025. gada apr\u012b\u013ca, un t\u0101 pabeig\u0161ana paredz\u0113ta 2026. gada maij\u0101. Agr\u0101k saska\u0146\u0101 ar\u00a0to\u00a0pa\u0161u l\u012bgumu Budimex pabeidza Retkinia apraides kameru, t\u0101p\u0113c abi tune\u013ca darbiem nepiecie\u0161amie gali jau ir\u00a0gatavi.<\/p><p style=\"text-align:justify\">Darba ietvaros tika izgatavotas spraugas sienas ar\u00a0dzi\u013cumu l\u012bdz 36 metriem, un izrakumi kameras dzi\u013c\u0101kaj\u0101 punkt\u0101 sasniedza 27 metrus zem zemes l\u012bme\u0146a. B\u016bvniec\u012bbas vajadz\u012bb\u0101m tika uzst\u0101d\u012bti aptuveni 6,5 t\u016bksto\u0161i m\u00b3 betona un 850 tonnas t\u0113rauda, tai skait\u0101 gandr\u012bz 9 tonnas GFRP stiegrojuma, kas ievietots priek\u0161\u0113j\u0101 sien\u0101, caur kuru n\u0101kotn\u0113 \u0161\u0137\u0113rsos TBM vairogs. Darbu laik\u0101 tika ieg\u016bti aptuveni 22 t\u016bksto\u0161i m\u00b3 r\u016bdas. Pie\u0146em\u0161anas kameras b\u016bvniec\u012bbas pabeig\u0161ana noz\u012bm\u0113 svar\u012bga invest\u012bciju posma pabeig\u0161anu un vienlaikus sagatavo\u0161anos n\u0101kamajam projekta posmam, t.i., &#8220;Fabryczna&#8221; p\u0101rmiju kameras b\u016bvniec\u012bbai, kas pl\u0101nota 2026. gada j\u016blij\u0101.<\/p><p style=\"text-align:justify\">&#8220;<em>Pie\u0146em\u0161anas kameras darbu pabeig\u0161ana ir\u00a0daudzu m\u0113ne\u0161u intens\u012bva komandas darba un sare\u017e\u0123\u012btu darbu rezult\u0101ts, kas veikts sare\u017e\u0123\u012btos pils\u0113tvides apst\u0101k\u013cos. \u012apa\u0161s izaicin\u0101jums bija \u0123eotehnisko darbu \u012bsteno\u0161ana un dzi\u013ci rakumi kompakt\u0101 apb\u016bv\u0113 ar\u00a0\u013coti ierobe\u017eotu b\u016bvlaukuma plat\u012bbu pat tr\u012bs invest\u012bciju krustojum\u0101. Tom\u0113r mums ir\u00a0izdevies efekt\u012bvi apvienot darba kvalit\u0101ti ar\u00a0\u012bstenoto invest\u012bciju dro\u0161\u012bbu un nep\u0101rtraukt\u012bbu. Tas ir\u00a0svar\u012bgs solis ce\u013c\u0101 uz n\u0101kam\u0101 b\u016bvniec\u012bbas posma s\u0101kumu, t.i., p\u0101rmiju kameru,<\/em> <strong>\u2013 saka Pawe\u0142 Parusel, Budimex SA l\u012bgumu direktors.<\/strong><\/p><p style=\"text-align:justify\">&#8220;Retkinia&#8221; un &#8220;Fabryczna&#8221; kameras ir\u00a0da\u013ca no\u00a0invest\u012bcij\u0101m, kas \u013caus izb\u016bv\u0113t t\u0101lsatiksmes tuneli aptuveni 4,6 km garum\u0101. N\u0101kotn\u0113 tas \u013caus savienot Lodzu ar\u00a0Var\u0161avu, Pozna\u0146u un Vroclavu ar\u00a0\u0101trgaitas dzelzce\u013cu, kas ir\u00a0svar\u012bga jaun\u0101s dzelzce\u013ca sist\u0113mas da\u013ca Polijas centr\u0101laj\u0101 da\u013c\u0101.<\/p><p style=\"text-align:justify\">K\u0101 vado\u0161ais \u0123ener\u0101luz\u0146\u0113m\u0113js Polij\u0101 Budimex \u012bsteno galven\u0101s invest\u012bcijas infrastrukt\u016br\u0101, tostarp dzelzce\u013ca, ce\u013cu, hidrotehnisko un kubat\u016bras projektus. Ar\u00a0Polijas ostas infrastrukt\u016bras b\u016bvniec\u012bbu saist\u012bto darb\u012bbu ietvaros uz\u0146\u0113mums ir\u00a0atbild\u012bgs par \u0101trgaitas dzelzce\u013ca tune\u013ca kameru atbalsta konstrukciju b\u016bvniec\u012bbu Lodz\u0101, un l\u012bguma kop\u0113j\u0101 v\u0113rt\u012bba ir\u00a0159 miljoni PLN neto.<\/p><p style=\"text-align:justify\">Taj\u0101 pa\u0161\u0101 laik\u0101 Budimex ir\u00a0iesaist\u012bts vair\u0101kos citos lielos dzelzce\u013ca projektos Polij\u0101, jo \u012bpa\u0161i valsts dienvidos. Uz\u0146\u0113mums ir\u00a0viens no\u00a0galvenajiem programmas &#8220;Pod\u0142\u0119\u017ce-Piekie\u0142ko&#8221; darbuz\u0146\u0113m\u0113jiem \u2013 tas jau ir\u00a0nodots ekspluat\u0101cij\u0101 l\u012bnijas Nr.\u00a0104 posms mar\u0161rut\u0101 Chab\u00f3wka \u2013 Rabka Zaryte, \u0161obr\u012bd veic darbus l\u012bnijas Nr.\u00a0622 Szczyrzyc \u2013 Tymbark H\u00a0posm\u0101, un 2026. gada mart\u0101 parakst\u012bja l\u012bgumu par n\u0101kamo invest\u012bciju posmu, ieskaitot l\u012bniju Nr.\u00a0622 Pod\u0142\u0119\u017ce \u2013 Gd\u00f3w un apvedce\u013cu Nr.\u00a0627. Turkl\u0101t Budimex \u012bsteno ar\u012b projektu posm\u0101 Limanowa \u2013 Kleczany k\u0101 da\u013cu no\u00a0l\u012bnijas Nr.\u00a0104 moderniz\u0101cijas.<\/p><\/p><\/div>\n                            <\/div>\n                                                                                                                                <\/div>\n    <\/div>\n<\/section> \n    <section id=\"block_d18fb4d9caf9c9c974d612d501a12854\" class=\"gallery-section section-margin-120\" data-per-page=\"8\" data-per-row=\"4\" data-type=\"zdjecia\">\n        <div class=\"container\">\n            <div class=\"row\">\n                                    <div class=\"col-24\">\n                        <h2 class=\"gallery-section__title under-h2\">Galerija<\/h2>\n                    <\/div>\n                            <\/div>\n            <div class=\"row\">\n                <div class=\"col-24\">\n                                                                        <div class=\"gallery-section__grid gallery-section__grid--4\">\n                                \n                        <div class=\"gallery-section__image gallery-section__image--single\">\n                <a href=\"https:\/\/bdm-stg.mda.pl\/app\/uploads\/2026\/04\/20260331_142518-33-scaled.jpg\">\n                                        <img loading=\"lazy\" decoding=\"async\" width=\"2560\" height=\"1920\" src=\"https:\/\/bdm-stg.mda.pl\/app\/uploads\/2026\/04\/20260331_142518-33-scaled.jpg\" class=\"attachment-full size-full\" alt=\"\" \/>                                    <\/a>\n                            <\/div>\n                                <div class=\"gallery-section__image gallery-section__image--single\">\n                <a href=\"https:\/\/bdm-stg.mda.pl\/app\/uploads\/2026\/04\/20260331_142807-33-scaled.jpg\">\n                                        <img loading=\"lazy\" decoding=\"async\" width=\"2560\" height=\"1920\" src=\"https:\/\/bdm-stg.mda.pl\/app\/uploads\/2026\/04\/20260331_142807-33-scaled.jpg\" class=\"attachment-full size-full\" alt=\"\" \/>                                    <\/a>\n                            <\/div>\n                                <div class=\"gallery-section__image gallery-section__image--single\">\n                <a href=\"https:\/\/bdm-stg.mda.pl\/app\/uploads\/2026\/04\/img_20260312_112632-33-scaled.jpg\">\n                                        <img loading=\"lazy\" decoding=\"async\" width=\"1920\" height=\"2560\" src=\"https:\/\/bdm-stg.mda.pl\/app\/uploads\/2026\/04\/img_20260312_112632-33-scaled.jpg\" class=\"attachment-full size-full\" alt=\"\" \/>                                    <\/a>\n                            <\/div>\n                                <div class=\"gallery-section__image gallery-section__image--single\">\n                <a href=\"https:\/\/bdm-stg.mda.pl\/app\/uploads\/2026\/04\/img_20260312_112643-33-scaled.jpg\">\n                                        <img loading=\"lazy\" decoding=\"async\" width=\"1920\" height=\"2560\" src=\"https:\/\/bdm-stg.mda.pl\/app\/uploads\/2026\/04\/img_20260312_112643-33-scaled.jpg\" class=\"attachment-full size-full\" alt=\"\" \/>                                    <\/a>\n                            <\/div>\n                                <div class=\"gallery-section__image gallery-section__image--single\">\n                <a href=\"https:\/\/bdm-stg.mda.pl\/app\/uploads\/2026\/04\/img_20260312_112647-33-scaled.jpg\">\n                                        <img loading=\"lazy\" decoding=\"async\" width=\"1920\" height=\"2560\" src=\"https:\/\/bdm-stg.mda.pl\/app\/uploads\/2026\/04\/img_20260312_112647-33-scaled.jpg\" class=\"attachment-full size-full\" alt=\"\" \/>                                    <\/a>\n                            <\/div>\n                                <div class=\"gallery-section__image gallery-section__image--single\">\n                <a href=\"https:\/\/bdm-stg.mda.pl\/app\/uploads\/2026\/04\/img_20260312_153334-33-scaled.jpg\">\n                                        <img loading=\"lazy\" decoding=\"async\" width=\"1920\" height=\"2560\" src=\"https:\/\/bdm-stg.mda.pl\/app\/uploads\/2026\/04\/img_20260312_153334-33-scaled.jpg\" class=\"attachment-full size-full\" alt=\"\" \/>                                    <\/a>\n                            <\/div>\n                                <div class=\"gallery-section__image gallery-section__image--single\">\n                <a href=\"https:\/\/bdm-stg.mda.pl\/app\/uploads\/2026\/04\/img_20260312_153341-33-scaled.jpg\">\n                                        <img loading=\"lazy\" decoding=\"async\" width=\"1920\" height=\"2560\" src=\"https:\/\/bdm-stg.mda.pl\/app\/uploads\/2026\/04\/img_20260312_153341-33-scaled.jpg\" class=\"attachment-full size-full\" alt=\"\" \/>                                    <\/a>\n                            <\/div>\n                                <div class=\"gallery-section__image gallery-section__image--single\">\n                <a href=\"https:\/\/bdm-stg.mda.pl\/app\/uploads\/2026\/04\/20251209_095327-33-scaled.jpg\">\n                                        <img loading=\"lazy\" decoding=\"async\" width=\"1920\" height=\"2560\" src=\"https:\/\/bdm-stg.mda.pl\/app\/uploads\/2026\/04\/20251209_095327-33-scaled.jpg\" class=\"attachment-full size-full\" alt=\"\" \/>                                    <\/a>\n                            <\/div>\n            \n                            <\/div>\n                                                            <div class=\"gallery-section__button-wrapper\">\n                                    <button data-show-more data-ajax-wrapper=\"gallery-section__grid\" data-gallery-type=\"single\" type=\"button\" data-gallery-gallery='[{\"image\":342703,\"subtitle\":\"\",\"link\":null},{\"image\":342710,\"subtitle\":\"\",\"link\":null},{\"image\":342717,\"subtitle\":\"\",\"link\":null},{\"image\":342724,\"subtitle\":\"\",\"link\":null},{\"image\":342731,\"subtitle\":\"\",\"link\":null},{\"image\":342738,\"subtitle\":\"\",\"link\":null},{\"image\":342745,\"subtitle\":\"\",\"link\":null},{\"image\":342752,\"subtitle\":\"\",\"link\":null},{\"image\":342759,\"subtitle\":\"\",\"link\":null},{\"image\":342766,\"subtitle\":\"\",\"link\":null},{\"image\":342773,\"subtitle\":\"\",\"link\":null},{\"image\":342780,\"subtitle\":\"\",\"link\":null},{\"image\":342787,\"subtitle\":\"\",\"link\":null}]' data-gallery-page=\"1\" class=\"-wcag-black button button--new-gray button--medium button--full-xl\">Zobacz wi\u0119cej<\/button>\n                                <\/div>\n                                                                                        <\/div>\n            <\/div>\n        <\/div>\n    <\/section>\n ","protected":false},"excerpt":{"rendered":"","protected":false},"featured_media":0,"parent":0,"template":"","press_type":[],"acf":[],"yoast_head":"<!-- This site is optimized with the Yoast SEO plugin v22.5 - https:\/\/yoast.com\/wordpress\/plugins\/seo\/ -->\n<title>Budimex ir pabeidzis &quot;Fabryczna&quot; kameras b\u016bvniec\u012bbu Lodz\u0101, kas ir svar\u012bgs solis \u0101trgaitas dzelzce\u013cam un visam Polijas ostas projektam - Budimex<\/title>\n<meta name=\"robots\" content=\"noindex, follow, max-snippet:-1, max-image-preview:large, max-video-preview:-1\" \/>\n<meta property=\"og:locale\" content=\"lv_LV\" \/>\n<meta property=\"og:type\" content=\"article\" \/>\n<meta property=\"og:title\" content=\"Budimex ir pabeidzis &quot;Fabryczna&quot; kameras b\u016bvniec\u012bbu Lodz\u0101, kas ir svar\u012bgs solis \u0101trgaitas dzelzce\u013cam un visam Polijas ostas projektam - Budimex\" \/>\n<meta property=\"og:url\" content=\"https:\/\/bdm-stg.mda.pl\/lv\/informacje-prasowe\/budimex-ir-pabeidzis-fabryczna-kameras-buvniecibu-lodza-kas-ir-svarigs-solis-atrgaitas-dzelzcelam-un-visam-polijas-ostas-projektam\/\" \/>\n<meta property=\"og:site_name\" content=\"Budimex\" \/>\n<meta property=\"article:modified_time\" content=\"2026-04-28T10:14:57+00:00\" \/>\n<meta name=\"twitter:card\" content=\"summary_large_image\" \/>\n<script type=\"application\/ld+json\" class=\"yoast-schema-graph\">{\"@context\":\"https:\/\/schema.org\",\"@graph\":[{\"@type\":\"WebPage\",\"@id\":\"https:\/\/bdm-stg.mda.pl\/lv\/informacje-prasowe\/budimex-ir-pabeidzis-fabryczna-kameras-buvniecibu-lodza-kas-ir-svarigs-solis-atrgaitas-dzelzcelam-un-visam-polijas-ostas-projektam\/\",\"url\":\"https:\/\/bdm-stg.mda.pl\/lv\/informacje-prasowe\/budimex-ir-pabeidzis-fabryczna-kameras-buvniecibu-lodza-kas-ir-svarigs-solis-atrgaitas-dzelzcelam-un-visam-polijas-ostas-projektam\/\",\"name\":\"Budimex ir pabeidzis &quot;Fabryczna&quot; kameras b\u016bvniec\u012bbu Lodz\u0101, kas ir svar\u012bgs solis \u0101trgaitas dzelzce\u013cam un visam Polijas ostas projektam - Budimex\",\"isPartOf\":{\"@id\":\"https:\/\/bdm-stg.mda.pl\/lv\/#website\"},\"datePublished\":\"2026-04-27T07:34:17+00:00\",\"dateModified\":\"2026-04-28T10:14:57+00:00\",\"breadcrumb\":{\"@id\":\"https:\/\/bdm-stg.mda.pl\/lv\/informacje-prasowe\/budimex-ir-pabeidzis-fabryczna-kameras-buvniecibu-lodza-kas-ir-svarigs-solis-atrgaitas-dzelzcelam-un-visam-polijas-ostas-projektam\/#breadcrumb\"},\"inLanguage\":\"lv-LV\",\"potentialAction\":[{\"@type\":\"ReadAction\",\"target\":[\"https:\/\/bdm-stg.mda.pl\/lv\/informacje-prasowe\/budimex-ir-pabeidzis-fabryczna-kameras-buvniecibu-lodza-kas-ir-svarigs-solis-atrgaitas-dzelzcelam-un-visam-polijas-ostas-projektam\/\"]}]},{\"@type\":\"BreadcrumbList\",\"@id\":\"https:\/\/bdm-stg.mda.pl\/lv\/informacje-prasowe\/budimex-ir-pabeidzis-fabryczna-kameras-buvniecibu-lodza-kas-ir-svarigs-solis-atrgaitas-dzelzcelam-un-visam-polijas-ostas-projektam\/#breadcrumb\",\"itemListElement\":[{\"@type\":\"ListItem\",\"position\":1,\"name\":\"Strona g\u0142\u00f3wna\",\"item\":\"https:\/\/bdm-stg.mda.pl\/lv\/\"},{\"@type\":\"ListItem\",\"position\":2,\"name\":\"Budimex ir pabeidzis &quot;Fabryczna&quot; kameras b\u016bvniec\u012bbu Lodz\u0101, kas ir svar\u012bgs solis \u0101trgaitas dzelzce\u013cam un visam Polijas ostas projektam\"}]},{\"@type\":\"WebSite\",\"@id\":\"https:\/\/bdm-stg.mda.pl\/lv\/#website\",\"url\":\"https:\/\/bdm-stg.mda.pl\/lv\/\",\"name\":\"Budimex\",\"description\":\"\",\"potentialAction\":[{\"@type\":\"SearchAction\",\"target\":{\"@type\":\"EntryPoint\",\"urlTemplate\":\"https:\/\/bdm-stg.mda.pl\/lv\/?s={search_term_string}\"},\"query-input\":\"required name=search_term_string\"}],\"inLanguage\":\"lv-LV\"}]}<\/script>\n<!-- \/ Yoast SEO plugin. -->","yoast_head_json":{"title":"Budimex ir pabeidzis &quot;Fabryczna&quot; kameras b\u016bvniec\u012bbu Lodz\u0101, kas ir svar\u012bgs solis \u0101trgaitas dzelzce\u013cam un visam Polijas ostas projektam - Budimex","robots":{"index":"noindex","follow":"follow","max-snippet":"max-snippet:-1","max-image-preview":"max-image-preview:large","max-video-preview":"max-video-preview:-1"},"og_locale":"lv_LV","og_type":"article","og_title":"Budimex ir pabeidzis &quot;Fabryczna&quot; kameras b\u016bvniec\u012bbu Lodz\u0101, kas ir svar\u012bgs solis \u0101trgaitas dzelzce\u013cam un visam Polijas ostas projektam - Budimex","og_url":"https:\/\/bdm-stg.mda.pl\/lv\/informacje-prasowe\/budimex-ir-pabeidzis-fabryczna-kameras-buvniecibu-lodza-kas-ir-svarigs-solis-atrgaitas-dzelzcelam-un-visam-polijas-ostas-projektam\/","og_site_name":"Budimex","article_modified_time":"2026-04-28T10:14:57+00:00","twitter_card":"summary_large_image","schema":{"@context":"https:\/\/schema.org","@graph":[{"@type":"WebPage","@id":"https:\/\/bdm-stg.mda.pl\/lv\/informacje-prasowe\/budimex-ir-pabeidzis-fabryczna-kameras-buvniecibu-lodza-kas-ir-svarigs-solis-atrgaitas-dzelzcelam-un-visam-polijas-ostas-projektam\/","url":"https:\/\/bdm-stg.mda.pl\/lv\/informacje-prasowe\/budimex-ir-pabeidzis-fabryczna-kameras-buvniecibu-lodza-kas-ir-svarigs-solis-atrgaitas-dzelzcelam-un-visam-polijas-ostas-projektam\/","name":"Budimex ir pabeidzis &quot;Fabryczna&quot; kameras b\u016bvniec\u012bbu Lodz\u0101, kas ir svar\u012bgs solis \u0101trgaitas dzelzce\u013cam un visam Polijas ostas projektam - Budimex","isPartOf":{"@id":"https:\/\/bdm-stg.mda.pl\/lv\/#website"},"datePublished":"2026-04-27T07:34:17+00:00","dateModified":"2026-04-28T10:14:57+00:00","breadcrumb":{"@id":"https:\/\/bdm-stg.mda.pl\/lv\/informacje-prasowe\/budimex-ir-pabeidzis-fabryczna-kameras-buvniecibu-lodza-kas-ir-svarigs-solis-atrgaitas-dzelzcelam-un-visam-polijas-ostas-projektam\/#breadcrumb"},"inLanguage":"lv-LV","potentialAction":[{"@type":"ReadAction","target":["https:\/\/bdm-stg.mda.pl\/lv\/informacje-prasowe\/budimex-ir-pabeidzis-fabryczna-kameras-buvniecibu-lodza-kas-ir-svarigs-solis-atrgaitas-dzelzcelam-un-visam-polijas-ostas-projektam\/"]}]},{"@type":"BreadcrumbList","@id":"https:\/\/bdm-stg.mda.pl\/lv\/informacje-prasowe\/budimex-ir-pabeidzis-fabryczna-kameras-buvniecibu-lodza-kas-ir-svarigs-solis-atrgaitas-dzelzcelam-un-visam-polijas-ostas-projektam\/#breadcrumb","itemListElement":[{"@type":"ListItem","position":1,"name":"Strona g\u0142\u00f3wna","item":"https:\/\/bdm-stg.mda.pl\/lv\/"},{"@type":"ListItem","position":2,"name":"Budimex ir pabeidzis &quot;Fabryczna&quot; kameras b\u016bvniec\u012bbu Lodz\u0101, kas ir svar\u012bgs solis \u0101trgaitas dzelzce\u013cam un visam Polijas ostas projektam"}]},{"@type":"WebSite","@id":"https:\/\/bdm-stg.mda.pl\/lv\/#website","url":"https:\/\/bdm-stg.mda.pl\/lv\/","name":"Budimex","description":"","potentialAction":[{"@type":"SearchAction","target":{"@type":"EntryPoint","urlTemplate":"https:\/\/bdm-stg.mda.pl\/lv\/?s={search_term_string}"},"query-input":"required name=search_term_string"}],"inLanguage":"lv-LV"}]}},"_links":{"self":[{"href":"https:\/\/bdm-stg.mda.pl\/lv\/wp-json\/wp\/v2\/press\/339334"}],"collection":[{"href":"https:\/\/bdm-stg.mda.pl\/lv\/wp-json\/wp\/v2\/press"}],"about":[{"href":"https:\/\/bdm-stg.mda.pl\/lv\/wp-json\/wp\/v2\/types\/press"}],"version-history":[{"count":3,"href":"https:\/\/bdm-stg.mda.pl\/lv\/wp-json\/wp\/v2\/press\/339334\/revisions"}],"predecessor-version":[{"id":342802,"href":"https:\/\/bdm-stg.mda.pl\/lv\/wp-json\/wp\/v2\/press\/339334\/revisions\/342802"}],"wp:attachment":[{"href":"https:\/\/bdm-stg.mda.pl\/lv\/wp-json\/wp\/v2\/media?parent=339334"}],"wp:term":[{"taxonomy":"press_type","embeddable":true,"href":"https:\/\/bdm-stg.mda.pl\/lv\/wp-json\/wp\/v2\/press_type?post=339334"}],"curies":[{"name":"wp","href":"https:\/\/api.w.org\/{rel}","templated":true}]}}