{"id":439896,"date":"2026-08-27T11:53:37","date_gmt":"2026-08-27T11:53:37","guid":{"rendered":"https:\/\/bdm-stg.mda.pl\/informacje-prasowe\/budimex-ir-sacis-terminala-paplainaanu-katovices-pirzovices-lidosta\/"},"modified":"2026-08-28T12:29:01","modified_gmt":"2026-08-28T12:29:01","slug":"budimex-ir-sacis-terminala-paplainaanu-katovices-pirzovices-lidosta","status":"publish","type":"press","link":"https:\/\/bdm-stg.mda.pl\/lv\/informacje-prasowe\/budimex-ir-sacis-terminala-paplainaanu-katovices-pirzovices-lidosta\/","title":{"rendered":"Budimex ir s\u0101cis termin\u0101\u013ca papla&scaron;in\u0101&scaron;anu Katovices-Pirzovices lidost\u0101"},"content":{"rendered":"\n<section id=\"block_7425ba2638c5daf3d2363c57d19b7182\" class=\"text-block   -hide-dots section-margin-120\">\n    <div class=\"container\">\n        <div class=\"row\">\n            <div class=\"col-24 col-lg-16\">\n                                    <p class=\"typo-18 under-p-medium color-gray-120 text-block__date\">27.08.2026<\/p>\n                                                    <div class=\"text-block__top-texts under-h2\">\n                        <h2 class=\"text-block__title under-p-big\">Budimex ir s\u0101cis termin\u0101\u013ca papla\u0161in\u0101\u0161anu Katovices-Pirzovices lidost\u0101<\/h2>\n                                                    <p class=\"typo-18 under-p-medium color-gray-120\">\n                                \n<div class=\"card-share card-share--flex\">\n    <div class=\"card-share__inner\">\n        <p class=\"card-share__title typo-18\">Udost\u0119pnij artyku\u0142<\/p>\n        <div class=\"card-share__links\">\n            <div class=\"card-share__link card-share__link--facebook\">\n                <a href=\"https:\/\/www.facebook.com\/sharer\/sharer.php?u=https:\/\/bdm-stg.mda.pl\/lv\/informacje-prasowe\/budimex-ir-sacis-terminala-paplainaanu-katovices-pirzovices-lidosta\/\" target=\"_blank\">\n                    <span class=\"card-share__linkIcon icon icon-facebook d-flex\"><\/span>\n                <\/a>\n            <\/div>\n            <div class=\"card-share__link card-share__link--linkedin\">\n                <a href=\"https:\/\/www.linkedin.com\/shareArticle?mini=true&#038;url=https:\/\/bdm-stg.mda.pl\/lv\/informacje-prasowe\/budimex-ir-sacis-terminala-paplainaanu-katovices-pirzovices-lidosta\/\" target=\"_blank\" rel=\"nofollow\">\n                    <span class=\"card-share__linkIcon icon icon-linkedin\"><\/span>\n                <\/a>\n            <\/div>\n            <div class=\"card-share__link card-share__link--twitter\">\n                <a href=\"https:\/\/twitter.com\/intent\/tweet?url=https%3A%2F%2Fbdm-stg.mda.pl%2Flv%2Finformacje-prasowe%2Fbudimex-ir-sacis-terminala-paplainaanu-katovices-pirzovices-lidosta%2F\" target=\"_blank\" rel=\"nofollow\">\n                    <span class=\"card-share__linkIcon icon icon-x\"><\/span>\n                <\/a>\n            <\/div>\n        <\/div>\n    <\/div>\n<\/div>                            <\/p>\n                                            <\/div>\n                                                                                    <div class=\"text-block__text text-editor\"><p><div><p class=\"MsoNormal\" style=\"text-align:justify;margin-bottom:0cm\"><strong><span style=\"color:gray\">Liel\u0101kais \u0123ener\u0101luz\u0146\u0113m\u0113js Polij\u0101 ir s\u0101cis pasa\u017eieru termin\u0101\u013ca C papla\u0161in\u0101\u0161anu Katovices lidost\u0101 Pircovic\u0113 p\u0113c Aug\u0161sil\u0113zijas avi\u0101cijas biedr\u012bbas SA piepras\u012bjuma. &#8220;Projekt\u0113\u0161anas un b\u016bvniec\u012bbas&#8221; formul\u0101 uz\u0146\u0113mums izstr\u0101d\u0101s piln\u012bgu, daudzdisciplin\u0101ru projekt\u0113\u0161anas dokument\u0101ciju un veiks b\u016bvniec\u012bbas darbus, kas saist\u012bti ar termin\u0101\u013ca papla\u0161in\u0101\u0161anu rietumu pus\u0113 un blakus eso\u0161\u0101 perona papla\u0161in\u0101\u0161anu. L\u012bguma v\u0113rt\u012bba ir 34,8 miljoni PLN t\u012br\u0101 apm\u0113r\u0101, un darbu pabeig\u0161ana pl\u0101nota 2027. gada maij\u0101.<\/span><\/strong><\/p><p class=\"MsoNormal\" style=\"text-align:justify;margin-bottom:0cm\"><span style=\"color:gray\">&nbsp;<\/span><\/p><p class=\"MsoNormal\" style=\"text-align:justify;margin-bottom:0cm\"><span style=\"color:gray\">C termin\u0101lis apkalpo pasa\u017eierus, kas ierodas gan no \u0160engenas zonas valst\u012bm, gan no \u0101rvalst\u012bm. Invest\u012bcijas ir v\u0113rstas uz objekta kapacit\u0101tes palielin\u0101\u0161anu, pasa\u017eieru apkalpo\u0161anas uzlabo\u0161anu un lidostas infrastrukt\u016bras \u0113rt\u012bbas uzlabo\u0161anu. Projekts paredz termin\u0101\u013ca papla\u0161in\u0101\u0161anu uz rietumiem par aptuveni 79 metriem. Jaunajai da\u013cai b\u016bs aptuveni 3,4 t\u016bksto\u0161i kvadr\u0101tmetru. Izmantojam\u0101 plat\u012bba, un p\u0113c invest\u012bciju pabeig\u0161anas visa termin\u0101\u013ca plat\u012bba p\u0101rsniegs 10,4 t\u016bksto\u0161us kvadr\u0101tmetru. T\u0101 kop\u0113jais garums palielin\u0101sies l\u012bdz aptuveni 235 metriem.<\/span><\/p><p class=\"MsoNormal\" style=\"text-align:justify;margin-bottom:0cm\"><span style=\"color:gray\">&nbsp;<\/span><\/p><p class=\"MsoNormal\" style=\"text-align:justify;margin-bottom:0cm\"><span style=\"color:gray\">Izmai\u0146as ietvers ar\u012b bag\u0101\u017eas sa\u0146em\u0161anas z\u0101li. Bag\u0101\u017eas karuse\u013cu skaits palielin\u0101sies&nbsp;no trim l\u012bdz pieciem, un viena no jaunaj\u0101m jost\u0101m tiks piel\u0101gota, lai apkalpotu lidojumus ar plata korpusa lidma\u0161\u012bn\u0101m, uz\u0146emot vair\u0101k nek\u0101 300 pasa\u017eieru. Termin\u0101l\u012b tiks uzb\u016bv\u0113ta ar\u012b jauna, papla\u0161in\u0101ta sanit\u0101r\u0101 telpa.<\/span><\/p><p class=\"MsoNormal\" style=\"text-align:justify;margin-bottom:0cm\"><span style=\"color:gray\">&nbsp;<\/span><\/p><p class=\"MsoNormal\" style=\"text-align:justify;margin-bottom:0cm\"><em><span style=\"color:gray\">&#8220;M\u0113s s\u0101kam invest\u012bciju \u012bsteno\u0161anu \u0161aj\u0101 objekt\u0101, kas j\u0101nodro\u0161ina piln\u012bgai darb\u012bbas nep\u0101rtraukt\u012bbai vis\u0101 b\u016bvdarbu period\u0101. K\u0101 Budimex mums ir pieredze lidostas infrastrukt\u016bras ievie\u0161an\u0101 un moderniz\u0101cij\u0101 Polij\u0101, kas \u013cauj mums efekt\u012bvi veikt \u0161\u0101da veida darbus pras\u012bg\u0101 akt\u012bvas lidostas vid\u0113. Invest\u012bciju \u012bsteno\u0161ana palielin\u0101s termin\u0101\u013ca kapacit\u0101ti, uzlabos ien\u0101ko\u0161\u0101s satiksmes apstr\u0101di un nodro\u0161in\u0101s pasa\u017eieriem funkcion\u0101l\u0101ku un \u0113rt\u0101ku telpu,&#8221;<\/span><\/em><span style=\"color:gray\"> <strong>saka Tomasz Bz\u00f3wka, Budimex SA l\u012bgumu grupas vad\u012bt\u0101js.<\/strong><\/span><\/p><p class=\"MsoNormal\" style=\"text-align:justify;margin-bottom:0cm\"><strong><span style=\"color:gray\">&nbsp;<\/span><\/strong><\/p><p class=\"MsoNormal\" style=\"text-align:justify;margin-bottom:0cm\"><span style=\"color:gray\">Ievie\u0161ana ir sadal\u012bta divos posmos, kas \u013caus nodro\u0161in\u0101t iera\u0161an\u0101s termin\u0101\u013ca darb\u012bbas nep\u0101rtraukt\u012bbu darbu laik\u0101. Pirmaj\u0101 posm\u0101 tiks izveidots jauns \u0113kas posms ar jaunu ieeju pasa\u017eieriem, kas ierodas no \u0101rpus \u0160engenas zonas, p\u0101rvietoto robe\u017ekontroles zonu un jaunu bag\u0101\u017eas telpu. P\u0113c \u0161\u012bs da\u013cas nodo\u0161anas ekspluat\u0101cij\u0101 s\u0101ksies eso\u0161o telpu rekonstrukcija, tostarp, cita starp\u0101, eso\u0161\u0101s robe\u017ekontroles zonas likvid\u0101cija un bag\u0101\u017eas sa\u0146em\u0161anas z\u0101les un bag\u0101\u017eas telpu t\u0101l\u0101ka papla\u0161in\u0101\u0161ana.<\/span><\/p><p class=\"MsoNormal\" style=\"text-align:justify;margin-bottom:0cm\"><span style=\"color:gray\">&nbsp;<\/span><\/p><p class=\"MsoNormal\" style=\"text-align:justify;margin-bottom:0cm\"><span style=\"color:gray\">Katovices lidosta ir svar\u012bga Polijas transporta sist\u0113mas sast\u0101vda\u013ca. 2025. gad\u0101 lidosta apkalpoja rekordlielu 7,3 miljonu pasa\u017eieru skaitu un sasniedza lab\u0101ko rezult\u0101tu sav\u0101 v\u0113stur\u0113 kravu p\u0101rvad\u0101jumos. C termin\u0101\u013ca papla\u0161in\u0101\u0161ana ir v\u0113l viens projekts, kura ietvaros Budimex atbalsta strat\u0113\u0123isk\u0101s infrastrukt\u016bras att\u012bst\u012bbu Polij\u0101. Uz\u0146\u0113muma jaun\u0101kie projekti avi\u0101cijas nozar\u0113 ietver simulatoru un apm\u0101c\u012bbu centru, kas uzb\u016bv\u0113ts Krakovas lidostas tuvum\u0101, k\u0101 ar\u012b l\u012bgumu par Polijas ostas pasa\u017eieru termin\u0101\u013ca pamatu b\u016bvniec\u012bbu. \u0160ie projekti apliecina Budimex konsekvento ap\u0146em\u0161anos att\u012bst\u012bt Polijas transporta infrastrukt\u016bru gan valsts, gan re\u0123ion\u0101l\u0101 l\u012bmen\u012b.<\/span><\/p><p class=\"MsoNormal\" style=\"text-align:justify;margin-bottom:0cm\">&nbsp;<\/p><p class=\"MsoNormal\" style=\"text-align:justify;margin-bottom:0cm\">&nbsp;<\/p><\/div><\/p>\n<\/div>\n                            <\/div>\n                                                                                                                                <\/div>\n    <\/div>\n<\/section> \n    <section id=\"block_4b50a70fca235f99d700a287a3c0c517\" class=\"gallery-section section-margin-120\" data-per-page=\"8\" data-per-row=\"4\" data-type=\"zdjecia\">\n        <div class=\"container\">\n            <div class=\"row\">\n                                    <div class=\"col-24\">\n                        <h2 class=\"gallery-section__title under-h2\">Galerija<\/h2>\n                    <\/div>\n                            <\/div>\n            <div class=\"row\">\n                <div class=\"col-24\">\n                                                                        <div class=\"gallery-section__grid gallery-section__grid--4\">\n                                \n                        <div class=\"gallery-section__image gallery-section__image--single\">\n                <a href=\"https:\/\/bdm-stg.mda.pl\/app\/uploads\/2026\/08\/zrzut_ekranu_2026_08_27_134050-31.png\">\n                                        <img loading=\"lazy\" decoding=\"async\" width=\"1217\" height=\"756\" src=\"https:\/\/bdm-stg.mda.pl\/app\/uploads\/2026\/08\/zrzut_ekranu_2026_08_27_134050-31.png\" class=\"attachment-full size-full\" alt=\"\" \/>                                    <\/a>\n                            <\/div>\n                                <div class=\"gallery-section__image gallery-section__image--single\">\n                <a href=\"https:\/\/bdm-stg.mda.pl\/app\/uploads\/2026\/08\/zrzut_ekranu_2026_08_27_134212-31.png\">\n                                        <img loading=\"lazy\" decoding=\"async\" width=\"1332\" height=\"806\" src=\"https:\/\/bdm-stg.mda.pl\/app\/uploads\/2026\/08\/zrzut_ekranu_2026_08_27_134212-31.png\" class=\"attachment-full size-full\" alt=\"\" \/>                                    <\/a>\n                            <\/div>\n                                <div class=\"gallery-section__image gallery-section__image--single\">\n                <a href=\"https:\/\/bdm-stg.mda.pl\/app\/uploads\/2026\/08\/zrzut_ekranu_2026_08_27_134304-31.png\">\n                                        <img loading=\"lazy\" decoding=\"async\" width=\"1331\" height=\"813\" src=\"https:\/\/bdm-stg.mda.pl\/app\/uploads\/2026\/08\/zrzut_ekranu_2026_08_27_134304-31.png\" class=\"attachment-full size-full\" alt=\"\" \/>                                    <\/a>\n                            <\/div>\n            \n                            <\/div>\n                                                                                        <\/div>\n            <\/div>\n        <\/div>\n    <\/section>\n ","protected":false},"excerpt":{"rendered":"","protected":false},"featured_media":0,"parent":0,"template":"","press_type":[],"acf":[],"yoast_head":"<!-- This site is optimized with the Yoast SEO plugin v22.5 - https:\/\/yoast.com\/wordpress\/plugins\/seo\/ -->\n<title>Budimex ir s\u0101cis termin\u0101\u013ca papla&scaron;in\u0101&scaron;anu Katovices-Pirzovices lidost\u0101 - Budimex<\/title>\n<meta name=\"robots\" content=\"noindex, follow, max-snippet:-1, max-image-preview:large, max-video-preview:-1\" \/>\n<meta property=\"og:locale\" content=\"lv_LV\" \/>\n<meta property=\"og:type\" content=\"article\" \/>\n<meta property=\"og:title\" content=\"Budimex ir s\u0101cis termin\u0101\u013ca papla&scaron;in\u0101&scaron;anu Katovices-Pirzovices lidost\u0101 - Budimex\" \/>\n<meta property=\"og:url\" content=\"https:\/\/bdm-stg.mda.pl\/lv\/informacje-prasowe\/budimex-ir-sacis-terminala-paplainaanu-katovices-pirzovices-lidosta\/\" \/>\n<meta property=\"og:site_name\" content=\"Budimex\" \/>\n<meta property=\"article:modified_time\" content=\"2026-08-28T12:29:01+00:00\" \/>\n<meta name=\"twitter:card\" content=\"summary_large_image\" \/>\n<script type=\"application\/ld+json\" class=\"yoast-schema-graph\">{\"@context\":\"https:\/\/schema.org\",\"@graph\":[{\"@type\":\"WebPage\",\"@id\":\"https:\/\/bdm-stg.mda.pl\/lv\/informacje-prasowe\/budimex-ir-sacis-terminala-paplainaanu-katovices-pirzovices-lidosta\/\",\"url\":\"https:\/\/bdm-stg.mda.pl\/lv\/informacje-prasowe\/budimex-ir-sacis-terminala-paplainaanu-katovices-pirzovices-lidosta\/\",\"name\":\"Budimex ir s\u0101cis termin\u0101\u013ca papla&scaron;in\u0101&scaron;anu Katovices-Pirzovices lidost\u0101 - Budimex\",\"isPartOf\":{\"@id\":\"https:\/\/bdm-stg.mda.pl\/lv\/#website\"},\"datePublished\":\"2026-08-27T11:53:37+00:00\",\"dateModified\":\"2026-08-28T12:29:01+00:00\",\"breadcrumb\":{\"@id\":\"https:\/\/bdm-stg.mda.pl\/lv\/informacje-prasowe\/budimex-ir-sacis-terminala-paplainaanu-katovices-pirzovices-lidosta\/#breadcrumb\"},\"inLanguage\":\"lv-LV\",\"potentialAction\":[{\"@type\":\"ReadAction\",\"target\":[\"https:\/\/bdm-stg.mda.pl\/lv\/informacje-prasowe\/budimex-ir-sacis-terminala-paplainaanu-katovices-pirzovices-lidosta\/\"]}]},{\"@type\":\"BreadcrumbList\",\"@id\":\"https:\/\/bdm-stg.mda.pl\/lv\/informacje-prasowe\/budimex-ir-sacis-terminala-paplainaanu-katovices-pirzovices-lidosta\/#breadcrumb\",\"itemListElement\":[{\"@type\":\"ListItem\",\"position\":1,\"name\":\"Strona g\u0142\u00f3wna\",\"item\":\"https:\/\/bdm-stg.mda.pl\/lv\/\"},{\"@type\":\"ListItem\",\"position\":2,\"name\":\"Budimex ir s\u0101cis termin\u0101\u013ca papla&scaron;in\u0101&scaron;anu Katovices-Pirzovices lidost\u0101\"}]},{\"@type\":\"WebSite\",\"@id\":\"https:\/\/bdm-stg.mda.pl\/lv\/#website\",\"url\":\"https:\/\/bdm-stg.mda.pl\/lv\/\",\"name\":\"Budimex\",\"description\":\"\",\"potentialAction\":[{\"@type\":\"SearchAction\",\"target\":{\"@type\":\"EntryPoint\",\"urlTemplate\":\"https:\/\/bdm-stg.mda.pl\/lv\/?s={search_term_string}\"},\"query-input\":\"required name=search_term_string\"}],\"inLanguage\":\"lv-LV\"}]}<\/script>\n<!-- \/ Yoast SEO plugin. -->","yoast_head_json":{"title":"Budimex ir s\u0101cis termin\u0101\u013ca papla&scaron;in\u0101&scaron;anu Katovices-Pirzovices lidost\u0101 - Budimex","robots":{"index":"noindex","follow":"follow","max-snippet":"max-snippet:-1","max-image-preview":"max-image-preview:large","max-video-preview":"max-video-preview:-1"},"og_locale":"lv_LV","og_type":"article","og_title":"Budimex ir s\u0101cis termin\u0101\u013ca papla&scaron;in\u0101&scaron;anu Katovices-Pirzovices lidost\u0101 - Budimex","og_url":"https:\/\/bdm-stg.mda.pl\/lv\/informacje-prasowe\/budimex-ir-sacis-terminala-paplainaanu-katovices-pirzovices-lidosta\/","og_site_name":"Budimex","article_modified_time":"2026-08-28T12:29:01+00:00","twitter_card":"summary_large_image","schema":{"@context":"https:\/\/schema.org","@graph":[{"@type":"WebPage","@id":"https:\/\/bdm-stg.mda.pl\/lv\/informacje-prasowe\/budimex-ir-sacis-terminala-paplainaanu-katovices-pirzovices-lidosta\/","url":"https:\/\/bdm-stg.mda.pl\/lv\/informacje-prasowe\/budimex-ir-sacis-terminala-paplainaanu-katovices-pirzovices-lidosta\/","name":"Budimex ir s\u0101cis termin\u0101\u013ca papla&scaron;in\u0101&scaron;anu Katovices-Pirzovices lidost\u0101 - Budimex","isPartOf":{"@id":"https:\/\/bdm-stg.mda.pl\/lv\/#website"},"datePublished":"2026-08-27T11:53:37+00:00","dateModified":"2026-08-28T12:29:01+00:00","breadcrumb":{"@id":"https:\/\/bdm-stg.mda.pl\/lv\/informacje-prasowe\/budimex-ir-sacis-terminala-paplainaanu-katovices-pirzovices-lidosta\/#breadcrumb"},"inLanguage":"lv-LV","potentialAction":[{"@type":"ReadAction","target":["https:\/\/bdm-stg.mda.pl\/lv\/informacje-prasowe\/budimex-ir-sacis-terminala-paplainaanu-katovices-pirzovices-lidosta\/"]}]},{"@type":"BreadcrumbList","@id":"https:\/\/bdm-stg.mda.pl\/lv\/informacje-prasowe\/budimex-ir-sacis-terminala-paplainaanu-katovices-pirzovices-lidosta\/#breadcrumb","itemListElement":[{"@type":"ListItem","position":1,"name":"Strona g\u0142\u00f3wna","item":"https:\/\/bdm-stg.mda.pl\/lv\/"},{"@type":"ListItem","position":2,"name":"Budimex ir s\u0101cis termin\u0101\u013ca papla&scaron;in\u0101&scaron;anu Katovices-Pirzovices lidost\u0101"}]},{"@type":"WebSite","@id":"https:\/\/bdm-stg.mda.pl\/lv\/#website","url":"https:\/\/bdm-stg.mda.pl\/lv\/","name":"Budimex","description":"","potentialAction":[{"@type":"SearchAction","target":{"@type":"EntryPoint","urlTemplate":"https:\/\/bdm-stg.mda.pl\/lv\/?s={search_term_string}"},"query-input":"required name=search_term_string"}],"inLanguage":"lv-LV"}]}},"_links":{"self":[{"href":"https:\/\/bdm-stg.mda.pl\/lv\/wp-json\/wp\/v2\/press\/439896"}],"collection":[{"href":"https:\/\/bdm-stg.mda.pl\/lv\/wp-json\/wp\/v2\/press"}],"about":[{"href":"https:\/\/bdm-stg.mda.pl\/lv\/wp-json\/wp\/v2\/types\/press"}],"version-history":[{"count":3,"href":"https:\/\/bdm-stg.mda.pl\/lv\/wp-json\/wp\/v2\/press\/439896\/revisions"}],"predecessor-version":[{"id":440947,"href":"https:\/\/bdm-stg.mda.pl\/lv\/wp-json\/wp\/v2\/press\/439896\/revisions\/440947"}],"wp:attachment":[{"href":"https:\/\/bdm-stg.mda.pl\/lv\/wp-json\/wp\/v2\/media?parent=439896"}],"wp:term":[{"taxonomy":"press_type","embeddable":true,"href":"https:\/\/bdm-stg.mda.pl\/lv\/wp-json\/wp\/v2\/press_type?post=439896"}],"curies":[{"name":"wp","href":"https:\/\/api.w.org\/{rel}","templated":true}]}}