{"id":310639,"date":"2026-02-24T14:07:00","date_gmt":"2026-02-24T14:07:00","guid":{"rendered":"https:\/\/bdm-stg.mda.pl\/informacje-prasowe\/rozhodnutie-budimex-so-zrid-pre-sek-5-dialnice-s10\/"},"modified":"2026-02-25T14:41:36","modified_gmt":"2026-02-25T14:41:36","slug":"rozhodnutie-budimex-so-zrid-pre-sek-5-dialnice-s10","status":"publish","type":"press","link":"https:\/\/bdm-stg.mda.pl\/sk\/informacje-prasowe\/rozhodnutie-budimex-so-zrid-pre-sek-5-dialnice-s10\/","title":{"rendered":"Rozhodnutie Budimex so ZRID pre &uacute;sek 5 dia\u013enice S10"},"content":{"rendered":"\n<section id=\"block_580a483da4b2aafb2075600c3ddb5641\" class=\"text-block   -hide-dots section-margin-120\">\n    <div class=\"container\">\n        <div class=\"row\">\n            <div class=\"col-24 col-lg-16\">\n                                    <p class=\"typo-18 under-p-medium color-gray-120 text-block__date\">24.02.2026<\/p>\n                                                    <div class=\"text-block__top-texts under-h2\">\n                        <h2 class=\"text-block__title under-p-big\">Rozhodnutie Budimex so ZRID pre \u00fasek 5 dia\u013enice S10<\/h2>\n                                                    <p class=\"typo-18 under-p-medium color-gray-120\">\n                                \n<div class=\"card-share card-share--flex\">\n    <div class=\"card-share__inner\">\n        <p class=\"card-share__title typo-18\">Udost\u0119pnij artyku\u0142<\/p>\n        <div class=\"card-share__links\">\n            <div class=\"card-share__link card-share__link--facebook\">\n                <a href=\"https:\/\/www.facebook.com\/sharer\/sharer.php?u=https:\/\/bdm-stg.mda.pl\/sk\/informacje-prasowe\/rozhodnutie-budimex-so-zrid-pre-sek-5-dialnice-s10\/\" target=\"_blank\">\n                    <span class=\"card-share__linkIcon icon icon-facebook d-flex\"><\/span>\n                <\/a>\n            <\/div>\n            <div class=\"card-share__link card-share__link--linkedin\">\n                <a href=\"https:\/\/www.linkedin.com\/shareArticle?mini=true&#038;url=https:\/\/bdm-stg.mda.pl\/sk\/informacje-prasowe\/rozhodnutie-budimex-so-zrid-pre-sek-5-dialnice-s10\/\" target=\"_blank\" rel=\"nofollow\">\n                    <span class=\"card-share__linkIcon icon icon-linkedin\"><\/span>\n                <\/a>\n            <\/div>\n            <div class=\"card-share__link card-share__link--twitter\">\n                <a href=\"https:\/\/twitter.com\/intent\/tweet?url=https%3A%2F%2Fbdm-stg.mda.pl%2Fsk%2Finformacje-prasowe%2Frozhodnutie-budimex-so-zrid-pre-sek-5-dialnice-s10%2F\" target=\"_blank\" rel=\"nofollow\">\n                    <span class=\"card-share__linkIcon icon icon-x\"><\/span>\n                <\/a>\n            <\/div>\n        <\/div>\n    <\/div>\n<\/div>                            <\/p>\n                                            <\/div>\n                                                                                    <div class=\"text-block__text text-editor\"><p><p><strong>Za\u010d\u00ednaj\u00fa sa pr\u00e1ce na\u00a0\u010fal\u0161om \u00faseku dia\u013enice S10, ktor\u00fd je\u00a0pre Z\u00e1padn\u00e9 Pomoransko k\u013e\u00fa\u010dov\u00fd. Budimex z\u00edskal rozhodnutie ZRID pre \u00fasek \u010d. 5 trasy S10 medzi Szczecinom a\u00a0Pi\u0142a. Toto je\u00a0\u0161tvrt\u00e9 stavebn\u00e9 povolenie pre t\u00fato trasu a\u00a0tretie pre \u00faseky realizovan\u00e9 spolo\u010dnos\u0165ou Budimex. Spolo\u010dnos\u0165 tak\u00a0u\u017e m\u00e1 povolenia na\u00a0polovicu zo \u0161iestich \u00fasekov S10, ktor\u00e9 stavia.<\/strong><\/p><p>Piaty \u00fasek S10, dlh\u00fd 16,60 km, spoj\u00ed mesto Cybowo s\u00a0\u0141owicz Wa\u0142ecki. Trasa povedie cez oblasti okresov Drawsko a\u00a0Wa\u0142ecki \u2013 cez obce Kalisz Pomorski a\u00a0Miros\u0142awiec \u2013 a\u00a0bude obchvatom mesta Kalisz Pomorski novou trasou. Hodnota kontraktu je\u00a0592,9 mili\u00f3na PLN hrub\u00e1. Zmluva bola podp\u00edsan\u00e1 20. j\u00fana 2024 a\u00a0obdobie realiz\u00e1cie invest\u00edci\u00ed bolo stanoven\u00e9 na\u00a039 mesiacov. Rozhodnutie ZRID, vydan\u00e9 6.02.2026, znamen\u00e1, \u017ee hlavn\u00fd dod\u00e1vate\u013e m\u00f4\u017ee za\u010da\u0165 stavebn\u00e9 pr\u00e1ce, ktor\u00fdch dokon\u010denie je\u00a0pl\u00e1novan\u00e9 na\u00a0j\u00fan 2028.<\/p><p>Rozsah realiz\u00e1cie zah\u0155\u0148a m.in v\u00fdstavbu cestn\u00fdch kri\u017eovatiek Cybowo a\u00a0Kalisz Pomorski, v\u00fdstavbu 15 in\u017einierskych stavieb \u2013 vr\u00e1tane cestn\u00fdch viaduktov a\u00a0horn\u00fdch a\u00a0doln\u00fdch priechodov pre zvierat\u00e1 \u2013 ako aj\u00a0troch mostov integrovan\u00fdch s\u00a0prechodmi pre zvierat\u00e1 a\u00a024 priepustov pre oboj\u017eiveln\u00edky a\u00a0mal\u00e9 zvierat\u00e1. Invest\u00edcia zah\u0155\u0148a aj\u00a0v\u00fdstavbu dvojice Cybowo Passenger Service Points (MOP) s\u00a0budovami a\u00a0rekrea\u010dnou infra\u0161trukt\u00farou, okruhu \u00fadr\u017eby ciest s\u00a0technick\u00fdmi zariadeniami a\u00a0skladom soli, rekon\u0161trukciu okresn\u00fdch a\u00a0mestsk\u00fdch ciest, v\u00fdstavbu \u010fal\u0161\u00edch ciest v\u00a0r\u00e1mci cestn\u00e9ho pruhu a\u00a0komplexn\u00e9 odvodnenie trasy.<\/p><p>Budimex stavia celkovo \u0161es\u0165 z\u00a0\u00f4smich \u00fasekov dia\u013enice S10 medzi \u0160tet\u00ednom a\u00a0Pi\u013eou, \u010do z\u00a0nej rob\u00ed hlavn\u00e9ho dod\u00e1vate\u013ea tejto \u010dasti invest\u00edcie. Dokon\u010denie celej trasy na\u00a0\u00faseku Szczecin \u2013 Wa\u0142cz je\u00a0pl\u00e1novan\u00e9 do\u00a0konca roku 2028.<\/p><p><strong>&nbsp;<\/strong>&#8221; <em>Realiz\u00e1ciou \u0161iestich z\u00a0\u00f4smich \u00fasekov S10 medzi Szczecinom a\u00a0Pi\u0142ou sme zodpovedn\u00ed za\u00a0hlavn\u00fa \u010das\u0165 tejto trasy v\u00a0regi\u00f3ne. Z\u00edskanie tretieho rozhodnutia ZRID pre na\u0161e \u00faseky znamen\u00e1, \u017ee polovica \u00fasekov, na\u00a0ktor\u00fdch moment\u00e1lne pracujeme, u\u017e vstupuje do\u00a0stavebnej f\u00e1zy, \u010do n\u00e1s pribli\u017euje k\u00a0dokon\u010deniu celej trate do\u00a0roku 2028<\/em> ,&#8221; <strong>hovor\u00ed Robert Jastrz\u0119bski, zmluvn\u00fd riadite\u013e Budimex SA.<\/strong><\/p><p>Budimex p\u00f4sob\u00ed ako popredn\u00fd po\u013esk\u00fd gener\u00e1lny dod\u00e1vate\u013e k\u013e\u00fa\u010dov\u00fdch infra\u0161trukt\u00farnych invest\u00edci\u00ed u\u017e takmer 60 rokov. Spolo\u010dnos\u0165 m\u00e1 technick\u00e9 zariadenia v\u00a0krajine, zamestn\u00e1va viac ako 7 tis\u00edc zamestnancov a\u00a0pravidelne investuje do\u00a0v\u00fdvoja nov\u00fdch technol\u00f3gi\u00ed <br>a kompetenci\u00ed svojich zamestnancov. Je\u00a0tie\u017e jedn\u00fdm z\u00a0najv\u00e4\u010d\u0161\u00edch platite\u013eov CIT v\u00a0stavebn\u00edctve. Za\u00a0posledn\u00fdch desa\u0165 rokov na\u00a0tento \u00fa\u010det previedol do\u00a0\u0161t\u00e1tneho rozpo\u010dtu viac ako 1,5 miliardy PLN. Realiz\u00e1cia strategick\u00fdch projektov, ako je\u00a0dia\u013enica S10, nie\u00a0je\u00a0len o\u00a0rozvoji infra\u0161trukt\u00fary, ale\u00a0aj\u00a0o\u00a0skuto\u010dnom pr\u00edspevku po\u013eskej ekonomike a\u00a0stabiln\u00fdm verejn\u00fdm financi\u00e1m.<\/p><\/p><\/div>\n                            <\/div>\n                                                                                                                                <\/div>\n    <\/div>\n<\/section> \n    <section id=\"block_11d79961169baee7a0e323f49e9b9406\" class=\"gallery-section section-margin-120\" data-per-page=\"8\" data-per-row=\"4\" data-type=\"zdjecia\">\n        <div class=\"container\">\n            <div class=\"row\">\n                                    <div class=\"col-24\">\n                        <h2 class=\"gallery-section__title under-h2\">Gal&eacute;ria<\/h2>\n                    <\/div>\n                            <\/div>\n            <div class=\"row\">\n                <div class=\"col-24\">\n                                                                        <div class=\"gallery-section__grid gallery-section__grid--4\">\n                                \n                        <div class=\"gallery-section__image gallery-section__image--single\">\n                <a href=\"https:\/\/bdm-stg.mda.pl\/app\/uploads\/2026\/02\/inwestycje_drogowe_1_30_scaled-32.jpg\">\n                                        <img loading=\"lazy\" decoding=\"async\" width=\"2560\" height=\"1917\" src=\"https:\/\/bdm-stg.mda.pl\/app\/uploads\/2026\/02\/inwestycje_drogowe_1_30_scaled-32.jpg\" class=\"attachment-full size-full\" alt=\"\" \/>                                    <\/a>\n                            <\/div>\n            \n                            <\/div>\n                                                                                        <\/div>\n            <\/div>\n        <\/div>\n    <\/section>\n ","protected":false},"excerpt":{"rendered":"","protected":false},"featured_media":0,"parent":0,"template":"","press_type":[],"acf":[],"yoast_head":"<!-- This site is optimized with the Yoast SEO plugin v22.5 - https:\/\/yoast.com\/wordpress\/plugins\/seo\/ -->\n<title>Rozhodnutie Budimex so ZRID pre &uacute;sek 5 dia\u013enice S10 - Budimex<\/title>\n<meta name=\"robots\" content=\"noindex, follow, max-snippet:-1, max-image-preview:large, max-video-preview:-1\" \/>\n<meta property=\"og:locale\" content=\"sk_SK\" \/>\n<meta property=\"og:type\" content=\"article\" \/>\n<meta property=\"og:title\" content=\"Rozhodnutie Budimex so ZRID pre &uacute;sek 5 dia\u013enice S10 - Budimex\" \/>\n<meta property=\"og:url\" content=\"https:\/\/bdm-stg.mda.pl\/sk\/informacje-prasowe\/rozhodnutie-budimex-so-zrid-pre-sek-5-dialnice-s10\/\" \/>\n<meta property=\"og:site_name\" content=\"Budimex\" \/>\n<meta property=\"article:modified_time\" content=\"2026-02-25T14:41:36+00:00\" \/>\n<meta name=\"twitter:card\" content=\"summary_large_image\" \/>\n<script type=\"application\/ld+json\" class=\"yoast-schema-graph\">{\"@context\":\"https:\/\/schema.org\",\"@graph\":[{\"@type\":\"WebPage\",\"@id\":\"https:\/\/bdm-stg.mda.pl\/sk\/informacje-prasowe\/rozhodnutie-budimex-so-zrid-pre-sek-5-dialnice-s10\/\",\"url\":\"https:\/\/bdm-stg.mda.pl\/sk\/informacje-prasowe\/rozhodnutie-budimex-so-zrid-pre-sek-5-dialnice-s10\/\",\"name\":\"Rozhodnutie Budimex so ZRID pre &uacute;sek 5 dia\u013enice S10 - Budimex\",\"isPartOf\":{\"@id\":\"https:\/\/bdm-stg.mda.pl\/sk\/#website\"},\"datePublished\":\"2026-02-24T14:07:00+00:00\",\"dateModified\":\"2026-02-25T14:41:36+00:00\",\"breadcrumb\":{\"@id\":\"https:\/\/bdm-stg.mda.pl\/sk\/informacje-prasowe\/rozhodnutie-budimex-so-zrid-pre-sek-5-dialnice-s10\/#breadcrumb\"},\"inLanguage\":\"sk-SK\",\"potentialAction\":[{\"@type\":\"ReadAction\",\"target\":[\"https:\/\/bdm-stg.mda.pl\/sk\/informacje-prasowe\/rozhodnutie-budimex-so-zrid-pre-sek-5-dialnice-s10\/\"]}]},{\"@type\":\"BreadcrumbList\",\"@id\":\"https:\/\/bdm-stg.mda.pl\/sk\/informacje-prasowe\/rozhodnutie-budimex-so-zrid-pre-sek-5-dialnice-s10\/#breadcrumb\",\"itemListElement\":[{\"@type\":\"ListItem\",\"position\":1,\"name\":\"Strona g\u0142\u00f3wna\",\"item\":\"https:\/\/bdm-stg.mda.pl\/sk\/\"},{\"@type\":\"ListItem\",\"position\":2,\"name\":\"Rozhodnutie Budimex so ZRID pre &uacute;sek 5 dia\u013enice S10\"}]},{\"@type\":\"WebSite\",\"@id\":\"https:\/\/bdm-stg.mda.pl\/sk\/#website\",\"url\":\"https:\/\/bdm-stg.mda.pl\/sk\/\",\"name\":\"Budimex\",\"description\":\"\",\"potentialAction\":[{\"@type\":\"SearchAction\",\"target\":{\"@type\":\"EntryPoint\",\"urlTemplate\":\"https:\/\/bdm-stg.mda.pl\/sk\/?s={search_term_string}\"},\"query-input\":\"required name=search_term_string\"}],\"inLanguage\":\"sk-SK\"}]}<\/script>\n<!-- \/ Yoast SEO plugin. -->","yoast_head_json":{"title":"Rozhodnutie Budimex so ZRID pre &uacute;sek 5 dia\u013enice S10 - Budimex","robots":{"index":"noindex","follow":"follow","max-snippet":"max-snippet:-1","max-image-preview":"max-image-preview:large","max-video-preview":"max-video-preview:-1"},"og_locale":"sk_SK","og_type":"article","og_title":"Rozhodnutie Budimex so ZRID pre &uacute;sek 5 dia\u013enice S10 - Budimex","og_url":"https:\/\/bdm-stg.mda.pl\/sk\/informacje-prasowe\/rozhodnutie-budimex-so-zrid-pre-sek-5-dialnice-s10\/","og_site_name":"Budimex","article_modified_time":"2026-02-25T14:41:36+00:00","twitter_card":"summary_large_image","schema":{"@context":"https:\/\/schema.org","@graph":[{"@type":"WebPage","@id":"https:\/\/bdm-stg.mda.pl\/sk\/informacje-prasowe\/rozhodnutie-budimex-so-zrid-pre-sek-5-dialnice-s10\/","url":"https:\/\/bdm-stg.mda.pl\/sk\/informacje-prasowe\/rozhodnutie-budimex-so-zrid-pre-sek-5-dialnice-s10\/","name":"Rozhodnutie Budimex so ZRID pre &uacute;sek 5 dia\u013enice S10 - Budimex","isPartOf":{"@id":"https:\/\/bdm-stg.mda.pl\/sk\/#website"},"datePublished":"2026-02-24T14:07:00+00:00","dateModified":"2026-02-25T14:41:36+00:00","breadcrumb":{"@id":"https:\/\/bdm-stg.mda.pl\/sk\/informacje-prasowe\/rozhodnutie-budimex-so-zrid-pre-sek-5-dialnice-s10\/#breadcrumb"},"inLanguage":"sk-SK","potentialAction":[{"@type":"ReadAction","target":["https:\/\/bdm-stg.mda.pl\/sk\/informacje-prasowe\/rozhodnutie-budimex-so-zrid-pre-sek-5-dialnice-s10\/"]}]},{"@type":"BreadcrumbList","@id":"https:\/\/bdm-stg.mda.pl\/sk\/informacje-prasowe\/rozhodnutie-budimex-so-zrid-pre-sek-5-dialnice-s10\/#breadcrumb","itemListElement":[{"@type":"ListItem","position":1,"name":"Strona g\u0142\u00f3wna","item":"https:\/\/bdm-stg.mda.pl\/sk\/"},{"@type":"ListItem","position":2,"name":"Rozhodnutie Budimex so ZRID pre &uacute;sek 5 dia\u013enice S10"}]},{"@type":"WebSite","@id":"https:\/\/bdm-stg.mda.pl\/sk\/#website","url":"https:\/\/bdm-stg.mda.pl\/sk\/","name":"Budimex","description":"","potentialAction":[{"@type":"SearchAction","target":{"@type":"EntryPoint","urlTemplate":"https:\/\/bdm-stg.mda.pl\/sk\/?s={search_term_string}"},"query-input":"required name=search_term_string"}],"inLanguage":"sk-SK"}]}},"_links":{"self":[{"href":"https:\/\/bdm-stg.mda.pl\/sk\/wp-json\/wp\/v2\/press\/310639"}],"collection":[{"href":"https:\/\/bdm-stg.mda.pl\/sk\/wp-json\/wp\/v2\/press"}],"about":[{"href":"https:\/\/bdm-stg.mda.pl\/sk\/wp-json\/wp\/v2\/types\/press"}],"version-history":[{"count":3,"href":"https:\/\/bdm-stg.mda.pl\/sk\/wp-json\/wp\/v2\/press\/310639\/revisions"}],"predecessor-version":[{"id":311292,"href":"https:\/\/bdm-stg.mda.pl\/sk\/wp-json\/wp\/v2\/press\/310639\/revisions\/311292"}],"wp:attachment":[{"href":"https:\/\/bdm-stg.mda.pl\/sk\/wp-json\/wp\/v2\/media?parent=310639"}],"wp:term":[{"taxonomy":"press_type","embeddable":true,"href":"https:\/\/bdm-stg.mda.pl\/sk\/wp-json\/wp\/v2\/press_type?post=310639"}],"curies":[{"name":"wp","href":"https:\/\/api.w.org\/{rel}","templated":true}]}}