{"id":311404,"date":"2026-03-02T09:16:10","date_gmt":"2026-03-02T09:16:10","guid":{"rendered":"https:\/\/bdm-stg.mda.pl\/informacje-prasowe\/budimex-mobility-nov-cennk-a-akcie-na-zaciatok\/"},"modified":"2026-03-03T11:03:05","modified_gmt":"2026-03-03T11:03:05","slug":"budimex-mobility-nov-cennk-a-akcie-na-zaciatok","status":"publish","type":"press","link":"https:\/\/bdm-stg.mda.pl\/sk\/informacje-prasowe\/budimex-mobility-nov-cennk-a-akcie-na-zaciatok\/","title":{"rendered":"Budimex Mobility &ndash; nov&yacute; cenn&iacute;k a akcie na za\u010diatok"},"content":{"rendered":"\n<section id=\"block_bd1c41a7cc693bc99111b892abe7a728\" class=\"text-block   -hide-dots section-margin-120\">\n    <div class=\"container\">\n        <div class=\"row\">\n            <div class=\"col-24 col-lg-16\">\n                                    <p class=\"typo-18 under-p-medium color-gray-120 text-block__date\">02.03.2026<\/p>\n                                                    <div class=\"text-block__top-texts under-h2\">\n                        <h2 class=\"text-block__title under-p-big\">Budimex Mobility \u2013 nov\u00fd cenn\u00edk a\u00a0akcie na\u00a0za\u010diatok<\/h2>\n                                                    <p class=\"typo-18 under-p-medium color-gray-120\">\n                                \n<div class=\"card-share card-share--flex\">\n    <div class=\"card-share__inner\">\n        <p class=\"card-share__title typo-18\">Udost\u0119pnij artyku\u0142<\/p>\n        <div class=\"card-share__links\">\n            <div class=\"card-share__link card-share__link--facebook\">\n                <a href=\"https:\/\/www.facebook.com\/sharer\/sharer.php?u=https:\/\/bdm-stg.mda.pl\/sk\/informacje-prasowe\/budimex-mobility-nov-cennk-a-akcie-na-zaciatok\/\" target=\"_blank\">\n                    <span class=\"card-share__linkIcon icon icon-facebook d-flex\"><\/span>\n                <\/a>\n            <\/div>\n            <div class=\"card-share__link card-share__link--linkedin\">\n                <a href=\"https:\/\/www.linkedin.com\/shareArticle?mini=true&#038;url=https:\/\/bdm-stg.mda.pl\/sk\/informacje-prasowe\/budimex-mobility-nov-cennk-a-akcie-na-zaciatok\/\" target=\"_blank\" rel=\"nofollow\">\n                    <span class=\"card-share__linkIcon icon icon-linkedin\"><\/span>\n                <\/a>\n            <\/div>\n            <div class=\"card-share__link card-share__link--twitter\">\n                <a href=\"https:\/\/twitter.com\/intent\/tweet?url=https%3A%2F%2Fbdm-stg.mda.pl%2Fsk%2Finformacje-prasowe%2Fbudimex-mobility-nov-cennk-a-akcie-na-zaciatok%2F\" target=\"_blank\" rel=\"nofollow\">\n                    <span class=\"card-share__linkIcon icon icon-x\"><\/span>\n                <\/a>\n            <\/div>\n        <\/div>\n    <\/div>\n<\/div>                            <\/p>\n                                            <\/div>\n                                                                                    <div class=\"text-block__text text-editor\"><p><p><strong>Budimex Mobility aktualizuje cenn\u00edk slu\u017eieb nab\u00edjania elektrick\u00fdch vozidiel. Nov\u00e9 tarify nadobudn\u00fa \u00fa\u010dinnos\u0165 od\u00a02. marca 2026 na\u00a0v\u0161etk\u00fdch staniciach oper\u00e1tora v\u00a0Po\u013esku. Z\u00e1rove\u0148 spolo\u010dnos\u0165 zav\u00e1dza \u0161peci\u00e1lnu ponuku pre pou\u017e\u00edvate\u013eov novo otvoren\u00fdch lokal\u00edt, ktor\u00ed bud\u00fa profitova\u0165 z\u00a0preferen\u010dn\u00fdch cenov\u00fdch podmienok po\u010das prv\u00e9ho t\u00fd\u017ed\u0148a po\u00a0spusten\u00ed stanice.<\/strong><\/p><p>Nov\u00e9 sadzby platia pre v\u0161etky verejne pr\u00edstupn\u00e9 stanice Budimex Mobility a\u00a0nadobudn\u00fa \u00fa\u010dinnos\u0165 v\u00a0pondelok 2. marca 2026. Inform\u00e1cie o\u00a0aktu\u00e1lnych otvoreniach a\u00a0staniciach, ktor\u00e9 s\u00fa pokryt\u00e9 propaga\u010dn\u00fdmi cenami, n\u00e1jdete tu: <a href=\"https:\/\/budimexmobility.pl\/nowy-cennik-ladowania-budimex-mobility\/\" rel=\"noopener\">https:\/\/budimexmobility.pl\/nowy-cennik-ladowania-budimex-mobility\/<\/a>.<\/p><p>&#8221; <em>Elektromobilita v\u00a0Po\u013esku rastie ve\u013emi dynamicky a\u00a0s\u00a0\u0148ou aj\u00a0o\u010dak\u00e1vania t\u00fdkaj\u00face sa dostupnosti stan\u00edc a\u00a0predv\u00eddate\u013en\u00fdch n\u00e1kladov na\u00a0nab\u00edjanie.&nbsp; Dnes vodi\u010di elektrick\u00fdch \u00e1ut o\u010dak\u00e1vaj\u00fa nielen r\u00fdchle nab\u00edjanie, ale\u00a0aj\u00a0jednoduch\u00e9 pravidl\u00e1 a\u00a0pohodln\u00fa platbu. Preto od\u00a02. marca 2026 zav\u00e1dzame aktualizovan\u00fd cenn\u00edk na\u00a0v\u0161etk\u00fdch staniciach Budimex Mobility v\u00a0Po\u013esku a\u00a0pre novo otvoren\u00e9 prev\u00e1dzky sme pripravili &#8220;\u0160tartov\u00fa akciu&#8221; \u2013 7 dn\u00ed od\u00a0spustenia stanice bude nab\u00edjanie dostupn\u00e9 na\u00a0preferen\u010dn\u00fdch podmienkach <\/em>,&#8221; hovor\u00ed Monika Krzemie\u0144, \u010dlenka predstavenstva Budimex Mobility SA.<\/p><p>Nov\u00fd cenn\u00edk Budimex Mobility<\/p><table style=\"width:643px\" width=\"456\"><tbody><tr><td style=\"width:57.7969px;width:57.7969px\"><p><strong>STANICA<\/strong><\/p><\/td><td style=\"width:57.9375px;width:57.9375px\"><p><strong>V\u00ddKON kW<\/strong><\/p><\/td><td style=\"width:53.7188px;width:53.7188px\"><p><strong>Ceny* <\/strong><\/p><\/td><td style=\"width:309.547px;width:309.547px\"><p><strong>ZA\u010cNITE PROPAG\u00c1CIU*<\/strong><\/p><\/td><\/tr><tr><td style=\"width:57.7969px;width:57.7969px\"><p><em>AC<\/em><\/p><\/td><td style=\"width:57.9375px;width:57.9375px\"><p><em>22 kWh \/ 44 kW<\/em><\/p><\/td><td style=\"width:53.7188px;width:53.7188px\"><p><em>1,96 PLN\/kWh<\/em><\/p><\/td><td style=\"width:309.547px;width:309.547px\"><p><strong><em>1,78 PLN\/kWh<\/em><\/strong><\/p><\/td><\/tr><tr><td style=\"width:57.7969px;width:57.7969px\"><p><em>DC<\/em><\/p><\/td><td style=\"width:57.9375px;width:57.9375px\"><p><em>a\u017e do\u00a060 kW<\/em><\/p><\/td><td style=\"width:53.7188px;width:53.7188px\"><p><em>2,35 PLN\/kWh<\/em><\/p><\/td><td style=\"width:309.547px;width:309.547px\"><p><strong><em>2,35 PLN\/kWh<\/em><\/strong><\/p><\/td><\/tr><tr><td style=\"width:57.7969px;width:57.7969px\"><p><em>DC<\/em><\/p><\/td><td style=\"width:57.9375px;width:57.9375px\"><p><em>z 61 kW na\u00a0150 kW<\/em><\/p><\/td><td style=\"width:53.7188px;width:53.7188px\"><p><em>2,45 PLN\/kWh<\/em><\/p><\/td><td style=\"width:309.547px;width:309.547px\"><p><strong><em>2,35 PLN\/kWh<\/em><\/strong><\/p><\/td><\/tr><tr><td style=\"width:57.7969px;width:57.7969px\"><p><em>DC<\/em><\/p><\/td><td style=\"width:57.9375px;width:57.9375px\"><p><em>nad 150 kW<\/em><\/p><\/td><td style=\"width:53.7188px;width:53.7188px\"><p><em>2,66 PLN\/kWh<\/em><\/p><\/td><td style=\"width:309.547px;width:309.547px\"><p><strong><em>2,35 PLN\/kWh<\/em><\/strong><\/p><\/td><\/tr><\/tbody><\/table><p>* Hrub\u00e9 ceny<\/p><p>* Propag\u00e1cia \u0161tartu je\u00a0platn\u00e1 7 dn\u00ed od\u00a0spustenia novo otvorenej nab\u00edjacej stanice<\/p><p><strong>R\u00fdchle nab\u00edjanie a\u00a0intuit\u00edvne platby na\u00a0Budimex staniciach<\/strong><\/p><p>Sie\u0165 Budimex Mobility u\u017e zah\u0155\u0148a pribli\u017ene 200 stan\u00edc, teda viac ako 400 nab\u00edjac\u00edch stan\u00edc po\u00a0celej krajine \u2013 od\u00a0Manufaktury v\u00a0\u0141\u00f3d\u017ai, cez hotel Ar\u0142am\u00f3w, a\u017e po\u00a0Jakuszyce a\u00a0Zakopane. Spolo\u010dnos\u0165 v\u0161ak nespoma\u013euje. Strategick\u00fdm cie\u013eom je\u00a0500 nab\u00edjac\u00edch bodov, s\u00a0prioritou pre DC r\u00fdchle nab\u00edja\u010dky. \u010coskoro sa k\u00a0mape pridaj\u00fa aj\u00a0\u010fal\u0161ie lokality, m.in.\u00a0v\u00a0Chorz\u00f3we a\u00a0Ciechan\u00f3we. V\u0161etky stanice funguj\u00fa 24\/7, \u010do zaru\u010duje pln\u00fa dostupnos\u0165 vodi\u010dov kedyko\u013evek po\u010das d\u0148a \u010di noci.<\/p><p>Aby spolo\u010dnos\u0165 vyhovela potreb\u00e1m pou\u017e\u00edvate\u013eov, zameriava sa na\u00a0maxim\u00e1lne pohodlie slu\u017eieb:<\/p><ul><li>Intuit\u00edvne platby: na\u00a0v\u00e4\u010d\u0161ine nov\u00fdch stan\u00edc m\u00f4\u017eete plati\u0165 priamo platobnou kartou bez\u00a0potreby registr\u00e1cie, a\u00a0pre pou\u017e\u00edvate\u013eov, ktor\u00ed uprednost\u0148uj\u00fa spr\u00e1vu rel\u00e1cie zo smartf\u00f3nu, je\u00a0k\u00a0dispoz\u00edcii aplik\u00e1cia Elocity.<\/li><li>Jednoduch\u00e9 pl\u00e1novanie trasy: V\u0161etky lokality s\u00fa vidite\u013en\u00e9 v\u00a0Google Maps, \u010do v\u00e1m umo\u017en\u00ed n\u00e1js\u0165 najbli\u017e\u0161\u00ed bod v\u00a0okamihu.<\/li><\/ul><p>Kompletn\u00fd zoznam stan\u00edc je\u00a0dostupn\u00fd na: Nab\u00edjacie stanice pre elektrick\u00e9 aut\u00e1 \u2013 Budimex Mobility.<\/p><p><strong>Podporujeme rozvoj elektromobility v\u00a0Po\u013esku<\/strong><\/p><p>Rozvoj efekt\u00edvnej a\u00a0\u013eahko dostupnej infra\u0161trukt\u00fary je\u00a0k\u013e\u00fa\u010dov\u00fd pre bud\u00facnos\u0165 elektromobility v\u00a0Po\u013esku. Pod\u013ea \u00fadajov Po\u013esk\u00e9ho zdru\u017eenia automobilov\u00e9ho priemyslu a\u00a0Po\u013esk\u00e9ho zdru\u017eenia novej mobility bolo na\u00a0konci roku 2025 na\u00a0po\u013esk\u00fdch cest\u00e1ch 237,6 tis\u00edc elektrick\u00fdch osobn\u00fdch \u00e1ut a\u00a0po\u010det verejne dostupn\u00fdch nab\u00edjac\u00edch stan\u00edc vzr\u00e1stol na\u00a011 762, z\u00a0ktor\u00fdch 37 % tvorili DC r\u00fdchlonab\u00edja\u010dky. To\u00a0je\u00a0jasn\u00fd sign\u00e1l rast\u00faceho dopytu po\u00a0r\u00fdchlom, \u013eahko dostupnom nab\u00edjan\u00ed a\u00a0v\u00e4\u010d\u0161ej dostupnosti bodov \u2013 najm\u00e4 pozd\u013a\u017e k\u013e\u00fa\u010dov\u00fdch dopravn\u00fdch tepien. Invest\u00edcie Budimex Mobility s\u00fa priamou reakciou na\u00a0tento rast\u00faci dopyt.<\/p><p><strong>O Budimex Mobility<\/strong><\/p><p>Budimex Mobility SA je\u00a0spolo\u010dnos\u0165 patriaca do\u00a0skupiny Budimex Group, ktorej cie\u013eom je\u00a0vytv\u00e1ra\u0165, stava\u0165, servisova\u0165 a\u00a0prev\u00e1dzkova\u0165 sie\u0165 verejne pr\u00edstupn\u00fdch nab\u00edjac\u00edch stan\u00edc pre elektrick\u00e9 vozidl\u00e1 po\u00a0celej krajine. Spolo\u010dnos\u0165 je\u00a0registrovan\u00fdm prev\u00e1dzkovate\u013eom nab\u00edjac\u00edch stan\u00edc v\u00a0registri infra\u0161trukt\u00fary alternat\u00edvnych pal\u00edv (EIPA). Prenos \u00faloh s\u00favisiacich s\u00a0v\u00fdstavbou siete nab\u00edjac\u00edch stan\u00edc na\u00a0spolo\u010dnos\u0165 bol reakciou na\u00a0rast\u00face o\u010dak\u00e1vania trhu a\u00a0spotrebite\u013eov v\u00a0oblasti infra\u0161trukt\u00fary a\u00a0modern\u00fdch rie\u0161en\u00ed v\u00a0oblasti elektromobility.<\/p><\/p><\/div>\n                            <\/div>\n                                                                                                                                <\/div>\n    <\/div>\n<\/section> \n    <section id=\"block_0cbd57b6796dbcbf3215cbee540f377f\" class=\"gallery-section section-margin-120\" data-per-page=\"8\" data-per-row=\"4\" data-type=\"zdjecia\">\n        <div class=\"container\">\n            <div class=\"row\">\n                                    <div class=\"col-24\">\n                        <h2 class=\"gallery-section__title under-h2\">Gal&eacute;ria<\/h2>\n                    <\/div>\n                            <\/div>\n            <div class=\"row\">\n                <div class=\"col-24\">\n                                                                        <div class=\"gallery-section__grid gallery-section__grid--4\">\n                                \n                        <div class=\"gallery-section__image gallery-section__image--single\">\n                <a href=\"https:\/\/bdm-stg.mda.pl\/app\/uploads\/2026\/03\/dsc0972-32.jpg\">\n                                        <img loading=\"lazy\" decoding=\"async\" width=\"1400\" height=\"933\" src=\"https:\/\/bdm-stg.mda.pl\/app\/uploads\/2026\/03\/dsc0972-32.jpg\" class=\"attachment-full size-full\" alt=\"\" \/>                                    <\/a>\n                            <\/div>\n                                <div class=\"gallery-section__image gallery-section__image--single\">\n                <a href=\"https:\/\/bdm-stg.mda.pl\/app\/uploads\/2026\/03\/20230711_125623-32-scaled.jpg\">\n                                        <img loading=\"lazy\" decoding=\"async\" width=\"2560\" height=\"1920\" src=\"https:\/\/bdm-stg.mda.pl\/app\/uploads\/2026\/03\/20230711_125623-32-scaled.jpg\" class=\"attachment-full size-full\" alt=\"\" \/>                                    <\/a>\n                            <\/div>\n                                <div class=\"gallery-section__image gallery-section__image--single\">\n                <a href=\"https:\/\/bdm-stg.mda.pl\/app\/uploads\/2026\/03\/dsc0815-32-scaled.jpg\">\n                                        <img loading=\"lazy\" decoding=\"async\" width=\"2560\" height=\"1707\" src=\"https:\/\/bdm-stg.mda.pl\/app\/uploads\/2026\/03\/dsc0815-32-scaled.jpg\" class=\"attachment-full size-full\" alt=\"\" \/>                                    <\/a>\n                            <\/div>\n                                <div class=\"gallery-section__image gallery-section__image--single\">\n                <a href=\"https:\/\/bdm-stg.mda.pl\/app\/uploads\/2026\/03\/bx_mobility_1-32.jpg\">\n                                        <img loading=\"lazy\" decoding=\"async\" width=\"1920\" height=\"1200\" src=\"https:\/\/bdm-stg.mda.pl\/app\/uploads\/2026\/03\/bx_mobility_1-32.jpg\" class=\"attachment-full size-full\" alt=\"\" \/>                                    <\/a>\n                            <\/div>\n            \n                            <\/div>\n                                                                                        <\/div>\n            <\/div>\n        <\/div>\n    <\/section>\n ","protected":false},"excerpt":{"rendered":"","protected":false},"featured_media":0,"parent":0,"template":"","press_type":[],"acf":[],"yoast_head":"<!-- This site is optimized with the Yoast SEO plugin v22.5 - https:\/\/yoast.com\/wordpress\/plugins\/seo\/ -->\n<title>Budimex Mobility &ndash; nov&yacute; cenn&iacute;k a akcie na za\u010diatok - Budimex<\/title>\n<meta name=\"robots\" content=\"noindex, follow, max-snippet:-1, max-image-preview:large, max-video-preview:-1\" \/>\n<meta property=\"og:locale\" content=\"sk_SK\" \/>\n<meta property=\"og:type\" content=\"article\" \/>\n<meta property=\"og:title\" content=\"Budimex Mobility &ndash; nov&yacute; cenn&iacute;k a akcie na za\u010diatok - Budimex\" \/>\n<meta property=\"og:url\" content=\"https:\/\/bdm-stg.mda.pl\/sk\/informacje-prasowe\/budimex-mobility-nov-cennk-a-akcie-na-zaciatok\/\" \/>\n<meta property=\"og:site_name\" content=\"Budimex\" \/>\n<meta property=\"article:modified_time\" content=\"2026-03-03T11:03:05+00:00\" \/>\n<meta name=\"twitter:card\" content=\"summary_large_image\" \/>\n<script type=\"application\/ld+json\" class=\"yoast-schema-graph\">{\"@context\":\"https:\/\/schema.org\",\"@graph\":[{\"@type\":\"WebPage\",\"@id\":\"https:\/\/bdm-stg.mda.pl\/sk\/informacje-prasowe\/budimex-mobility-nov-cennk-a-akcie-na-zaciatok\/\",\"url\":\"https:\/\/bdm-stg.mda.pl\/sk\/informacje-prasowe\/budimex-mobility-nov-cennk-a-akcie-na-zaciatok\/\",\"name\":\"Budimex Mobility &ndash; nov&yacute; cenn&iacute;k a akcie na za\u010diatok - Budimex\",\"isPartOf\":{\"@id\":\"https:\/\/bdm-stg.mda.pl\/sk\/#website\"},\"datePublished\":\"2026-03-02T09:16:10+00:00\",\"dateModified\":\"2026-03-03T11:03:05+00:00\",\"breadcrumb\":{\"@id\":\"https:\/\/bdm-stg.mda.pl\/sk\/informacje-prasowe\/budimex-mobility-nov-cennk-a-akcie-na-zaciatok\/#breadcrumb\"},\"inLanguage\":\"sk-SK\",\"potentialAction\":[{\"@type\":\"ReadAction\",\"target\":[\"https:\/\/bdm-stg.mda.pl\/sk\/informacje-prasowe\/budimex-mobility-nov-cennk-a-akcie-na-zaciatok\/\"]}]},{\"@type\":\"BreadcrumbList\",\"@id\":\"https:\/\/bdm-stg.mda.pl\/sk\/informacje-prasowe\/budimex-mobility-nov-cennk-a-akcie-na-zaciatok\/#breadcrumb\",\"itemListElement\":[{\"@type\":\"ListItem\",\"position\":1,\"name\":\"Strona g\u0142\u00f3wna\",\"item\":\"https:\/\/bdm-stg.mda.pl\/sk\/\"},{\"@type\":\"ListItem\",\"position\":2,\"name\":\"Budimex Mobility &ndash; nov&yacute; cenn&iacute;k a akcie na za\u010diatok\"}]},{\"@type\":\"WebSite\",\"@id\":\"https:\/\/bdm-stg.mda.pl\/sk\/#website\",\"url\":\"https:\/\/bdm-stg.mda.pl\/sk\/\",\"name\":\"Budimex\",\"description\":\"\",\"potentialAction\":[{\"@type\":\"SearchAction\",\"target\":{\"@type\":\"EntryPoint\",\"urlTemplate\":\"https:\/\/bdm-stg.mda.pl\/sk\/?s={search_term_string}\"},\"query-input\":\"required name=search_term_string\"}],\"inLanguage\":\"sk-SK\"}]}<\/script>\n<!-- \/ Yoast SEO plugin. -->","yoast_head_json":{"title":"Budimex Mobility &ndash; nov&yacute; cenn&iacute;k a akcie na za\u010diatok - Budimex","robots":{"index":"noindex","follow":"follow","max-snippet":"max-snippet:-1","max-image-preview":"max-image-preview:large","max-video-preview":"max-video-preview:-1"},"og_locale":"sk_SK","og_type":"article","og_title":"Budimex Mobility &ndash; nov&yacute; cenn&iacute;k a akcie na za\u010diatok - Budimex","og_url":"https:\/\/bdm-stg.mda.pl\/sk\/informacje-prasowe\/budimex-mobility-nov-cennk-a-akcie-na-zaciatok\/","og_site_name":"Budimex","article_modified_time":"2026-03-03T11:03:05+00:00","twitter_card":"summary_large_image","schema":{"@context":"https:\/\/schema.org","@graph":[{"@type":"WebPage","@id":"https:\/\/bdm-stg.mda.pl\/sk\/informacje-prasowe\/budimex-mobility-nov-cennk-a-akcie-na-zaciatok\/","url":"https:\/\/bdm-stg.mda.pl\/sk\/informacje-prasowe\/budimex-mobility-nov-cennk-a-akcie-na-zaciatok\/","name":"Budimex Mobility &ndash; nov&yacute; cenn&iacute;k a akcie na za\u010diatok - Budimex","isPartOf":{"@id":"https:\/\/bdm-stg.mda.pl\/sk\/#website"},"datePublished":"2026-03-02T09:16:10+00:00","dateModified":"2026-03-03T11:03:05+00:00","breadcrumb":{"@id":"https:\/\/bdm-stg.mda.pl\/sk\/informacje-prasowe\/budimex-mobility-nov-cennk-a-akcie-na-zaciatok\/#breadcrumb"},"inLanguage":"sk-SK","potentialAction":[{"@type":"ReadAction","target":["https:\/\/bdm-stg.mda.pl\/sk\/informacje-prasowe\/budimex-mobility-nov-cennk-a-akcie-na-zaciatok\/"]}]},{"@type":"BreadcrumbList","@id":"https:\/\/bdm-stg.mda.pl\/sk\/informacje-prasowe\/budimex-mobility-nov-cennk-a-akcie-na-zaciatok\/#breadcrumb","itemListElement":[{"@type":"ListItem","position":1,"name":"Strona g\u0142\u00f3wna","item":"https:\/\/bdm-stg.mda.pl\/sk\/"},{"@type":"ListItem","position":2,"name":"Budimex Mobility &ndash; nov&yacute; cenn&iacute;k a akcie na za\u010diatok"}]},{"@type":"WebSite","@id":"https:\/\/bdm-stg.mda.pl\/sk\/#website","url":"https:\/\/bdm-stg.mda.pl\/sk\/","name":"Budimex","description":"","potentialAction":[{"@type":"SearchAction","target":{"@type":"EntryPoint","urlTemplate":"https:\/\/bdm-stg.mda.pl\/sk\/?s={search_term_string}"},"query-input":"required name=search_term_string"}],"inLanguage":"sk-SK"}]}},"_links":{"self":[{"href":"https:\/\/bdm-stg.mda.pl\/sk\/wp-json\/wp\/v2\/press\/311404"}],"collection":[{"href":"https:\/\/bdm-stg.mda.pl\/sk\/wp-json\/wp\/v2\/press"}],"about":[{"href":"https:\/\/bdm-stg.mda.pl\/sk\/wp-json\/wp\/v2\/types\/press"}],"version-history":[{"count":3,"href":"https:\/\/bdm-stg.mda.pl\/sk\/wp-json\/wp\/v2\/press\/311404\/revisions"}],"predecessor-version":[{"id":312709,"href":"https:\/\/bdm-stg.mda.pl\/sk\/wp-json\/wp\/v2\/press\/311404\/revisions\/312709"}],"wp:attachment":[{"href":"https:\/\/bdm-stg.mda.pl\/sk\/wp-json\/wp\/v2\/media?parent=311404"}],"wp:term":[{"taxonomy":"press_type","embeddable":true,"href":"https:\/\/bdm-stg.mda.pl\/sk\/wp-json\/wp\/v2\/press_type?post=311404"}],"curies":[{"name":"wp","href":"https:\/\/api.w.org\/{rel}","templated":true}]}}