{"id":312869,"date":"2026-03-03T12:03:03","date_gmt":"2026-03-03T12:03:03","guid":{"rendered":"https:\/\/bdm-stg.mda.pl\/informacje-prasowe\/program-stz-budimex-2026-je-spusten-takmer-400-miest-cak-na-tudentov-a-technickch-tudentov-z-celho-polska\/"},"modified":"2026-03-04T14:00:38","modified_gmt":"2026-03-04T14:00:38","slug":"program-stz-budimex-2026-je-spusten-takmer-400-miest-cak-na-tudentov-a-technickch-tudentov-z-celho-polska","status":"publish","type":"press","link":"https:\/\/bdm-stg.mda.pl\/sk\/informacje-prasowe\/program-stz-budimex-2026-je-spusten-takmer-400-miest-cak-na-tudentov-a-technickch-tudentov-z-celho-polska\/","title":{"rendered":"Program st&aacute;\u017e&iacute; Budimex 2026 je spusten&yacute; &ndash; takmer 400 miest \u010dak&aacute; na &scaron;tudentov a technick&yacute;ch &scaron;tudentov z cel&eacute;ho Po\u013eska"},"content":{"rendered":"\n<section id=\"block_0e4a69fbd68d9be169ce88acb8854a4d\" class=\"text-block   -hide-dots section-margin-120\">\n    <div class=\"container\">\n        <div class=\"row\">\n            <div class=\"col-24 col-lg-16\">\n                                    <p class=\"typo-18 under-p-medium color-gray-120 text-block__date\">03.03.2026<\/p>\n                                                    <div class=\"text-block__top-texts under-h2\">\n                        <h2 class=\"text-block__title under-p-big\">Program st\u00e1\u017e\u00ed Budimex 2026 je\u00a0spusten\u00fd \u2013 takmer 400 miest \u010dak\u00e1 na\u00a0\u0161tudentov a\u00a0technick\u00fdch \u0161tudentov z\u00a0cel\u00e9ho Po\u013eska<\/h2>\n                                                    <p class=\"typo-18 under-p-medium color-gray-120\">\n                                \n<div class=\"card-share card-share--flex\">\n    <div class=\"card-share__inner\">\n        <p class=\"card-share__title typo-18\">Udost\u0119pnij artyku\u0142<\/p>\n        <div class=\"card-share__links\">\n            <div class=\"card-share__link card-share__link--facebook\">\n                <a href=\"https:\/\/www.facebook.com\/sharer\/sharer.php?u=https:\/\/bdm-stg.mda.pl\/sk\/informacje-prasowe\/program-stz-budimex-2026-je-spusten-takmer-400-miest-cak-na-tudentov-a-technickch-tudentov-z-celho-polska\/\" target=\"_blank\">\n                    <span class=\"card-share__linkIcon icon icon-facebook d-flex\"><\/span>\n                <\/a>\n            <\/div>\n            <div class=\"card-share__link card-share__link--linkedin\">\n                <a href=\"https:\/\/www.linkedin.com\/shareArticle?mini=true&#038;url=https:\/\/bdm-stg.mda.pl\/sk\/informacje-prasowe\/program-stz-budimex-2026-je-spusten-takmer-400-miest-cak-na-tudentov-a-technickch-tudentov-z-celho-polska\/\" target=\"_blank\" rel=\"nofollow\">\n                    <span class=\"card-share__linkIcon icon icon-linkedin\"><\/span>\n                <\/a>\n            <\/div>\n            <div class=\"card-share__link card-share__link--twitter\">\n                <a href=\"https:\/\/twitter.com\/intent\/tweet?url=https%3A%2F%2Fbdm-stg.mda.pl%2Fsk%2Finformacje-prasowe%2Fprogram-stz-budimex-2026-je-spusten-takmer-400-miest-cak-na-tudentov-a-technickch-tudentov-z-celho-polska%2F\" target=\"_blank\" rel=\"nofollow\">\n                    <span class=\"card-share__linkIcon icon icon-x\"><\/span>\n                <\/a>\n            <\/div>\n        <\/div>\n    <\/div>\n<\/div>                            <\/p>\n                                            <\/div>\n                                                                                    <div class=\"text-block__text text-editor\"><p><p><strong>Je spusten\u00e1 rekordn\u00e1 ed\u00edcia programu st\u00e1\u017e\u00ed Budimex Academy, ktor\u00e1 umo\u017e\u0148uje mlad\u00fdm \u013eu\u010fom z\u00edska\u0165 sk\u00fasenosti s\u00a0realiz\u00e1ciou strategick\u00fdch stavebn\u00fdch invest\u00edci\u00ed po\u00a0celom Po\u013esku. Tento rok spolo\u010dnos\u0165 pripravila viac ako 300 platen\u00fdch miest pre \u0161tudentov a\u00a0desiatky pon\u00fak pre technick\u00fdch \u0161tudentov na\u00a075 miestach po\u00a0celej krajine. N\u00e1bor za\u010d\u00edna 2&nbsp;. marca a\u00a0potrv\u00e1 do\u00a0konca j\u00fana.<\/strong><\/p><p>Program st\u00e1\u017e\u00ed Budimex Academy je\u00a0jednou z\u00a0najv\u00e4\u010d\u0161\u00edch vzdel\u00e1vac\u00edch iniciat\u00edv v&nbsp;stavebn\u00edctve v\u00a0Po\u013esku. V\u00a0tohtoro\u010dnom ro\u010dn\u00edku bud\u00fa \u0161tudenti pracova\u0165 na\u00a0stavenisk\u00e1ch a\u00a0v\u00a0kancel\u00e1ri\u00e1ch spolo\u010dnosti v\u00a075 lokalit\u00e1ch v\u00a014 provinci\u00e1ch a\u00a0prv\u00fdkr\u00e1t aj\u00a0v\u00a0zahrani\u010d\u00ed \u2013 v\u00a0Tallinne, Est\u00f3nsko. Program bude trva\u0165 od\u00a0marca do\u00a0konca septembra, hoci v\u00e4\u010d\u0161ina st\u00e1\u017e\u00ed je\u00a0pl\u00e1novan\u00e1 na\u00a0letn\u00e9 obdobie, aby nezasahovali do\u00a0vyu\u010dovania po\u010das akademick\u00e9ho roka. Prihl\u00e1\u0161ky na\u00a0\u00fa\u010das\u0165 v\u00a0programe je\u00a0mo\u017en\u00e9 poda\u0165 prostredn\u00edctvom webovej str\u00e1nky <a href=\"http:\/\/www.akademiabudimex.pl\" rel=\"noopener\">www.akademiabudimex.pl<\/a>.&nbsp;<\/p><p>&#8221; <em>Vstupujeme do\u00a0desa\u0165ro\u010dia obrovsk\u00fdch invest\u00edci\u00ed do\u00a0infra\u0161trukt\u00fary v\u00a0Po\u013esku, ktor\u00e9 si\u00a0vy\u017eiadaj\u00fa tis\u00edce dobre pripraven\u00fdch odborn\u00edkov. V\u00a0Budimex tieto zmeny nielen pozorujeme, ale\u00a0akt\u00edvne podporujeme aj\u00a0rozvoj bud\u00facich zamestnancov. N\u00e1\u0161 st\u00e1\u017eov\u00fd program je\u00a0skuto\u010dn\u00fdm za\u010diatkom pre mlad\u00fdch \u013eud\u00ed v\u00a0odvetv\u00ed, ktor\u00e9 je\u00a0dnes jedn\u00fdm z\u00a0najinovat\u00edvnej\u0161\u00edch a\u00a0najr\u00fdchlej\u0161ie rast\u00facich sektorov ekonomiky<\/em> ,&#8221; hovor\u00ed Anna Kary\u015b-Sosi\u0144ska, \u010dlenka spr\u00e1vnej rady a\u00a0riadite\u013eka oddelenia riadenia \u013eudsk\u00fdch zdrojov v\u00a0Budimex SA.<br><br><\/p><p><strong>St\u00e1\u017ee v\u00a0Budimex \u2013 pr\u00edle\u017eitos\u0165 za\u010da\u0165 kari\u00e9ru, nielen pre in\u017einierov<\/strong><\/p><p>St\u00e1\u017eov\u00fd program Budimex Academy je\u00a0ur\u010den\u00fd nielen \u0161tudentom stavebn\u00e9ho in\u017einierstva a\u00a0pr\u00edbuzn\u00fdch odborov, ale\u00a0aj\u00a0\u013eu\u010fom, ktor\u00ed maj\u00fa z\u00e1ujem o\u00a0kari\u00e9ru v&nbsp;oblastiach ako \u013eudsk\u00e9 zdroje, financie, pr\u00e1vo, bezpe\u010dnos\u0165 a\u00a0zdravie pri pr\u00e1ci, IT a\u00a0inov\u00e1cie. U\u010dni m\u00f4\u017eu z\u00edska\u0165 sk\u00fasenosti na\u00a0stavenisk\u00e1ch aj\u00a0v\u00a0ekonomick\u00fdch kancel\u00e1ri\u00e1ch stavebn\u00fdch spolo\u010dnost\u00ed po\u00a0celom Po\u013esku, ako aj\u00a0v\u00a0s\u00eddle spolo\u010dnosti \u2013 m.in.\u00a0v\u00a0IT oddelen\u00ed, finan\u010dnom oddelen\u00ed, pr\u00e1vnom \u00farade, technickom oddelen\u00ed, inova\u010dnom oddelen\u00ed alebo v\u00a0garan\u010dn\u00fdch oddeleniach. Ako ka\u017ed\u00fd rok, v\u0161etky st\u00e1\u017ee s\u00fa platen\u00e9.<\/p><p><em>&#8220;N\u00e1\u0161 program bol \u00fa\u010dastn\u00edkmi roky ve\u013emi vysoko hodnoten\u00fd. \u0160tudenti obzvl\u00e1\u0161\u0165 oce\u0148uj\u00fa proces implement\u00e1cie, pracovn\u00fa atmosf\u00e9ru, spolupr\u00e1cu so \u0161kolite\u013eom a\u00a0t\u00edmom, ako aj\u00a0ambici\u00f3zne, rozvojov\u00e9 \u00falohy. Takmer 60 % \u00fa\u010dastn\u00edkov vyjadruje ochotu pokra\u010dova\u0165 v\u00a0pr\u00e1ci v\u00a0spolo\u010dnosti a\u00a0viac ako 20 % u\u010d\u0148ov zost\u00e1va v\u00a0Budimexe trvalo alebo sa vracia na\u00a0\u010fal\u0161iu ed\u00edciu programu <\/em>\u2013 <strong>dod\u00e1va<\/strong> <strong>Anna Kary\u015b-Sosi\u0144ska<\/strong>.<\/p><p><strong><br>St\u00e1\u017ee pre \u0161tudentov technick\u00fdch \u0161k\u00f4l \u2013 invest\u00edcia do\u00a0najmlad\u0161\u00edch talentov<\/strong><\/p><p>Z\u00e1rove\u0148 Budimex vyv\u00edja u\u010d\u0148ovsk\u00fd program pre \u0161tudentov stavebn\u00fdch technikov, ktor\u00fd bude ma\u0165 tento rok piate vydanie. Nieko\u013eko desiatok mlad\u00fdch \u013eud\u00ed bude ma\u0165 mo\u017enos\u0165 z\u00edska\u0165 skuto\u010dn\u00e9 profesion\u00e1lne sk\u00fasenosti, rozv\u00edja\u0165 kompetencie, technick\u00e9 aj\u00a0m\u00e4kk\u00e9, pod\u00a0doh\u013eadom oddan\u00e9ho lektora a\u00a0vybudova\u0165 sie\u0165 kontaktov v\u00a0priemysle. \u0160tudenti sa m\u00f4\u017eu tie\u017e z\u00fa\u010dastni\u0165 \u010fal\u0161\u00edch integra\u010dn\u00fdch iniciat\u00edv a\u00a0s\u00fa\u0165a\u017e\u00ed, pri\u010dom t\u00ed najlep\u0161\u00ed z\u00a0nich z\u00edskaj\u00fa finan\u010dn\u00e9 \u0161tipendium. Celkovo sa u\u017e z\u00fa\u010dastnilo \u0161tyroch ro\u010dn\u00edkov programu 213 \u0161tudentov.<br><br><\/p><p>&nbsp;<\/p><p><strong>Budimex neust\u00e1le investuje do\u00a0rozvoja mlad\u00fdch talentov<\/strong><\/p><p>Aktivity realizovan\u00e9 v\u00a0r\u00e1mci Budimex Academy s\u00fa s\u00fa\u010das\u0165ou dlhodobej strat\u00e9gie spolo\u010dnosti, zameranej na\u00a0rozvoj kompetenci\u00ed bud\u00facich zamestnancov stavebn\u00e9ho priemyslu. Spolo\u010dnos\u0165 u\u017e roky rozv\u00edja spolupr\u00e1cu s\u00a0technick\u00fdmi a\u00a0ekonomick\u00fdmi univerzitami, zap\u00e1ja sa do\u00a0v\u00fdskumn\u00fdch a\u00a0v\u00fdvojov\u00fdch projektov a\u00a0iniciat\u00edv podporuj\u00facich rozvoj praktick\u00fdch zru\u010dnost\u00ed \u0161tudentov.<\/p><p>Budimex tie\u017e vytv\u00e1ra modern\u00e9 priestory vhodn\u00e9 na\u00a0u\u010denie a\u00a0integr\u00e1ciu. Budimexov\u00e9 z\u00f3ny boli vytvoren\u00e9 m.in na\u00a0Technickej \u0161kole architekt\u00fary a\u00a0stavebn\u00edctva Stanis\u0142awa Noakowsk\u00e9ho vo Var\u0161ave a\u00a0na\u00a0Technickej univerzite v\u00a0Bia\u0142ystoku.<\/p><p>Spolo\u010dnos\u0165 uzavrela 27 doh\u00f4d o\u00a0spolupr\u00e1ci s\u00a0univerzitami a\u00a0nadviazala strategick\u00e9 partnerstv\u00e1 s\u00a053 \u0161kolami po\u00a0celej krajine. V\u010faka vzdel\u00e1vac\u00edm a\u00a0partnersk\u00fdm programom Budimexu, ako s\u00fa Budimex Academy alebo Ambassador Programme, u\u017e viac ako 3 000 mlad\u00fdch \u013eud\u00ed z\u00edskalo svoje prv\u00e9 profesion\u00e1lne sk\u00fasenosti v\u00a0stavebn\u00edctve.<\/p><\/p><\/div>\n                            <\/div>\n                                                                                                                                <\/div>\n    <\/div>\n<\/section> \n    <section id=\"block_4c3ad4c06a0a2ea07d82aa0d81d5ec1c\" class=\"gallery-section section-margin-120\" data-per-page=\"8\" data-per-row=\"4\" data-type=\"zdjecia\">\n        <div class=\"container\">\n            <div class=\"row\">\n                                    <div class=\"col-24\">\n                        <h2 class=\"gallery-section__title under-h2\">Gal&eacute;ria<\/h2>\n                    <\/div>\n                            <\/div>\n            <div class=\"row\">\n                <div class=\"col-24\">\n                                                                        <div class=\"gallery-section__grid gallery-section__grid--4\">\n                                \n                        <div class=\"gallery-section__image gallery-section__image--single\">\n                <a href=\"https:\/\/bdm-stg.mda.pl\/app\/uploads\/2026\/03\/large_02_budimex_kariera_fb_mapa_targi_pracy_v2-32.png\">\n                                        <img loading=\"lazy\" decoding=\"async\" width=\"1080\" height=\"1080\" src=\"https:\/\/bdm-stg.mda.pl\/app\/uploads\/2026\/03\/large_02_budimex_kariera_fb_mapa_targi_pracy_v2-32.png\" class=\"attachment-full size-full\" alt=\"\" \/>                                    <\/a>\n                            <\/div>\n                                <div class=\"gallery-section__image gallery-section__image--single\">\n                <a href=\"https:\/\/bdm-stg.mda.pl\/app\/uploads\/2026\/03\/plakat_-32-scaled.jpg\">\n                                        <img loading=\"lazy\" decoding=\"async\" width=\"1811\" height=\"2560\" src=\"https:\/\/bdm-stg.mda.pl\/app\/uploads\/2026\/03\/plakat_-32-scaled.jpg\" class=\"attachment-full size-full\" alt=\"\" \/>                                    <\/a>\n                            <\/div>\n                                <div class=\"gallery-section__image gallery-section__image--single\">\n                <a href=\"https:\/\/bdm-stg.mda.pl\/app\/uploads\/2026\/03\/ulotka_iinformacja_prasowa-32.jpg\">\n                                        <img loading=\"lazy\" decoding=\"async\" width=\"2382\" height=\"1124\" src=\"https:\/\/bdm-stg.mda.pl\/app\/uploads\/2026\/03\/ulotka_iinformacja_prasowa-32.jpg\" class=\"attachment-full size-full\" alt=\"\" \/>                                    <\/a>\n                            <\/div>\n                                <div class=\"gallery-section__image gallery-section__image--single\">\n                <a href=\"https:\/\/bdm-stg.mda.pl\/app\/uploads\/2026\/03\/ulotka_informacja_prasowa-32.png\">\n                                        <img loading=\"lazy\" decoding=\"async\" width=\"2382\" height=\"1124\" src=\"https:\/\/bdm-stg.mda.pl\/app\/uploads\/2026\/03\/ulotka_informacja_prasowa-32.png\" class=\"attachment-full size-full\" alt=\"\" \/>                                    <\/a>\n                            <\/div>\n            \n                            <\/div>\n                                                                                        <\/div>\n            <\/div>\n        <\/div>\n    <\/section>\n ","protected":false},"excerpt":{"rendered":"","protected":false},"featured_media":0,"parent":0,"template":"","press_type":[],"acf":[],"yoast_head":"<!-- This site is optimized with the Yoast SEO plugin v22.5 - https:\/\/yoast.com\/wordpress\/plugins\/seo\/ -->\n<title>Program st&aacute;\u017e&iacute; Budimex 2026 je spusten&yacute; &ndash; takmer 400 miest \u010dak&aacute; na &scaron;tudentov a technick&yacute;ch &scaron;tudentov z cel&eacute;ho Po\u013eska - Budimex<\/title>\n<meta name=\"robots\" content=\"noindex, follow, max-snippet:-1, max-image-preview:large, max-video-preview:-1\" \/>\n<meta property=\"og:locale\" content=\"sk_SK\" \/>\n<meta property=\"og:type\" content=\"article\" \/>\n<meta property=\"og:title\" content=\"Program st&aacute;\u017e&iacute; Budimex 2026 je spusten&yacute; &ndash; takmer 400 miest \u010dak&aacute; na &scaron;tudentov a technick&yacute;ch &scaron;tudentov z cel&eacute;ho Po\u013eska - Budimex\" \/>\n<meta property=\"og:url\" content=\"https:\/\/bdm-stg.mda.pl\/sk\/informacje-prasowe\/program-stz-budimex-2026-je-spusten-takmer-400-miest-cak-na-tudentov-a-technickch-tudentov-z-celho-polska\/\" \/>\n<meta property=\"og:site_name\" content=\"Budimex\" \/>\n<meta property=\"article:modified_time\" content=\"2026-03-04T14:00:38+00:00\" \/>\n<meta name=\"twitter:card\" content=\"summary_large_image\" \/>\n<script type=\"application\/ld+json\" class=\"yoast-schema-graph\">{\"@context\":\"https:\/\/schema.org\",\"@graph\":[{\"@type\":\"WebPage\",\"@id\":\"https:\/\/bdm-stg.mda.pl\/sk\/informacje-prasowe\/program-stz-budimex-2026-je-spusten-takmer-400-miest-cak-na-tudentov-a-technickch-tudentov-z-celho-polska\/\",\"url\":\"https:\/\/bdm-stg.mda.pl\/sk\/informacje-prasowe\/program-stz-budimex-2026-je-spusten-takmer-400-miest-cak-na-tudentov-a-technickch-tudentov-z-celho-polska\/\",\"name\":\"Program st&aacute;\u017e&iacute; Budimex 2026 je spusten&yacute; &ndash; takmer 400 miest \u010dak&aacute; na &scaron;tudentov a technick&yacute;ch &scaron;tudentov z cel&eacute;ho Po\u013eska - Budimex\",\"isPartOf\":{\"@id\":\"https:\/\/bdm-stg.mda.pl\/sk\/#website\"},\"datePublished\":\"2026-03-03T12:03:03+00:00\",\"dateModified\":\"2026-03-04T14:00:38+00:00\",\"breadcrumb\":{\"@id\":\"https:\/\/bdm-stg.mda.pl\/sk\/informacje-prasowe\/program-stz-budimex-2026-je-spusten-takmer-400-miest-cak-na-tudentov-a-technickch-tudentov-z-celho-polska\/#breadcrumb\"},\"inLanguage\":\"sk-SK\",\"potentialAction\":[{\"@type\":\"ReadAction\",\"target\":[\"https:\/\/bdm-stg.mda.pl\/sk\/informacje-prasowe\/program-stz-budimex-2026-je-spusten-takmer-400-miest-cak-na-tudentov-a-technickch-tudentov-z-celho-polska\/\"]}]},{\"@type\":\"BreadcrumbList\",\"@id\":\"https:\/\/bdm-stg.mda.pl\/sk\/informacje-prasowe\/program-stz-budimex-2026-je-spusten-takmer-400-miest-cak-na-tudentov-a-technickch-tudentov-z-celho-polska\/#breadcrumb\",\"itemListElement\":[{\"@type\":\"ListItem\",\"position\":1,\"name\":\"Strona g\u0142\u00f3wna\",\"item\":\"https:\/\/bdm-stg.mda.pl\/sk\/\"},{\"@type\":\"ListItem\",\"position\":2,\"name\":\"Program st&aacute;\u017e&iacute; Budimex 2026 je spusten&yacute; &ndash; takmer 400 miest \u010dak&aacute; na &scaron;tudentov a technick&yacute;ch &scaron;tudentov z cel&eacute;ho Po\u013eska\"}]},{\"@type\":\"WebSite\",\"@id\":\"https:\/\/bdm-stg.mda.pl\/sk\/#website\",\"url\":\"https:\/\/bdm-stg.mda.pl\/sk\/\",\"name\":\"Budimex\",\"description\":\"\",\"potentialAction\":[{\"@type\":\"SearchAction\",\"target\":{\"@type\":\"EntryPoint\",\"urlTemplate\":\"https:\/\/bdm-stg.mda.pl\/sk\/?s={search_term_string}\"},\"query-input\":\"required name=search_term_string\"}],\"inLanguage\":\"sk-SK\"}]}<\/script>\n<!-- \/ Yoast SEO plugin. -->","yoast_head_json":{"title":"Program st&aacute;\u017e&iacute; Budimex 2026 je spusten&yacute; &ndash; takmer 400 miest \u010dak&aacute; na &scaron;tudentov a technick&yacute;ch &scaron;tudentov z cel&eacute;ho Po\u013eska - Budimex","robots":{"index":"noindex","follow":"follow","max-snippet":"max-snippet:-1","max-image-preview":"max-image-preview:large","max-video-preview":"max-video-preview:-1"},"og_locale":"sk_SK","og_type":"article","og_title":"Program st&aacute;\u017e&iacute; Budimex 2026 je spusten&yacute; &ndash; takmer 400 miest \u010dak&aacute; na &scaron;tudentov a technick&yacute;ch &scaron;tudentov z cel&eacute;ho Po\u013eska - Budimex","og_url":"https:\/\/bdm-stg.mda.pl\/sk\/informacje-prasowe\/program-stz-budimex-2026-je-spusten-takmer-400-miest-cak-na-tudentov-a-technickch-tudentov-z-celho-polska\/","og_site_name":"Budimex","article_modified_time":"2026-03-04T14:00:38+00:00","twitter_card":"summary_large_image","schema":{"@context":"https:\/\/schema.org","@graph":[{"@type":"WebPage","@id":"https:\/\/bdm-stg.mda.pl\/sk\/informacje-prasowe\/program-stz-budimex-2026-je-spusten-takmer-400-miest-cak-na-tudentov-a-technickch-tudentov-z-celho-polska\/","url":"https:\/\/bdm-stg.mda.pl\/sk\/informacje-prasowe\/program-stz-budimex-2026-je-spusten-takmer-400-miest-cak-na-tudentov-a-technickch-tudentov-z-celho-polska\/","name":"Program st&aacute;\u017e&iacute; Budimex 2026 je spusten&yacute; &ndash; takmer 400 miest \u010dak&aacute; na &scaron;tudentov a technick&yacute;ch &scaron;tudentov z cel&eacute;ho Po\u013eska - Budimex","isPartOf":{"@id":"https:\/\/bdm-stg.mda.pl\/sk\/#website"},"datePublished":"2026-03-03T12:03:03+00:00","dateModified":"2026-03-04T14:00:38+00:00","breadcrumb":{"@id":"https:\/\/bdm-stg.mda.pl\/sk\/informacje-prasowe\/program-stz-budimex-2026-je-spusten-takmer-400-miest-cak-na-tudentov-a-technickch-tudentov-z-celho-polska\/#breadcrumb"},"inLanguage":"sk-SK","potentialAction":[{"@type":"ReadAction","target":["https:\/\/bdm-stg.mda.pl\/sk\/informacje-prasowe\/program-stz-budimex-2026-je-spusten-takmer-400-miest-cak-na-tudentov-a-technickch-tudentov-z-celho-polska\/"]}]},{"@type":"BreadcrumbList","@id":"https:\/\/bdm-stg.mda.pl\/sk\/informacje-prasowe\/program-stz-budimex-2026-je-spusten-takmer-400-miest-cak-na-tudentov-a-technickch-tudentov-z-celho-polska\/#breadcrumb","itemListElement":[{"@type":"ListItem","position":1,"name":"Strona g\u0142\u00f3wna","item":"https:\/\/bdm-stg.mda.pl\/sk\/"},{"@type":"ListItem","position":2,"name":"Program st&aacute;\u017e&iacute; Budimex 2026 je spusten&yacute; &ndash; takmer 400 miest \u010dak&aacute; na &scaron;tudentov a technick&yacute;ch &scaron;tudentov z cel&eacute;ho Po\u013eska"}]},{"@type":"WebSite","@id":"https:\/\/bdm-stg.mda.pl\/sk\/#website","url":"https:\/\/bdm-stg.mda.pl\/sk\/","name":"Budimex","description":"","potentialAction":[{"@type":"SearchAction","target":{"@type":"EntryPoint","urlTemplate":"https:\/\/bdm-stg.mda.pl\/sk\/?s={search_term_string}"},"query-input":"required name=search_term_string"}],"inLanguage":"sk-SK"}]}},"_links":{"self":[{"href":"https:\/\/bdm-stg.mda.pl\/sk\/wp-json\/wp\/v2\/press\/312869"}],"collection":[{"href":"https:\/\/bdm-stg.mda.pl\/sk\/wp-json\/wp\/v2\/press"}],"about":[{"href":"https:\/\/bdm-stg.mda.pl\/sk\/wp-json\/wp\/v2\/types\/press"}],"version-history":[{"count":3,"href":"https:\/\/bdm-stg.mda.pl\/sk\/wp-json\/wp\/v2\/press\/312869\/revisions"}],"predecessor-version":[{"id":314091,"href":"https:\/\/bdm-stg.mda.pl\/sk\/wp-json\/wp\/v2\/press\/312869\/revisions\/314091"}],"wp:attachment":[{"href":"https:\/\/bdm-stg.mda.pl\/sk\/wp-json\/wp\/v2\/media?parent=312869"}],"wp:term":[{"taxonomy":"press_type","embeddable":true,"href":"https:\/\/bdm-stg.mda.pl\/sk\/wp-json\/wp\/v2\/press_type?post=312869"}],"curies":[{"name":"wp","href":"https:\/\/api.w.org\/{rel}","templated":true}]}}