{"id":324574,"date":"2026-03-26T13:36:50","date_gmt":"2026-03-26T13:36:50","guid":{"rendered":"https:\/\/bdm-stg.mda.pl\/informacje-prasowe\/budimex-otvoril-tvrt-znu-pre-tudentov-v-polsku-v-walczi-uz-funguje-nov-priestor-na-vzdelvanie-oddych-a-stretnutia\/"},"modified":"2026-03-27T15:42:03","modified_gmt":"2026-03-27T15:42:03","slug":"budimex-otvoril-tvrt-znu-pre-tudentov-v-polsku-v-walczi-uz-funguje-nov-priestor-na-vzdelvanie-oddych-a-stretnutia","status":"publish","type":"press","link":"https:\/\/bdm-stg.mda.pl\/sk\/informacje-prasowe\/budimex-otvoril-tvrt-znu-pre-tudentov-v-polsku-v-walczi-uz-funguje-nov-priestor-na-vzdelvanie-oddych-a-stretnutia\/","title":{"rendered":"Budimex otvoril &scaron;tvrt&uacute; z&oacute;nu pre &scaron;tudentov v Po\u013esku.V Wa\u0142czi u\u017e funguje nov&yacute; priestor na vzdel&aacute;vanie, oddych a stretnutia"},"content":{"rendered":"\n<section id=\"block_05b4566c3c291b17857ad3c73e2e6251\" class=\"text-block   -hide-dots section-margin-120\">\n    <div class=\"container\">\n        <div class=\"row\">\n            <div class=\"col-24 col-lg-16\">\n                                    <p class=\"typo-18 under-p-medium color-gray-120 text-block__date\">26.03.2026<\/p>\n                                                    <div class=\"text-block__top-texts under-h2\">\n                        <h2 class=\"text-block__title under-p-big\">Budimex otvoril \u0161tvrt\u00fa z\u00f3nu pre \u0161tudentov v\u00a0Po\u013esku.V Wa\u0142czi u\u017e funguje nov\u00fd priestor na\u00a0vzdel\u00e1vanie, oddych a\u00a0stretnutia<\/h2>\n                                                    <p class=\"typo-18 under-p-medium color-gray-120\">\n                                \n<div class=\"card-share card-share--flex\">\n    <div class=\"card-share__inner\">\n        <p class=\"card-share__title typo-18\">Udost\u0119pnij artyku\u0142<\/p>\n        <div class=\"card-share__links\">\n            <div class=\"card-share__link card-share__link--facebook\">\n                <a href=\"https:\/\/www.facebook.com\/sharer\/sharer.php?u=https:\/\/bdm-stg.mda.pl\/sk\/informacje-prasowe\/budimex-otvoril-tvrt-znu-pre-tudentov-v-polsku-v-walczi-uz-funguje-nov-priestor-na-vzdelvanie-oddych-a-stretnutia\/\" target=\"_blank\">\n                    <span class=\"card-share__linkIcon icon icon-facebook d-flex\"><\/span>\n                <\/a>\n            <\/div>\n            <div class=\"card-share__link card-share__link--linkedin\">\n                <a href=\"https:\/\/www.linkedin.com\/shareArticle?mini=true&#038;url=https:\/\/bdm-stg.mda.pl\/sk\/informacje-prasowe\/budimex-otvoril-tvrt-znu-pre-tudentov-v-polsku-v-walczi-uz-funguje-nov-priestor-na-vzdelvanie-oddych-a-stretnutia\/\" target=\"_blank\" rel=\"nofollow\">\n                    <span class=\"card-share__linkIcon icon icon-linkedin\"><\/span>\n                <\/a>\n            <\/div>\n            <div class=\"card-share__link card-share__link--twitter\">\n                <a href=\"https:\/\/twitter.com\/intent\/tweet?url=https%3A%2F%2Fbdm-stg.mda.pl%2Fsk%2Finformacje-prasowe%2Fbudimex-otvoril-tvrt-znu-pre-tudentov-v-polsku-v-walczi-uz-funguje-nov-priestor-na-vzdelvanie-oddych-a-stretnutia%2F\" target=\"_blank\" rel=\"nofollow\">\n                    <span class=\"card-share__linkIcon icon icon-x\"><\/span>\n                <\/a>\n            <\/div>\n        <\/div>\n    <\/div>\n<\/div>                            <\/p>\n                                            <\/div>\n                                                                                    <div class=\"text-block__text text-editor\"><p><p><strong>\u0160kola nie\u00a0je\u00a0len o\u00a0lekci\u00e1ch, testoch a\u00a0u\u010debn\u00fdch osnov\u00e1ch. Je\u00a0to\u00a0tie\u017e miesto, kde mlad\u00ed \u013eudia tr\u00e1via ve\u013ek\u00fa \u010das\u0165 d\u0148a, buduj\u00fa vz\u0165ahy, rozv\u00edjaj\u00fa z\u00e1ujmy a\u00a0za\u010d\u00ednaj\u00fa prem\u00fd\u0161\u013ea\u0165 o\u00a0svojej profesion\u00e1lnej bud\u00facnosti. S\u00a0oh\u013eadom na\u00a0tieto potreby bola vytvoren\u00e1 nov\u00e1 &#8220;Budimex z\u00f3na&#8221;, ktor\u00e1 bola vyvinut\u00e1 v\u00a0prospech Okresn\u00e9ho centra pre celo\u017eivotn\u00e9 a\u00a0odborn\u00e9 vzdel\u00e1vanie vo Wa\u0142czi a\u00a0Centra priemyseln\u00fdch zru\u010dnost\u00ed.<\/strong><\/p><p>Sl\u00e1vnostn\u00e9 otvorenie z\u00f3ny sa uskuto\u010dnilo 24. marca tohto roku, \u010do je\u00a0\u0161tvrt\u00fd tak\u00fdto priestor, ktor\u00fd Budimex otvoril v\u00a0Po\u013esku, a\u00a0\u010fal\u0161\u00ed pr\u00edklad aktiv\u00edt spolo\u010dnosti v\u00a0oblasti technick\u00e9ho vzdel\u00e1vania a\u00a0rozvoja bud\u00facich zamestnancov pre stavebn\u00fd priemysel. &#8220;Budimex Z\u00f3na&#8221; je\u00a0ur\u010den\u00e1 na\u00a0ka\u017edodenn\u00e9 slu\u017eby \u0161tudentom \u2013 ako miesto na\u00a0u\u010denie, oddych a\u00a0stretnutia medzi hodinami. Je\u00a0to\u00a0priate\u013esk\u00e9 a\u00a0funk\u010dn\u00e9 miesto, ktor\u00e9 m\u00e1 in\u0161pirova\u0165, integrova\u0165 a\u00a0podporova\u0165 rozvoj z\u00e1ujmov.<\/p><p>&#8221; <em>Chceme by\u0165 pr\u00edtomn\u00ed tam, kde sa na\u00a0trhu formuj\u00fa potrebn\u00e9 kompetencie, a\u00a0podporova\u0165 \u0161tudentov nielen prostredn\u00edctvom st\u00e1\u017e\u00ed alebo kurzov s\u00a0odborn\u00edkmi, ale\u00a0aj\u00a0vytv\u00e1ran\u00edm miest, ktor\u00e9 podporuj\u00fa u\u010denie, integr\u00e1ciu a\u00a0objavovanie v\u00e1\u0161n\u00ed. Ver\u00edme, \u017ee spolupr\u00e1ca s\u00a0odborn\u00fdmi \u0161kolami je\u00a0skuto\u010dnou invest\u00edciou do\u00a0bud\u00facnosti stavebn\u00edctva a\u00a0mlad\u00fdch \u013eud\u00ed, ktor\u00ed bud\u00fa tento sektor v\u00a0nasleduj\u00facich rokoch spoluvytv\u00e1ra\u0165. Z\u00f3na Budimex vo Wa\u0142cz je\u00a0prejavom tak\u00e9hoto pr\u00edstupu \u2013 m\u00e1 in\u0161pirova\u0165 \u0161tudentov a\u00a0uk\u00e1za\u0165, \u017ee stavebn\u00edctvo m\u00f4\u017ee by\u0165 zauj\u00edmavou a\u00a0s\u013eubnou kari\u00e9rnou cestou <\/em>\u2013 hovor\u00ed Piotr Mandziak, mana\u017e\u00e9r zml\u00fav v\u00a0Budimex SA.<\/p><p>Otvorenie z\u00f3ny je\u00a0pokra\u010dovan\u00edm spolupr\u00e1ce Budimexu s\u00a0Okresn\u00fdm centrom pre celo\u017eivotn\u00e9 a\u00a0odborn\u00e9 vzdel\u00e1vanie vo Wa\u0142ci. V\u00a0okt\u00f3bri minul\u00e9ho roka spolo\u010dnos\u0165 podp\u00edsala trojstrann\u00fa dohodu so \u0161kolou a\u00a0Centrom priemyseln\u00fdch zru\u010dnost\u00ed v\u00a0oblasti stavebn\u00fdch pr\u00e1c. Cie\u013eom partnerstva je\u00a0lep\u0161ie pripravi\u0165 bud\u00facich profesion\u00e1lov na\u00a0vstup na\u00a0trh pr\u00e1ce a\u00a0posilni\u0165 praktick\u00fd rozmer odborn\u00e9ho vzdel\u00e1vania.<\/p><p>Budimex d\u00f4sledne podporuje posil\u0148ovanie odborn\u00fdch kompetenci\u00ed mladej gener\u00e1cie zapojen\u00edm sa do\u00a0projektov technick\u00e9ho vzdel\u00e1vania. Doteraz spolo\u010dnos\u0165 podp\u00edsala 27 doh\u00f4d o\u00a0spolupr\u00e1ci s\u00a0univerzitami a\u00a054 strategick\u00fdch partnerstiev so \u0161kolami po\u00a0celom Po\u013esku.<\/p><p>Dnes s\u00fa Wa\u0142cz a\u00a0jeho okolie jedn\u00fdm z\u00a0d\u00f4le\u017eit\u00fdch bodov na\u00a0investi\u010dnej mape Budimexu. Pr\u00e1ve v\u00a0tomto regi\u00f3ne spolo\u010dnos\u0165 realizuje \u00faseky dia\u013enice S10 \u2013 trasu, ktor\u00e1 v\u00a0bud\u00facnosti spoj\u00ed \u0160tet\u00edn s\u00a0Var\u0161avou a\u00a0zmen\u00ed dopravn\u00fd syst\u00e9m severoz\u00e1padn\u00e9ho Po\u013eska.<\/p><\/p><\/div>\n                            <\/div>\n                                                                                                                                <\/div>\n    <\/div>\n<\/section> \n    <section id=\"block_2506bba388bd549e64d1b286025530c8\" class=\"gallery-section section-margin-120\" data-per-page=\"8\" data-per-row=\"4\" data-type=\"zdjecia\">\n        <div class=\"container\">\n            <div class=\"row\">\n                                    <div class=\"col-24\">\n                        <h2 class=\"gallery-section__title under-h2\">Gal&eacute;ria<\/h2>\n                    <\/div>\n                            <\/div>\n            <div class=\"row\">\n                <div class=\"col-24\">\n                                                                        <div class=\"gallery-section__grid gallery-section__grid--4\">\n                                \n                        <div class=\"gallery-section__image gallery-section__image--single\">\n                <a href=\"https:\/\/bdm-stg.mda.pl\/app\/uploads\/2026\/03\/dsc_0400-32-scaled.jpg\">\n                                        <img loading=\"lazy\" decoding=\"async\" width=\"2560\" height=\"1707\" src=\"https:\/\/bdm-stg.mda.pl\/app\/uploads\/2026\/03\/dsc_0400-32-scaled.jpg\" class=\"attachment-full size-full\" alt=\"\" \/>                                    <\/a>\n                            <\/div>\n                                <div class=\"gallery-section__image gallery-section__image--single\">\n                <a href=\"https:\/\/bdm-stg.mda.pl\/app\/uploads\/2026\/03\/dsc_0424-32-scaled.jpg\">\n                                        <img loading=\"lazy\" decoding=\"async\" width=\"2560\" height=\"1707\" src=\"https:\/\/bdm-stg.mda.pl\/app\/uploads\/2026\/03\/dsc_0424-32-scaled.jpg\" class=\"attachment-full size-full\" alt=\"\" \/>                                    <\/a>\n                            <\/div>\n                                <div class=\"gallery-section__image gallery-section__image--single\">\n                <a href=\"https:\/\/bdm-stg.mda.pl\/app\/uploads\/2026\/03\/dsc_0483-32-scaled.jpg\">\n                                        <img loading=\"lazy\" decoding=\"async\" width=\"2560\" height=\"1707\" src=\"https:\/\/bdm-stg.mda.pl\/app\/uploads\/2026\/03\/dsc_0483-32-scaled.jpg\" class=\"attachment-full size-full\" alt=\"\" \/>                                    <\/a>\n                            <\/div>\n                                <div class=\"gallery-section__image gallery-section__image--single\">\n                <a href=\"https:\/\/bdm-stg.mda.pl\/app\/uploads\/2026\/03\/dsc_0489-32-scaled.jpg\">\n                                        <img loading=\"lazy\" decoding=\"async\" width=\"2560\" height=\"1707\" src=\"https:\/\/bdm-stg.mda.pl\/app\/uploads\/2026\/03\/dsc_0489-32-scaled.jpg\" class=\"attachment-full size-full\" alt=\"\" \/>                                    <\/a>\n                            <\/div>\n            \n                            <\/div>\n                                                                                        <\/div>\n            <\/div>\n        <\/div>\n    <\/section>\n ","protected":false},"excerpt":{"rendered":"","protected":false},"featured_media":0,"parent":0,"template":"","press_type":[],"acf":[],"yoast_head":"<!-- This site is optimized with the Yoast SEO plugin v22.5 - https:\/\/yoast.com\/wordpress\/plugins\/seo\/ -->\n<title>Budimex otvoril &scaron;tvrt&uacute; z&oacute;nu pre &scaron;tudentov v Po\u013esku.V Wa\u0142czi u\u017e funguje nov&yacute; priestor na vzdel&aacute;vanie, oddych a stretnutia - Budimex<\/title>\n<meta name=\"robots\" content=\"noindex, follow, max-snippet:-1, max-image-preview:large, max-video-preview:-1\" \/>\n<meta property=\"og:locale\" content=\"sk_SK\" \/>\n<meta property=\"og:type\" content=\"article\" \/>\n<meta property=\"og:title\" content=\"Budimex otvoril &scaron;tvrt&uacute; z&oacute;nu pre &scaron;tudentov v Po\u013esku.V Wa\u0142czi u\u017e funguje nov&yacute; priestor na vzdel&aacute;vanie, oddych a stretnutia - Budimex\" \/>\n<meta property=\"og:url\" content=\"https:\/\/bdm-stg.mda.pl\/sk\/informacje-prasowe\/budimex-otvoril-tvrt-znu-pre-tudentov-v-polsku-v-walczi-uz-funguje-nov-priestor-na-vzdelvanie-oddych-a-stretnutia\/\" \/>\n<meta property=\"og:site_name\" content=\"Budimex\" \/>\n<meta property=\"article:modified_time\" content=\"2026-03-27T15:42:03+00:00\" \/>\n<meta name=\"twitter:card\" content=\"summary_large_image\" \/>\n<script type=\"application\/ld+json\" class=\"yoast-schema-graph\">{\"@context\":\"https:\/\/schema.org\",\"@graph\":[{\"@type\":\"WebPage\",\"@id\":\"https:\/\/bdm-stg.mda.pl\/sk\/informacje-prasowe\/budimex-otvoril-tvrt-znu-pre-tudentov-v-polsku-v-walczi-uz-funguje-nov-priestor-na-vzdelvanie-oddych-a-stretnutia\/\",\"url\":\"https:\/\/bdm-stg.mda.pl\/sk\/informacje-prasowe\/budimex-otvoril-tvrt-znu-pre-tudentov-v-polsku-v-walczi-uz-funguje-nov-priestor-na-vzdelvanie-oddych-a-stretnutia\/\",\"name\":\"Budimex otvoril &scaron;tvrt&uacute; z&oacute;nu pre &scaron;tudentov v Po\u013esku.V Wa\u0142czi u\u017e funguje nov&yacute; priestor na vzdel&aacute;vanie, oddych a stretnutia - Budimex\",\"isPartOf\":{\"@id\":\"https:\/\/bdm-stg.mda.pl\/sk\/#website\"},\"datePublished\":\"2026-03-26T13:36:50+00:00\",\"dateModified\":\"2026-03-27T15:42:03+00:00\",\"breadcrumb\":{\"@id\":\"https:\/\/bdm-stg.mda.pl\/sk\/informacje-prasowe\/budimex-otvoril-tvrt-znu-pre-tudentov-v-polsku-v-walczi-uz-funguje-nov-priestor-na-vzdelvanie-oddych-a-stretnutia\/#breadcrumb\"},\"inLanguage\":\"sk-SK\",\"potentialAction\":[{\"@type\":\"ReadAction\",\"target\":[\"https:\/\/bdm-stg.mda.pl\/sk\/informacje-prasowe\/budimex-otvoril-tvrt-znu-pre-tudentov-v-polsku-v-walczi-uz-funguje-nov-priestor-na-vzdelvanie-oddych-a-stretnutia\/\"]}]},{\"@type\":\"BreadcrumbList\",\"@id\":\"https:\/\/bdm-stg.mda.pl\/sk\/informacje-prasowe\/budimex-otvoril-tvrt-znu-pre-tudentov-v-polsku-v-walczi-uz-funguje-nov-priestor-na-vzdelvanie-oddych-a-stretnutia\/#breadcrumb\",\"itemListElement\":[{\"@type\":\"ListItem\",\"position\":1,\"name\":\"Strona g\u0142\u00f3wna\",\"item\":\"https:\/\/bdm-stg.mda.pl\/sk\/\"},{\"@type\":\"ListItem\",\"position\":2,\"name\":\"Budimex otvoril &scaron;tvrt&uacute; z&oacute;nu pre &scaron;tudentov v Po\u013esku.V Wa\u0142czi u\u017e funguje nov&yacute; priestor na vzdel&aacute;vanie, oddych a stretnutia\"}]},{\"@type\":\"WebSite\",\"@id\":\"https:\/\/bdm-stg.mda.pl\/sk\/#website\",\"url\":\"https:\/\/bdm-stg.mda.pl\/sk\/\",\"name\":\"Budimex\",\"description\":\"\",\"potentialAction\":[{\"@type\":\"SearchAction\",\"target\":{\"@type\":\"EntryPoint\",\"urlTemplate\":\"https:\/\/bdm-stg.mda.pl\/sk\/?s={search_term_string}\"},\"query-input\":\"required name=search_term_string\"}],\"inLanguage\":\"sk-SK\"}]}<\/script>\n<!-- \/ Yoast SEO plugin. -->","yoast_head_json":{"title":"Budimex otvoril &scaron;tvrt&uacute; z&oacute;nu pre &scaron;tudentov v Po\u013esku.V Wa\u0142czi u\u017e funguje nov&yacute; priestor na vzdel&aacute;vanie, oddych a stretnutia - Budimex","robots":{"index":"noindex","follow":"follow","max-snippet":"max-snippet:-1","max-image-preview":"max-image-preview:large","max-video-preview":"max-video-preview:-1"},"og_locale":"sk_SK","og_type":"article","og_title":"Budimex otvoril &scaron;tvrt&uacute; z&oacute;nu pre &scaron;tudentov v Po\u013esku.V Wa\u0142czi u\u017e funguje nov&yacute; priestor na vzdel&aacute;vanie, oddych a stretnutia - Budimex","og_url":"https:\/\/bdm-stg.mda.pl\/sk\/informacje-prasowe\/budimex-otvoril-tvrt-znu-pre-tudentov-v-polsku-v-walczi-uz-funguje-nov-priestor-na-vzdelvanie-oddych-a-stretnutia\/","og_site_name":"Budimex","article_modified_time":"2026-03-27T15:42:03+00:00","twitter_card":"summary_large_image","schema":{"@context":"https:\/\/schema.org","@graph":[{"@type":"WebPage","@id":"https:\/\/bdm-stg.mda.pl\/sk\/informacje-prasowe\/budimex-otvoril-tvrt-znu-pre-tudentov-v-polsku-v-walczi-uz-funguje-nov-priestor-na-vzdelvanie-oddych-a-stretnutia\/","url":"https:\/\/bdm-stg.mda.pl\/sk\/informacje-prasowe\/budimex-otvoril-tvrt-znu-pre-tudentov-v-polsku-v-walczi-uz-funguje-nov-priestor-na-vzdelvanie-oddych-a-stretnutia\/","name":"Budimex otvoril &scaron;tvrt&uacute; z&oacute;nu pre &scaron;tudentov v Po\u013esku.V Wa\u0142czi u\u017e funguje nov&yacute; priestor na vzdel&aacute;vanie, oddych a stretnutia - Budimex","isPartOf":{"@id":"https:\/\/bdm-stg.mda.pl\/sk\/#website"},"datePublished":"2026-03-26T13:36:50+00:00","dateModified":"2026-03-27T15:42:03+00:00","breadcrumb":{"@id":"https:\/\/bdm-stg.mda.pl\/sk\/informacje-prasowe\/budimex-otvoril-tvrt-znu-pre-tudentov-v-polsku-v-walczi-uz-funguje-nov-priestor-na-vzdelvanie-oddych-a-stretnutia\/#breadcrumb"},"inLanguage":"sk-SK","potentialAction":[{"@type":"ReadAction","target":["https:\/\/bdm-stg.mda.pl\/sk\/informacje-prasowe\/budimex-otvoril-tvrt-znu-pre-tudentov-v-polsku-v-walczi-uz-funguje-nov-priestor-na-vzdelvanie-oddych-a-stretnutia\/"]}]},{"@type":"BreadcrumbList","@id":"https:\/\/bdm-stg.mda.pl\/sk\/informacje-prasowe\/budimex-otvoril-tvrt-znu-pre-tudentov-v-polsku-v-walczi-uz-funguje-nov-priestor-na-vzdelvanie-oddych-a-stretnutia\/#breadcrumb","itemListElement":[{"@type":"ListItem","position":1,"name":"Strona g\u0142\u00f3wna","item":"https:\/\/bdm-stg.mda.pl\/sk\/"},{"@type":"ListItem","position":2,"name":"Budimex otvoril &scaron;tvrt&uacute; z&oacute;nu pre &scaron;tudentov v Po\u013esku.V Wa\u0142czi u\u017e funguje nov&yacute; priestor na vzdel&aacute;vanie, oddych a stretnutia"}]},{"@type":"WebSite","@id":"https:\/\/bdm-stg.mda.pl\/sk\/#website","url":"https:\/\/bdm-stg.mda.pl\/sk\/","name":"Budimex","description":"","potentialAction":[{"@type":"SearchAction","target":{"@type":"EntryPoint","urlTemplate":"https:\/\/bdm-stg.mda.pl\/sk\/?s={search_term_string}"},"query-input":"required name=search_term_string"}],"inLanguage":"sk-SK"}]}},"_links":{"self":[{"href":"https:\/\/bdm-stg.mda.pl\/sk\/wp-json\/wp\/v2\/press\/324574"}],"collection":[{"href":"https:\/\/bdm-stg.mda.pl\/sk\/wp-json\/wp\/v2\/press"}],"about":[{"href":"https:\/\/bdm-stg.mda.pl\/sk\/wp-json\/wp\/v2\/types\/press"}],"version-history":[{"count":3,"href":"https:\/\/bdm-stg.mda.pl\/sk\/wp-json\/wp\/v2\/press\/324574\/revisions"}],"predecessor-version":[{"id":325794,"href":"https:\/\/bdm-stg.mda.pl\/sk\/wp-json\/wp\/v2\/press\/324574\/revisions\/325794"}],"wp:attachment":[{"href":"https:\/\/bdm-stg.mda.pl\/sk\/wp-json\/wp\/v2\/media?parent=324574"}],"wp:term":[{"taxonomy":"press_type","embeddable":true,"href":"https:\/\/bdm-stg.mda.pl\/sk\/wp-json\/wp\/v2\/press_type?post=324574"}],"curies":[{"name":"wp","href":"https:\/\/api.w.org\/{rel}","templated":true}]}}