{"id":339331,"date":"2026-04-27T07:34:17","date_gmt":"2026-04-27T07:34:17","guid":{"rendered":"https:\/\/bdm-stg.mda.pl\/informacje-prasowe\/budimex-dokoncil-vstavbu-komory-fabryczna-v-lodzi-dlezit-krok-pre-vysokorchlostn-zeleznicu-a-cel-projekt-prstav-polsko\/"},"modified":"2026-04-28T10:14:57","modified_gmt":"2026-04-28T10:14:57","slug":"budimex-dokoncil-vstavbu-komory-fabryczna-v-lodzi-dlezit-krok-pre-vysokorchlostn-zeleznicu-a-cel-projekt-prstav-polsko","status":"publish","type":"press","link":"https:\/\/bdm-stg.mda.pl\/sk\/informacje-prasowe\/budimex-dokoncil-vstavbu-komory-fabryczna-v-lodzi-dlezit-krok-pre-vysokorchlostn-zeleznicu-a-cel-projekt-prstav-polsko\/","title":{"rendered":"Budimex dokon\u010dil v&yacute;stavbu komory &quot;Fabryczna&quot; v Lod\u017ei &ndash; d&ocirc;le\u017eit&yacute; krok pre vysokor&yacute;chlostn&uacute; \u017eeleznicu a cel&yacute; projekt Pr&iacute;stav Po\u013esko"},"content":{"rendered":"\n<section id=\"block_13b70e52bac57546feee77ade587bc18\" class=\"text-block   -hide-dots section-margin-120\">\n    <div class=\"container\">\n        <div class=\"row\">\n            <div class=\"col-24 col-lg-16\">\n                                    <p class=\"typo-18 under-p-medium color-gray-120 text-block__date\">27.04.2026<\/p>\n                                                    <div class=\"text-block__top-texts under-h2\">\n                        <h2 class=\"text-block__title under-p-big\">Budimex dokon\u010dil v\u00fdstavbu komory &#8220;Fabryczna&#8221; v\u00a0Lod\u017ei \u2013 d\u00f4le\u017eit\u00fd krok pre vysokor\u00fdchlostn\u00fa \u017eeleznicu a\u00a0cel\u00fd projekt Pr\u00edstav Po\u013esko<\/h2>\n                                                    <p class=\"typo-18 under-p-medium color-gray-120\">\n                                \n<div class=\"card-share card-share--flex\">\n    <div class=\"card-share__inner\">\n        <p class=\"card-share__title typo-18\">Udost\u0119pnij artyku\u0142<\/p>\n        <div class=\"card-share__links\">\n            <div class=\"card-share__link card-share__link--facebook\">\n                <a href=\"https:\/\/www.facebook.com\/sharer\/sharer.php?u=https:\/\/bdm-stg.mda.pl\/sk\/informacje-prasowe\/budimex-dokoncil-vstavbu-komory-fabryczna-v-lodzi-dlezit-krok-pre-vysokorchlostn-zeleznicu-a-cel-projekt-prstav-polsko\/\" target=\"_blank\">\n                    <span class=\"card-share__linkIcon icon icon-facebook d-flex\"><\/span>\n                <\/a>\n            <\/div>\n            <div class=\"card-share__link card-share__link--linkedin\">\n                <a href=\"https:\/\/www.linkedin.com\/shareArticle?mini=true&#038;url=https:\/\/bdm-stg.mda.pl\/sk\/informacje-prasowe\/budimex-dokoncil-vstavbu-komory-fabryczna-v-lodzi-dlezit-krok-pre-vysokorchlostn-zeleznicu-a-cel-projekt-prstav-polsko\/\" target=\"_blank\" rel=\"nofollow\">\n                    <span class=\"card-share__linkIcon icon icon-linkedin\"><\/span>\n                <\/a>\n            <\/div>\n            <div class=\"card-share__link card-share__link--twitter\">\n                <a href=\"https:\/\/twitter.com\/intent\/tweet?url=https%3A%2F%2Fbdm-stg.mda.pl%2Fsk%2Finformacje-prasowe%2Fbudimex-dokoncil-vstavbu-komory-fabryczna-v-lodzi-dlezit-krok-pre-vysokorchlostn-zeleznicu-a-cel-projekt-prstav-polsko%2F\" target=\"_blank\" rel=\"nofollow\">\n                    <span class=\"card-share__linkIcon icon icon-x\"><\/span>\n                <\/a>\n            <\/div>\n        <\/div>\n    <\/div>\n<\/div>                            <\/p>\n                                            <\/div>\n                                                                                    <div class=\"text-block__text text-editor\"><p><p style=\"text-align:justify\"><strong>Budimex SA dokon\u010dil hlavn\u00e9 pr\u00e1ce na\u00a0v\u00fdstavbe prij\u00edmacej komory &#8220;Fabryczna&#8221;, jedn\u00e9ho z\u00a0k\u013e\u00fa\u010dov\u00fdch prvkov infra\u0161trukt\u00fary sprev\u00e1dzaj\u00facej v\u00fdstavbu dia\u013ekov\u00e9ho tunela v\u00a0Lod\u017ei pozd\u013a\u017e \u017eelezni\u010dnej trate \u010d. 85. Dokon\u010denie tejto etapy otv\u00e1ra cestu pre za\u010diatok \u010fal\u0161\u00edch pr\u00e1c s\u00favisiacich s\u00a0v\u00fdstavbou v\u00fdhybnej komory &#8220;Fabryczna&#8221;, ktor\u00e9 s\u00fa napl\u00e1novan\u00e9 na\u00a0j\u00fal 2026.<\/strong><\/p><p style=\"text-align:justify\">Prij\u00edmacia komora &#8220;Fabryczna&#8221;, realizovan\u00e1 priamo v\u00a0centre \u0141\u00f3d\u017a, v\u00a0bl\u00edzkosti stanice \u0141\u00f3d\u017a Fabryczna a\u00a0Lod\u017esk\u00e9ho kult\u00farneho centra, bola realizovan\u00e1 v\u00a0r\u00e1mci projektu &#8220;V\u00fdstavba opornej kon\u0161trukcie komory Retkinia a\u00a0opornej kon\u0161trukcie v\u00fdhybnej komory Fabryczna&#8221; na\u00a0\u017eiados\u0165 Centr\u00e1lneho komunika\u010dn\u00e9ho pr\u00edstavu. \u00dalohu vykon\u00e1va Budimex od\u00a0apr\u00edla 2025 a\u00a0jej dokon\u010denie je\u00a0pl\u00e1novan\u00e9 na\u00a0m\u00e1j 2026. Sk\u00f4r, na\u00a0z\u00e1klade tej\u00a0istej zmluvy, Budimex dokon\u010dil vysielaciu komoru Retkinia, tak\u017ee oba konce potrebn\u00e9 na\u00a0tunelov\u00e9 pr\u00e1ce s\u00fa u\u017e pripraven\u00e9.<\/p><p style=\"text-align:justify\">V r\u00e1mci pr\u00e1c boli vytvoren\u00e9 \u0161trbinov\u00e9 steny s\u00a0h\u013abkou a\u017e 36 metrov a\u00a0v\u00fdkop v\u00a0najhlb\u0161om bode komory dosahoval 27 metrov pod\u00a0\u00farov\u0148ou zeme. Na\u00a0\u00fa\u010dely v\u00fdstavby bolo nain\u0161talovan\u00fdch pribli\u017ene 6,5 tis\u00edc m\u00b3 bet\u00f3nu a\u00a0850 ton ocele, vr\u00e1tane takmer 9 ton GFRP v\u00fdstu\u017ee umiestnenej v\u00a0prednej stene, cez ktor\u00fa bude v\u00a0bud\u00facnosti prech\u00e1dza\u0165 TBM \u0161t\u00edt. Po\u010das pr\u00e1c bolo vy\u0165a\u017een\u00fdch pribli\u017ene 22 tis\u00edc m\u00b3 rudy. Dokon\u010denie v\u00fdstavby prij\u00edmacej komory znamen\u00e1 dokon\u010denie d\u00f4le\u017eitej f\u00e1zy invest\u00edcie a\u00a0z\u00e1rove\u0148 pr\u00edpravu na\u00a0\u010fal\u0161iu f\u00e1zu projektu, teda v\u00fdstavbu v\u00fdvodnej komory &#8220;Fabryczna&#8221;, ktor\u00e1 je\u00a0pl\u00e1novan\u00e1 na\u00a0j\u00fal 2026.<\/p><p style=\"text-align:justify\">&#8220;<em>Dokon\u010denie pr\u00e1c na\u00a0prij\u00edmacej komore je\u00a0v\u00fdsledkom mnoh\u00fdch mesiacov intenz\u00edvnej pr\u00e1ce t\u00edmu a\u00a0zlo\u017eit\u00fdch pr\u00e1c vykonan\u00fdch v\u00a0n\u00e1ro\u010dn\u00fdch mestsk\u00fdch podmienkach. Osobitnou v\u00fdzvou bola realiz\u00e1cia geotechnick\u00fdch pr\u00e1c a\u00a0hlbok\u00fdch v\u00fdkopov v\u00a0kompaktnej z\u00e1stavbe, s\u00a0ve\u013emi obmedzen\u00fdm priestorom na\u00a0stavenisku na\u00a0kri\u017eovatke a\u017e troch invest\u00edci\u00ed. Podarilo sa n\u00e1m v\u0161ak efekt\u00edvne skombinova\u0165 kvalitu pr\u00e1ce s\u00a0bezpe\u010dnos\u0165ou a\u00a0kontinuitou realizovan\u00fdch invest\u00edci\u00ed. Toto je\u00a0d\u00f4le\u017eit\u00fd krok k\u00a0za\u010diatku \u010fal\u0161ej f\u00e1zy v\u00fdstavby, teda v\u00fdjazdovej komory<\/em> \u2013 <strong>hovor\u00ed Pawe\u0142 Parusel, zmluvn\u00fd riadite\u013e Budimex SA.<\/strong><\/p><p style=\"text-align:justify\">Komory &#8220;Retkinia&#8221; a\u00a0&#8220;Fabryczna&#8221; s\u00fa s\u00fa\u010das\u0165ou invest\u00edcie, ktor\u00e1 umo\u017en\u00ed v\u00fdstavbu dia\u013ekov\u00e9ho tunela s\u00a0d\u013a\u017ekou pribli\u017ene 4,6 km. V\u00a0bud\u00facnosti umo\u017en\u00ed spojenie Lod\u017ee s\u00a0Var\u0161avou, Pozna\u0148ou a\u00a0Wroc\u0142awom vysokor\u00fdchlostnou \u017eeleznicou, \u010d\u00edm bude d\u00f4le\u017eitou s\u00fa\u010das\u0165ou nov\u00e9ho \u017eelezni\u010dn\u00e9ho syst\u00e9mu v\u00a0strednom Po\u013esku.<\/p><p style=\"text-align:justify\">Ako popredn\u00fd gener\u00e1lny dod\u00e1vate\u013e v\u00a0Po\u013esku Budimex realizuje k\u013e\u00fa\u010dov\u00e9 invest\u00edcie do\u00a0infra\u0161trukt\u00fary, vr\u00e1tane \u017eelezn\u00edc, ciest, hydrotechniky a\u00a0kubat\u00farnych projektov. V\u00a0r\u00e1mci aktiv\u00edt s\u00favisiacich s\u00a0v\u00fdstavbou infra\u0161trukt\u00fary pr\u00edstavu Po\u013esko je\u00a0spolo\u010dnos\u0165 zodpovedn\u00e1 za\u00a0v\u00fdstavbu oporn\u00fdch kon\u0161trukci\u00ed pre komory vysokor\u00fdchlostn\u00e9ho \u017eelezni\u010dn\u00e9ho tunela v\u00a0Lod\u017ei a\u00a0celkov\u00e1 hodnota zmluvy je\u00a0159 mili\u00f3nov PLN \u010disto.<\/p><p style=\"text-align:justify\">Z\u00e1rove\u0148 sa Budimex podie\u013ea na\u00a0viacer\u00fdch \u010fal\u0161\u00edch ve\u013ek\u00fdch \u017eelezni\u010dn\u00fdch projektoch v\u00a0Po\u013esku, najm\u00e4 na\u00a0juhu krajiny. Spolo\u010dnos\u0165 je\u00a0jedn\u00fdm z\u00a0hlavn\u00fdch dod\u00e1vate\u013eov programu &#8220;Pod\u0142\u0119\u017ce-Piekie\u0142ko&#8221; \u2013 u\u017e uviedla do\u00a0prev\u00e1dzky \u00fasek linky \u010d. 104 na\u00a0trase Chab\u00f3wka \u2013 Rabka Zaryte, v\u00a0s\u00fa\u010dasnosti vykon\u00e1va pr\u00e1ce na\u00a0\u00faseku H\u00a0linky \u010d. 622 Szczyrzyc \u2013 Tymbark a\u00a0v\u00a0marci 2026 podp\u00edsala zmluvu na\u00a0\u010fal\u0161iu f\u00e1zu invest\u00edcie, vr\u00e1tane trate \u010d. 622 Pod\u0142\u0119\u017ce \u2013 Gd\u00f3w a\u00a0v\u00fdjazdu \u010d. 627. Okrem toho Budimex realizuje aj\u00a0projekt na\u00a0\u00faseku Limanowa \u2013 Kleczany v\u00a0r\u00e1mci moderniz\u00e1cie linky \u010d. 104.<\/p><\/p><\/div>\n                            <\/div>\n                                                                                                                                <\/div>\n    <\/div>\n<\/section> \n    <section id=\"block_d02572cd3a13944adc972e22b5a6fbdd\" class=\"gallery-section section-margin-120\" data-per-page=\"8\" data-per-row=\"4\" data-type=\"zdjecia\">\n        <div class=\"container\">\n            <div class=\"row\">\n                                    <div class=\"col-24\">\n                        <h2 class=\"gallery-section__title under-h2\">Gal&eacute;ria<\/h2>\n                    <\/div>\n                            <\/div>\n            <div class=\"row\">\n                <div class=\"col-24\">\n                                                                        <div class=\"gallery-section__grid gallery-section__grid--4\">\n                                \n                        <div class=\"gallery-section__image gallery-section__image--single\">\n                <a href=\"https:\/\/bdm-stg.mda.pl\/app\/uploads\/2026\/04\/20260331_142518-33-scaled.jpg\">\n                                        <img loading=\"lazy\" decoding=\"async\" width=\"2560\" height=\"1920\" src=\"https:\/\/bdm-stg.mda.pl\/app\/uploads\/2026\/04\/20260331_142518-33-scaled.jpg\" class=\"attachment-full size-full\" alt=\"\" \/>                                    <\/a>\n                            <\/div>\n                                <div class=\"gallery-section__image gallery-section__image--single\">\n                <a href=\"https:\/\/bdm-stg.mda.pl\/app\/uploads\/2026\/04\/20260331_142807-33-scaled.jpg\">\n                                        <img loading=\"lazy\" decoding=\"async\" width=\"2560\" height=\"1920\" src=\"https:\/\/bdm-stg.mda.pl\/app\/uploads\/2026\/04\/20260331_142807-33-scaled.jpg\" class=\"attachment-full size-full\" alt=\"\" \/>                                    <\/a>\n                            <\/div>\n                                <div class=\"gallery-section__image gallery-section__image--single\">\n                <a href=\"https:\/\/bdm-stg.mda.pl\/app\/uploads\/2026\/04\/img_20260312_112632-33-scaled.jpg\">\n                                        <img loading=\"lazy\" decoding=\"async\" width=\"1920\" height=\"2560\" src=\"https:\/\/bdm-stg.mda.pl\/app\/uploads\/2026\/04\/img_20260312_112632-33-scaled.jpg\" class=\"attachment-full size-full\" alt=\"\" \/>                                    <\/a>\n                            <\/div>\n                                <div class=\"gallery-section__image gallery-section__image--single\">\n                <a href=\"https:\/\/bdm-stg.mda.pl\/app\/uploads\/2026\/04\/img_20260312_112643-33-scaled.jpg\">\n                                        <img loading=\"lazy\" decoding=\"async\" width=\"1920\" height=\"2560\" src=\"https:\/\/bdm-stg.mda.pl\/app\/uploads\/2026\/04\/img_20260312_112643-33-scaled.jpg\" class=\"attachment-full size-full\" alt=\"\" \/>                                    <\/a>\n                            <\/div>\n                                <div class=\"gallery-section__image gallery-section__image--single\">\n                <a href=\"https:\/\/bdm-stg.mda.pl\/app\/uploads\/2026\/04\/img_20260312_112647-33-scaled.jpg\">\n                                        <img loading=\"lazy\" decoding=\"async\" width=\"1920\" height=\"2560\" src=\"https:\/\/bdm-stg.mda.pl\/app\/uploads\/2026\/04\/img_20260312_112647-33-scaled.jpg\" class=\"attachment-full size-full\" alt=\"\" \/>                                    <\/a>\n                            <\/div>\n                                <div class=\"gallery-section__image gallery-section__image--single\">\n                <a href=\"https:\/\/bdm-stg.mda.pl\/app\/uploads\/2026\/04\/img_20260312_153334-33-scaled.jpg\">\n                                        <img loading=\"lazy\" decoding=\"async\" width=\"1920\" height=\"2560\" src=\"https:\/\/bdm-stg.mda.pl\/app\/uploads\/2026\/04\/img_20260312_153334-33-scaled.jpg\" class=\"attachment-full size-full\" alt=\"\" \/>                                    <\/a>\n                            <\/div>\n                                <div class=\"gallery-section__image gallery-section__image--single\">\n                <a href=\"https:\/\/bdm-stg.mda.pl\/app\/uploads\/2026\/04\/img_20260312_153341-33-scaled.jpg\">\n                                        <img loading=\"lazy\" decoding=\"async\" width=\"1920\" height=\"2560\" src=\"https:\/\/bdm-stg.mda.pl\/app\/uploads\/2026\/04\/img_20260312_153341-33-scaled.jpg\" class=\"attachment-full size-full\" alt=\"\" \/>                                    <\/a>\n                            <\/div>\n                                <div class=\"gallery-section__image gallery-section__image--single\">\n                <a href=\"https:\/\/bdm-stg.mda.pl\/app\/uploads\/2026\/04\/20251209_095327-33-scaled.jpg\">\n                                        <img loading=\"lazy\" decoding=\"async\" width=\"1920\" height=\"2560\" src=\"https:\/\/bdm-stg.mda.pl\/app\/uploads\/2026\/04\/20251209_095327-33-scaled.jpg\" class=\"attachment-full size-full\" alt=\"\" \/>                                    <\/a>\n                            <\/div>\n            \n                            <\/div>\n                                                            <div class=\"gallery-section__button-wrapper\">\n                                    <button data-show-more data-ajax-wrapper=\"gallery-section__grid\" data-gallery-type=\"single\" type=\"button\" data-gallery-gallery='[{\"image\":342704,\"subtitle\":\"\",\"link\":null},{\"image\":342711,\"subtitle\":\"\",\"link\":null},{\"image\":342718,\"subtitle\":\"\",\"link\":null},{\"image\":342725,\"subtitle\":\"\",\"link\":null},{\"image\":342732,\"subtitle\":\"\",\"link\":null},{\"image\":342739,\"subtitle\":\"\",\"link\":null},{\"image\":342746,\"subtitle\":\"\",\"link\":null},{\"image\":342753,\"subtitle\":\"\",\"link\":null},{\"image\":342760,\"subtitle\":\"\",\"link\":null},{\"image\":342767,\"subtitle\":\"\",\"link\":null},{\"image\":342774,\"subtitle\":\"\",\"link\":null},{\"image\":342781,\"subtitle\":\"\",\"link\":null},{\"image\":342788,\"subtitle\":\"\",\"link\":null}]' data-gallery-page=\"1\" class=\"-wcag-black button button--new-gray button--medium button--full-xl\">Zobacz wi\u0119cej<\/button>\n                                <\/div>\n                                                                                        <\/div>\n            <\/div>\n        <\/div>\n    <\/section>\n ","protected":false},"excerpt":{"rendered":"","protected":false},"featured_media":0,"parent":0,"template":"","press_type":[],"acf":[],"yoast_head":"<!-- This site is optimized with the Yoast SEO plugin v22.5 - https:\/\/yoast.com\/wordpress\/plugins\/seo\/ -->\n<title>Budimex dokon\u010dil v&yacute;stavbu komory &quot;Fabryczna&quot; v Lod\u017ei &ndash; d&ocirc;le\u017eit&yacute; krok pre vysokor&yacute;chlostn&uacute; \u017eeleznicu a cel&yacute; projekt Pr&iacute;stav Po\u013esko - Budimex<\/title>\n<meta name=\"robots\" content=\"noindex, follow, max-snippet:-1, max-image-preview:large, max-video-preview:-1\" \/>\n<meta property=\"og:locale\" content=\"sk_SK\" \/>\n<meta property=\"og:type\" content=\"article\" \/>\n<meta property=\"og:title\" content=\"Budimex dokon\u010dil v&yacute;stavbu komory &quot;Fabryczna&quot; v Lod\u017ei &ndash; d&ocirc;le\u017eit&yacute; krok pre vysokor&yacute;chlostn&uacute; \u017eeleznicu a cel&yacute; projekt Pr&iacute;stav Po\u013esko - Budimex\" \/>\n<meta property=\"og:url\" content=\"https:\/\/bdm-stg.mda.pl\/sk\/informacje-prasowe\/budimex-dokoncil-vstavbu-komory-fabryczna-v-lodzi-dlezit-krok-pre-vysokorchlostn-zeleznicu-a-cel-projekt-prstav-polsko\/\" \/>\n<meta property=\"og:site_name\" content=\"Budimex\" \/>\n<meta property=\"article:modified_time\" content=\"2026-04-28T10:14:57+00:00\" \/>\n<meta name=\"twitter:card\" content=\"summary_large_image\" \/>\n<script type=\"application\/ld+json\" class=\"yoast-schema-graph\">{\"@context\":\"https:\/\/schema.org\",\"@graph\":[{\"@type\":\"WebPage\",\"@id\":\"https:\/\/bdm-stg.mda.pl\/sk\/informacje-prasowe\/budimex-dokoncil-vstavbu-komory-fabryczna-v-lodzi-dlezit-krok-pre-vysokorchlostn-zeleznicu-a-cel-projekt-prstav-polsko\/\",\"url\":\"https:\/\/bdm-stg.mda.pl\/sk\/informacje-prasowe\/budimex-dokoncil-vstavbu-komory-fabryczna-v-lodzi-dlezit-krok-pre-vysokorchlostn-zeleznicu-a-cel-projekt-prstav-polsko\/\",\"name\":\"Budimex dokon\u010dil v&yacute;stavbu komory &quot;Fabryczna&quot; v Lod\u017ei &ndash; d&ocirc;le\u017eit&yacute; krok pre vysokor&yacute;chlostn&uacute; \u017eeleznicu a cel&yacute; projekt Pr&iacute;stav Po\u013esko - Budimex\",\"isPartOf\":{\"@id\":\"https:\/\/bdm-stg.mda.pl\/sk\/#website\"},\"datePublished\":\"2026-04-27T07:34:17+00:00\",\"dateModified\":\"2026-04-28T10:14:57+00:00\",\"breadcrumb\":{\"@id\":\"https:\/\/bdm-stg.mda.pl\/sk\/informacje-prasowe\/budimex-dokoncil-vstavbu-komory-fabryczna-v-lodzi-dlezit-krok-pre-vysokorchlostn-zeleznicu-a-cel-projekt-prstav-polsko\/#breadcrumb\"},\"inLanguage\":\"sk-SK\",\"potentialAction\":[{\"@type\":\"ReadAction\",\"target\":[\"https:\/\/bdm-stg.mda.pl\/sk\/informacje-prasowe\/budimex-dokoncil-vstavbu-komory-fabryczna-v-lodzi-dlezit-krok-pre-vysokorchlostn-zeleznicu-a-cel-projekt-prstav-polsko\/\"]}]},{\"@type\":\"BreadcrumbList\",\"@id\":\"https:\/\/bdm-stg.mda.pl\/sk\/informacje-prasowe\/budimex-dokoncil-vstavbu-komory-fabryczna-v-lodzi-dlezit-krok-pre-vysokorchlostn-zeleznicu-a-cel-projekt-prstav-polsko\/#breadcrumb\",\"itemListElement\":[{\"@type\":\"ListItem\",\"position\":1,\"name\":\"Strona g\u0142\u00f3wna\",\"item\":\"https:\/\/bdm-stg.mda.pl\/sk\/\"},{\"@type\":\"ListItem\",\"position\":2,\"name\":\"Budimex dokon\u010dil v&yacute;stavbu komory &quot;Fabryczna&quot; v Lod\u017ei &ndash; d&ocirc;le\u017eit&yacute; krok pre vysokor&yacute;chlostn&uacute; \u017eeleznicu a cel&yacute; projekt Pr&iacute;stav Po\u013esko\"}]},{\"@type\":\"WebSite\",\"@id\":\"https:\/\/bdm-stg.mda.pl\/sk\/#website\",\"url\":\"https:\/\/bdm-stg.mda.pl\/sk\/\",\"name\":\"Budimex\",\"description\":\"\",\"potentialAction\":[{\"@type\":\"SearchAction\",\"target\":{\"@type\":\"EntryPoint\",\"urlTemplate\":\"https:\/\/bdm-stg.mda.pl\/sk\/?s={search_term_string}\"},\"query-input\":\"required name=search_term_string\"}],\"inLanguage\":\"sk-SK\"}]}<\/script>\n<!-- \/ Yoast SEO plugin. -->","yoast_head_json":{"title":"Budimex dokon\u010dil v&yacute;stavbu komory &quot;Fabryczna&quot; v Lod\u017ei &ndash; d&ocirc;le\u017eit&yacute; krok pre vysokor&yacute;chlostn&uacute; \u017eeleznicu a cel&yacute; projekt Pr&iacute;stav Po\u013esko - Budimex","robots":{"index":"noindex","follow":"follow","max-snippet":"max-snippet:-1","max-image-preview":"max-image-preview:large","max-video-preview":"max-video-preview:-1"},"og_locale":"sk_SK","og_type":"article","og_title":"Budimex dokon\u010dil v&yacute;stavbu komory &quot;Fabryczna&quot; v Lod\u017ei &ndash; d&ocirc;le\u017eit&yacute; krok pre vysokor&yacute;chlostn&uacute; \u017eeleznicu a cel&yacute; projekt Pr&iacute;stav Po\u013esko - Budimex","og_url":"https:\/\/bdm-stg.mda.pl\/sk\/informacje-prasowe\/budimex-dokoncil-vstavbu-komory-fabryczna-v-lodzi-dlezit-krok-pre-vysokorchlostn-zeleznicu-a-cel-projekt-prstav-polsko\/","og_site_name":"Budimex","article_modified_time":"2026-04-28T10:14:57+00:00","twitter_card":"summary_large_image","schema":{"@context":"https:\/\/schema.org","@graph":[{"@type":"WebPage","@id":"https:\/\/bdm-stg.mda.pl\/sk\/informacje-prasowe\/budimex-dokoncil-vstavbu-komory-fabryczna-v-lodzi-dlezit-krok-pre-vysokorchlostn-zeleznicu-a-cel-projekt-prstav-polsko\/","url":"https:\/\/bdm-stg.mda.pl\/sk\/informacje-prasowe\/budimex-dokoncil-vstavbu-komory-fabryczna-v-lodzi-dlezit-krok-pre-vysokorchlostn-zeleznicu-a-cel-projekt-prstav-polsko\/","name":"Budimex dokon\u010dil v&yacute;stavbu komory &quot;Fabryczna&quot; v Lod\u017ei &ndash; d&ocirc;le\u017eit&yacute; krok pre vysokor&yacute;chlostn&uacute; \u017eeleznicu a cel&yacute; projekt Pr&iacute;stav Po\u013esko - Budimex","isPartOf":{"@id":"https:\/\/bdm-stg.mda.pl\/sk\/#website"},"datePublished":"2026-04-27T07:34:17+00:00","dateModified":"2026-04-28T10:14:57+00:00","breadcrumb":{"@id":"https:\/\/bdm-stg.mda.pl\/sk\/informacje-prasowe\/budimex-dokoncil-vstavbu-komory-fabryczna-v-lodzi-dlezit-krok-pre-vysokorchlostn-zeleznicu-a-cel-projekt-prstav-polsko\/#breadcrumb"},"inLanguage":"sk-SK","potentialAction":[{"@type":"ReadAction","target":["https:\/\/bdm-stg.mda.pl\/sk\/informacje-prasowe\/budimex-dokoncil-vstavbu-komory-fabryczna-v-lodzi-dlezit-krok-pre-vysokorchlostn-zeleznicu-a-cel-projekt-prstav-polsko\/"]}]},{"@type":"BreadcrumbList","@id":"https:\/\/bdm-stg.mda.pl\/sk\/informacje-prasowe\/budimex-dokoncil-vstavbu-komory-fabryczna-v-lodzi-dlezit-krok-pre-vysokorchlostn-zeleznicu-a-cel-projekt-prstav-polsko\/#breadcrumb","itemListElement":[{"@type":"ListItem","position":1,"name":"Strona g\u0142\u00f3wna","item":"https:\/\/bdm-stg.mda.pl\/sk\/"},{"@type":"ListItem","position":2,"name":"Budimex dokon\u010dil v&yacute;stavbu komory &quot;Fabryczna&quot; v Lod\u017ei &ndash; d&ocirc;le\u017eit&yacute; krok pre vysokor&yacute;chlostn&uacute; \u017eeleznicu a cel&yacute; projekt Pr&iacute;stav Po\u013esko"}]},{"@type":"WebSite","@id":"https:\/\/bdm-stg.mda.pl\/sk\/#website","url":"https:\/\/bdm-stg.mda.pl\/sk\/","name":"Budimex","description":"","potentialAction":[{"@type":"SearchAction","target":{"@type":"EntryPoint","urlTemplate":"https:\/\/bdm-stg.mda.pl\/sk\/?s={search_term_string}"},"query-input":"required name=search_term_string"}],"inLanguage":"sk-SK"}]}},"_links":{"self":[{"href":"https:\/\/bdm-stg.mda.pl\/sk\/wp-json\/wp\/v2\/press\/339331"}],"collection":[{"href":"https:\/\/bdm-stg.mda.pl\/sk\/wp-json\/wp\/v2\/press"}],"about":[{"href":"https:\/\/bdm-stg.mda.pl\/sk\/wp-json\/wp\/v2\/types\/press"}],"version-history":[{"count":3,"href":"https:\/\/bdm-stg.mda.pl\/sk\/wp-json\/wp\/v2\/press\/339331\/revisions"}],"predecessor-version":[{"id":342801,"href":"https:\/\/bdm-stg.mda.pl\/sk\/wp-json\/wp\/v2\/press\/339331\/revisions\/342801"}],"wp:attachment":[{"href":"https:\/\/bdm-stg.mda.pl\/sk\/wp-json\/wp\/v2\/media?parent=339331"}],"wp:term":[{"taxonomy":"press_type","embeddable":true,"href":"https:\/\/bdm-stg.mda.pl\/sk\/wp-json\/wp\/v2\/press_type?post=339331"}],"curies":[{"name":"wp","href":"https:\/\/api.w.org\/{rel}","templated":true}]}}