{"id":439893,"date":"2026-08-27T11:53:37","date_gmt":"2026-08-27T11:53:37","guid":{"rendered":"https:\/\/bdm-stg.mda.pl\/informacje-prasowe\/budimex-zacal-rozirovanie-terminlu-na-letisku-katowice-pyrzowice\/"},"modified":"2026-08-28T12:29:00","modified_gmt":"2026-08-28T12:29:00","slug":"budimex-zacal-rozirovanie-terminlu-na-letisku-katowice-pyrzowice","status":"publish","type":"press","link":"https:\/\/bdm-stg.mda.pl\/sk\/informacje-prasowe\/budimex-zacal-rozirovanie-terminlu-na-letisku-katowice-pyrzowice\/","title":{"rendered":"Budimex za\u010dal roz&scaron;irovanie termin&aacute;lu na letisku Katowice-Pyrzowice"},"content":{"rendered":"\n<section id=\"block_d8827732e50b554ba61e4a5b74ed3d21\" class=\"text-block   -hide-dots section-margin-120\">\n    <div class=\"container\">\n        <div class=\"row\">\n            <div class=\"col-24 col-lg-16\">\n                                    <p class=\"typo-18 under-p-medium color-gray-120 text-block__date\">27.08.2026<\/p>\n                                                    <div class=\"text-block__top-texts under-h2\">\n                        <h2 class=\"text-block__title under-p-big\">Budimex za\u010dal roz\u0161irovanie termin\u00e1lu na letisku Katowice-Pyrzowice<\/h2>\n                                                    <p class=\"typo-18 under-p-medium color-gray-120\">\n                                \n<div class=\"card-share card-share--flex\">\n    <div class=\"card-share__inner\">\n        <p class=\"card-share__title typo-18\">Udost\u0119pnij artyku\u0142<\/p>\n        <div class=\"card-share__links\">\n            <div class=\"card-share__link card-share__link--facebook\">\n                <a href=\"https:\/\/www.facebook.com\/sharer\/sharer.php?u=https:\/\/bdm-stg.mda.pl\/sk\/informacje-prasowe\/budimex-zacal-rozirovanie-terminlu-na-letisku-katowice-pyrzowice\/\" target=\"_blank\">\n                    <span class=\"card-share__linkIcon icon icon-facebook d-flex\"><\/span>\n                <\/a>\n            <\/div>\n            <div class=\"card-share__link card-share__link--linkedin\">\n                <a href=\"https:\/\/www.linkedin.com\/shareArticle?mini=true&#038;url=https:\/\/bdm-stg.mda.pl\/sk\/informacje-prasowe\/budimex-zacal-rozirovanie-terminlu-na-letisku-katowice-pyrzowice\/\" target=\"_blank\" rel=\"nofollow\">\n                    <span class=\"card-share__linkIcon icon icon-linkedin\"><\/span>\n                <\/a>\n            <\/div>\n            <div class=\"card-share__link card-share__link--twitter\">\n                <a href=\"https:\/\/twitter.com\/intent\/tweet?url=https%3A%2F%2Fbdm-stg.mda.pl%2Fsk%2Finformacje-prasowe%2Fbudimex-zacal-rozirovanie-terminlu-na-letisku-katowice-pyrzowice%2F\" target=\"_blank\" rel=\"nofollow\">\n                    <span class=\"card-share__linkIcon icon icon-x\"><\/span>\n                <\/a>\n            <\/div>\n        <\/div>\n    <\/div>\n<\/div>                            <\/p>\n                                            <\/div>\n                                                                                    <div class=\"text-block__text text-editor\"><p><div><p class=\"MsoNormal\" style=\"text-align:justify;margin-bottom:0cm\"><strong><span style=\"color:gray\">Najv\u00e4\u010d\u0161\u00ed gener\u00e1lny dod\u00e1vate\u013e v Po\u013esku za\u010dal na \u017eiados\u0165 Hornosliezskej leteckej spolo\u010dnosti SA roz\u0161irova\u0165 osobn\u00fd termin\u00e1l C na letisku Katowice v Pyrzowiciach. V r\u00e1mci formuly &#8220;navrhn\u00fa\u0165 a postavi\u0165&#8221; spolo\u010dnos\u0165 vypracuje kompletn\u00fa, multidisciplin\u00e1rnu n\u00e1vrhov\u00fa dokument\u00e1ciu a vykon\u00e1 stavebn\u00e9 pr\u00e1ce s\u00favisiace s roz\u0161\u00edren\u00edm termin\u00e1lu na z\u00e1padnej strane a roz\u0161\u00edren\u00edm susednej plochy. Hodnota kontraktu je 34,8 mili\u00f3na PLN \u010disto a dokon\u010denie pr\u00e1c je napl\u00e1novan\u00e9 na m\u00e1j 2027.<\/span><\/strong><\/p><p class=\"MsoNormal\" style=\"text-align:justify;margin-bottom:0cm\"><span style=\"color:gray\">&nbsp;<\/span><\/p><p class=\"MsoNormal\" style=\"text-align:justify;margin-bottom:0cm\"><span style=\"color:gray\">Termin\u00e1l C sl\u00fa\u017ei cestuj\u00facim prich\u00e1dzaj\u00facim z kraj\u00edn patriacich do Schengensk\u00e9ho priestoru aj z jeho zahrani\u010dia. Invest\u00edcia m\u00e1 zv\u00fd\u0161i\u0165 kapacitu zariadenia, zlep\u0161i\u0165 osobn\u00fa dopravu a zlep\u0161i\u0165 komfort vyu\u017e\u00edvania infra\u0161trukt\u00fary letiska. Projekt po\u010d\u00edta s pred\u013a\u017een\u00edm termin\u00e1lu na z\u00e1pad pribli\u017ene o 79 metrov. Nov\u00e1 \u010das\u0165 bude ma\u0165 pribli\u017ene 3,4 tis\u00edc m\u00b2 vyu\u017eite\u013enej plochy a po dokon\u010den\u00ed invest\u00edcie bude plocha cel\u00e9ho termin\u00e1lu presahova\u0165 10,4 tis\u00edc m\u00b2. Jeho celkov\u00e1 d\u013a\u017eka sa zv\u00fd\u0161i na pribli\u017ene 235 metrov.<\/span><\/p><p class=\"MsoNormal\" style=\"text-align:justify;margin-bottom:0cm\"><span style=\"color:gray\">&nbsp;<\/span><\/p><p class=\"MsoNormal\" style=\"text-align:justify;margin-bottom:0cm\"><span style=\"color:gray\">Zmeny bud\u00fa zah\u0155\u0148a\u0165 aj halu pre vyzdvihnutie bato\u017einy. Po\u010det p\u00e1sov pre bato\u017einu sa zv\u00fd\u0161i&nbsp;z troch na p\u00e4\u0165 a jeden z nov\u00fdch p\u00e1sov bude prisp\u00f4soben\u00fd na lety prev\u00e1dzkovan\u00e9 \u0161irokotrup\u00fdmi lietadlami, pri\u010dom na palubu prevezme viac ako 300 cestuj\u00facich. V termin\u00e1li bude tie\u017e vybudovan\u00e9 nov\u00e9, roz\u0161\u00edren\u00e9 sanit\u00e1rne zariadenie.<\/span><\/p><p class=\"MsoNormal\" style=\"text-align:justify;margin-bottom:0cm\"><span style=\"color:gray\">&nbsp;<\/span><\/p><p class=\"MsoNormal\" style=\"text-align:justify;margin-bottom:0cm\"><em><span style=\"color:gray\">&#8220;Za\u010d\u00edname realiz\u00e1ciu invest\u00edcie do zariadenia, ktor\u00e9 mus\u00ed zachova\u0165 pln\u00fa prev\u00e1dzkov\u00fa kontinuitu po\u010das cel\u00e9ho trvania pr\u00e1c. Ako Budimex m\u00e1me sk\u00fasenosti s implement\u00e1ciou a moderniz\u00e1ciou letiskovej infra\u0161trukt\u00fary v Po\u013esku, \u010do n\u00e1m umo\u017e\u0148uje efekt\u00edvne vykon\u00e1va\u0165 tento typ pr\u00e1ce v n\u00e1ro\u010dnom prostred\u00ed akt\u00edvneho letiska. Realiz\u00e1cia invest\u00edcie zv\u00fd\u0161i kapacitu termin\u00e1lu, zlep\u0161\u00ed spracovanie prich\u00e1dzaj\u00facej dopravy a poskytne cestuj\u00facim funk\u010dnej\u0161\u00ed a pohodlnej\u0161\u00ed priestor,&#8221;<\/span><\/em><span style=\"color:gray\"> <strong>hovor\u00ed Tomasz Bz\u00f3wka, mana\u017e\u00e9r zmluvnej skupiny v Budimex SA.<\/strong><\/span><\/p><p class=\"MsoNormal\" style=\"text-align:justify;margin-bottom:0cm\"><strong><span style=\"color:gray\">&nbsp;<\/span><\/strong><\/p><p class=\"MsoNormal\" style=\"text-align:justify;margin-bottom:0cm\"><span style=\"color:gray\">Realiz\u00e1cia bola rozdelen\u00e1 do dvoch f\u00e1z, ktor\u00e9 umo\u017enia zachova\u0165 kontinuitu prev\u00e1dzky pr\u00edletov\u00e9ho termin\u00e1lu po\u010das pr\u00e1c. V prvej f\u00e1ze bude vytvoren\u00e1 nov\u00e1 \u010das\u0165 budovy s nov\u00fdm vchodom pre cestuj\u00facich prich\u00e1dzaj\u00facich spoza schengensk\u00e9ho priestoru, presunutou hrani\u010dnou kontrolou a novou bato\u017einovou miestnos\u0165ou. Po uveden\u00ed tejto \u010dasti do prev\u00e1dzky sa za\u010dne rekon\u0161trukcia existuj\u00facich priestorov, vr\u00e1tane okrem in\u00e9ho zru\u0161enia existuj\u00facej hrani\u010dnej kontrolnej z\u00f3ny a \u010fal\u0161ieho roz\u0161\u00edrenia bato\u017einovej haly a bato\u017einov\u00fdch priestorov.<\/span><\/p><p class=\"MsoNormal\" style=\"text-align:justify;margin-bottom:0cm\"><span style=\"color:gray\">&nbsp;<\/span><\/p><p class=\"MsoNormal\" style=\"text-align:justify;margin-bottom:0cm\"><span style=\"color:gray\">Letisko Katowice je d\u00f4le\u017eit\u00fdm prvkom po\u013esk\u00e9ho dopravn\u00e9ho syst\u00e9mu. V roku 2025 letisko odbavilo rekordn\u00fdch 7,3 mili\u00f3na cestuj\u00facich a dosiahlo najlep\u0161\u00ed v\u00fdsledok vo svojej hist\u00f3rii v oblasti n\u00e1kladnej dopravy. Roz\u0161\u00edrenie Termin\u00e1lu C je \u010fal\u0161\u00edm projektom, prostredn\u00edctvom ktor\u00e9ho Budimex podporuje rozvoj strategickej infra\u0161trukt\u00fary v Po\u013esku. Medzi najnov\u0161ie projekty spolo\u010dnosti v leteckom sektore patr\u00ed simul\u00e1tor a \u0161koliace centrum postaven\u00e9 v bl\u00edzkosti letiska Krak\u00f3w a zmluva na v\u00fdstavbu z\u00e1kladov termin\u00e1lu pre cestuj\u00facich Pr\u00edstavu Po\u013esko. Tieto projekty potvrdzuj\u00fa konzistentn\u00fd z\u00e1v\u00e4zok Budimexu k rozvoju po\u013eskej dopravnej infra\u0161trukt\u00fary, a to na n\u00e1rodnej aj region\u00e1lnej \u00farovni.<\/span><\/p><p class=\"MsoNormal\" style=\"text-align:justify;margin-bottom:0cm\">&nbsp;<\/p><p class=\"MsoNormal\" style=\"text-align:justify;margin-bottom:0cm\">&nbsp;<\/p><\/div><\/p>\n<\/div>\n                            <\/div>\n                                                                                                                                <\/div>\n    <\/div>\n<\/section> \n    <section id=\"block_827db5aa4b9eb4caa9144ac1fa9699f0\" class=\"gallery-section section-margin-120\" data-per-page=\"8\" data-per-row=\"4\" data-type=\"zdjecia\">\n        <div class=\"container\">\n            <div class=\"row\">\n                                    <div class=\"col-24\">\n                        <h2 class=\"gallery-section__title under-h2\">Gal&eacute;ria<\/h2>\n                    <\/div>\n                            <\/div>\n            <div class=\"row\">\n                <div class=\"col-24\">\n                                                                        <div class=\"gallery-section__grid gallery-section__grid--4\">\n                                \n                        <div class=\"gallery-section__image gallery-section__image--single\">\n                <a href=\"https:\/\/bdm-stg.mda.pl\/app\/uploads\/2026\/08\/zrzut_ekranu_2026_08_27_134050-31.png\">\n                                        <img loading=\"lazy\" decoding=\"async\" width=\"1217\" height=\"756\" src=\"https:\/\/bdm-stg.mda.pl\/app\/uploads\/2026\/08\/zrzut_ekranu_2026_08_27_134050-31.png\" class=\"attachment-full size-full\" alt=\"\" \/>                                    <\/a>\n                            <\/div>\n                                <div class=\"gallery-section__image gallery-section__image--single\">\n                <a href=\"https:\/\/bdm-stg.mda.pl\/app\/uploads\/2026\/08\/zrzut_ekranu_2026_08_27_134212-31.png\">\n                                        <img loading=\"lazy\" decoding=\"async\" width=\"1332\" height=\"806\" src=\"https:\/\/bdm-stg.mda.pl\/app\/uploads\/2026\/08\/zrzut_ekranu_2026_08_27_134212-31.png\" class=\"attachment-full size-full\" alt=\"\" \/>                                    <\/a>\n                            <\/div>\n                                <div class=\"gallery-section__image gallery-section__image--single\">\n                <a href=\"https:\/\/bdm-stg.mda.pl\/app\/uploads\/2026\/08\/zrzut_ekranu_2026_08_27_134304-31.png\">\n                                        <img loading=\"lazy\" decoding=\"async\" width=\"1331\" height=\"813\" src=\"https:\/\/bdm-stg.mda.pl\/app\/uploads\/2026\/08\/zrzut_ekranu_2026_08_27_134304-31.png\" class=\"attachment-full size-full\" alt=\"\" \/>                                    <\/a>\n                            <\/div>\n            \n                            <\/div>\n                                                                                        <\/div>\n            <\/div>\n        <\/div>\n    <\/section>\n ","protected":false},"excerpt":{"rendered":"","protected":false},"featured_media":0,"parent":0,"template":"","press_type":[],"acf":[],"yoast_head":"<!-- This site is optimized with the Yoast SEO plugin v22.5 - https:\/\/yoast.com\/wordpress\/plugins\/seo\/ -->\n<title>Budimex za\u010dal roz&scaron;irovanie termin&aacute;lu na letisku Katowice-Pyrzowice - Budimex<\/title>\n<meta name=\"robots\" content=\"noindex, follow, max-snippet:-1, max-image-preview:large, max-video-preview:-1\" \/>\n<meta property=\"og:locale\" content=\"sk_SK\" \/>\n<meta property=\"og:type\" content=\"article\" \/>\n<meta property=\"og:title\" content=\"Budimex za\u010dal roz&scaron;irovanie termin&aacute;lu na letisku Katowice-Pyrzowice - Budimex\" \/>\n<meta property=\"og:url\" content=\"https:\/\/bdm-stg.mda.pl\/sk\/informacje-prasowe\/budimex-zacal-rozirovanie-terminlu-na-letisku-katowice-pyrzowice\/\" \/>\n<meta property=\"og:site_name\" content=\"Budimex\" \/>\n<meta property=\"article:modified_time\" content=\"2026-08-28T12:29:00+00:00\" \/>\n<meta name=\"twitter:card\" content=\"summary_large_image\" \/>\n<script type=\"application\/ld+json\" class=\"yoast-schema-graph\">{\"@context\":\"https:\/\/schema.org\",\"@graph\":[{\"@type\":\"WebPage\",\"@id\":\"https:\/\/bdm-stg.mda.pl\/sk\/informacje-prasowe\/budimex-zacal-rozirovanie-terminlu-na-letisku-katowice-pyrzowice\/\",\"url\":\"https:\/\/bdm-stg.mda.pl\/sk\/informacje-prasowe\/budimex-zacal-rozirovanie-terminlu-na-letisku-katowice-pyrzowice\/\",\"name\":\"Budimex za\u010dal roz&scaron;irovanie termin&aacute;lu na letisku Katowice-Pyrzowice - Budimex\",\"isPartOf\":{\"@id\":\"https:\/\/bdm-stg.mda.pl\/sk\/#website\"},\"datePublished\":\"2026-08-27T11:53:37+00:00\",\"dateModified\":\"2026-08-28T12:29:00+00:00\",\"breadcrumb\":{\"@id\":\"https:\/\/bdm-stg.mda.pl\/sk\/informacje-prasowe\/budimex-zacal-rozirovanie-terminlu-na-letisku-katowice-pyrzowice\/#breadcrumb\"},\"inLanguage\":\"sk-SK\",\"potentialAction\":[{\"@type\":\"ReadAction\",\"target\":[\"https:\/\/bdm-stg.mda.pl\/sk\/informacje-prasowe\/budimex-zacal-rozirovanie-terminlu-na-letisku-katowice-pyrzowice\/\"]}]},{\"@type\":\"BreadcrumbList\",\"@id\":\"https:\/\/bdm-stg.mda.pl\/sk\/informacje-prasowe\/budimex-zacal-rozirovanie-terminlu-na-letisku-katowice-pyrzowice\/#breadcrumb\",\"itemListElement\":[{\"@type\":\"ListItem\",\"position\":1,\"name\":\"Strona g\u0142\u00f3wna\",\"item\":\"https:\/\/bdm-stg.mda.pl\/sk\/\"},{\"@type\":\"ListItem\",\"position\":2,\"name\":\"Budimex za\u010dal roz&scaron;irovanie termin&aacute;lu na letisku Katowice-Pyrzowice\"}]},{\"@type\":\"WebSite\",\"@id\":\"https:\/\/bdm-stg.mda.pl\/sk\/#website\",\"url\":\"https:\/\/bdm-stg.mda.pl\/sk\/\",\"name\":\"Budimex\",\"description\":\"\",\"potentialAction\":[{\"@type\":\"SearchAction\",\"target\":{\"@type\":\"EntryPoint\",\"urlTemplate\":\"https:\/\/bdm-stg.mda.pl\/sk\/?s={search_term_string}\"},\"query-input\":\"required name=search_term_string\"}],\"inLanguage\":\"sk-SK\"}]}<\/script>\n<!-- \/ Yoast SEO plugin. -->","yoast_head_json":{"title":"Budimex za\u010dal roz&scaron;irovanie termin&aacute;lu na letisku Katowice-Pyrzowice - Budimex","robots":{"index":"noindex","follow":"follow","max-snippet":"max-snippet:-1","max-image-preview":"max-image-preview:large","max-video-preview":"max-video-preview:-1"},"og_locale":"sk_SK","og_type":"article","og_title":"Budimex za\u010dal roz&scaron;irovanie termin&aacute;lu na letisku Katowice-Pyrzowice - Budimex","og_url":"https:\/\/bdm-stg.mda.pl\/sk\/informacje-prasowe\/budimex-zacal-rozirovanie-terminlu-na-letisku-katowice-pyrzowice\/","og_site_name":"Budimex","article_modified_time":"2026-08-28T12:29:00+00:00","twitter_card":"summary_large_image","schema":{"@context":"https:\/\/schema.org","@graph":[{"@type":"WebPage","@id":"https:\/\/bdm-stg.mda.pl\/sk\/informacje-prasowe\/budimex-zacal-rozirovanie-terminlu-na-letisku-katowice-pyrzowice\/","url":"https:\/\/bdm-stg.mda.pl\/sk\/informacje-prasowe\/budimex-zacal-rozirovanie-terminlu-na-letisku-katowice-pyrzowice\/","name":"Budimex za\u010dal roz&scaron;irovanie termin&aacute;lu na letisku Katowice-Pyrzowice - Budimex","isPartOf":{"@id":"https:\/\/bdm-stg.mda.pl\/sk\/#website"},"datePublished":"2026-08-27T11:53:37+00:00","dateModified":"2026-08-28T12:29:00+00:00","breadcrumb":{"@id":"https:\/\/bdm-stg.mda.pl\/sk\/informacje-prasowe\/budimex-zacal-rozirovanie-terminlu-na-letisku-katowice-pyrzowice\/#breadcrumb"},"inLanguage":"sk-SK","potentialAction":[{"@type":"ReadAction","target":["https:\/\/bdm-stg.mda.pl\/sk\/informacje-prasowe\/budimex-zacal-rozirovanie-terminlu-na-letisku-katowice-pyrzowice\/"]}]},{"@type":"BreadcrumbList","@id":"https:\/\/bdm-stg.mda.pl\/sk\/informacje-prasowe\/budimex-zacal-rozirovanie-terminlu-na-letisku-katowice-pyrzowice\/#breadcrumb","itemListElement":[{"@type":"ListItem","position":1,"name":"Strona g\u0142\u00f3wna","item":"https:\/\/bdm-stg.mda.pl\/sk\/"},{"@type":"ListItem","position":2,"name":"Budimex za\u010dal roz&scaron;irovanie termin&aacute;lu na letisku Katowice-Pyrzowice"}]},{"@type":"WebSite","@id":"https:\/\/bdm-stg.mda.pl\/sk\/#website","url":"https:\/\/bdm-stg.mda.pl\/sk\/","name":"Budimex","description":"","potentialAction":[{"@type":"SearchAction","target":{"@type":"EntryPoint","urlTemplate":"https:\/\/bdm-stg.mda.pl\/sk\/?s={search_term_string}"},"query-input":"required name=search_term_string"}],"inLanguage":"sk-SK"}]}},"_links":{"self":[{"href":"https:\/\/bdm-stg.mda.pl\/sk\/wp-json\/wp\/v2\/press\/439893"}],"collection":[{"href":"https:\/\/bdm-stg.mda.pl\/sk\/wp-json\/wp\/v2\/press"}],"about":[{"href":"https:\/\/bdm-stg.mda.pl\/sk\/wp-json\/wp\/v2\/types\/press"}],"version-history":[{"count":3,"href":"https:\/\/bdm-stg.mda.pl\/sk\/wp-json\/wp\/v2\/press\/439893\/revisions"}],"predecessor-version":[{"id":440946,"href":"https:\/\/bdm-stg.mda.pl\/sk\/wp-json\/wp\/v2\/press\/439893\/revisions\/440946"}],"wp:attachment":[{"href":"https:\/\/bdm-stg.mda.pl\/sk\/wp-json\/wp\/v2\/media?parent=439893"}],"wp:term":[{"taxonomy":"press_type","embeddable":true,"href":"https:\/\/bdm-stg.mda.pl\/sk\/wp-json\/wp\/v2\/press_type?post=439893"}],"curies":[{"name":"wp","href":"https:\/\/api.w.org\/{rel}","templated":true}]}}